{"id":20621,"date":"2017-07-17T10:30:18","date_gmt":"2017-07-17T13:30:18","guid":{"rendered":"http:\/\/fachodeluz.blog.br\/wp\/?p=20621"},"modified":"2017-07-17T16:22:17","modified_gmt":"2017-07-17T19:22:17","slug":"ninguem-e-deus-sozinho","status":"publish","type":"post","link":"https:\/\/www.fachodeluz.blog.br\/wp\/2017\/07\/17\/ninguem-e-deus-sozinho\/","title":{"rendered":"Ningu\u00e9m \u00c9 Deus Sozinho!"},"content":{"rendered":"<h2 style=\"text-align: center;\"><span style=\"color: #3e7478;\"><a style=\"color: #3e7478;\" href=\"https:\/\/i0.wp.com\/fachodeluz.blog.br\/wp\/wp-content\/uploads\/2017\/07\/Homem-com-pequeno-Cosmo.gif\"><img data-recalc-dims=\"1\" loading=\"lazy\" decoding=\"async\" loading=\"lazy\" class=\"aligncenter size-full wp-image-20622\" src=\"https:\/\/i0.wp.com\/fachodeluz.blog.br\/wp\/wp-content\/uploads\/2017\/07\/Homem-com-pequeno-Cosmo.gif?resize=455%2C633\" alt=\"Homem com pequeno Cosmo\" width=\"455\" height=\"633\" \/><\/a><\/span><\/h2>\n<h2 style=\"text-align: center;\"><span style=\"color: #3e7478;\">Ao ser apedrejado pelos judeus, Jesus perguntou a eles:<strong><em> \u201cPor qual de minhas obras me apedrejais?\u201d.<\/em> <\/strong>E \u00a0lhe responderam:<strong><em> \u201cN\u00e3o \u00e9 por tuas obras, mas, porque, sendo homem, te fazes Deus!\u201d.<\/em><\/strong> Teria Jesus respondido: <strong><em>\u201cE sou mesmo Deus?\u201d<\/em><\/strong> N\u00e3o. Sua resposta abrangeu a divindade sendo todos eles:<strong><em> \u201cN\u00e3o est\u00e1 escrito na vossa lei:<\/em> <\/strong>Eu disse: <strong><em>Sois deuses?<\/em> <em>Pois, se a lei chamou deuses \u00e0queles a quem a palavra de Deus foi dirigida, e a Escritura n\u00e3o pode ser anulada, <\/em><\/strong><strong><em>\u00e0quele a quem o Pai santificou, e enviou ao mundo, v\u00f3s dizeis: Blasfemas, porque disse: Sou Filho de Deus?\u201d<\/em> <\/strong>(Jo\u00e3o 10: 34-36).<\/span><\/h2>\n<h2 style=\"text-align: center;\"><span style=\"color: #3e7478;\"><strong><em>Ningu\u00e9m \u00e9 Deus sozinho!<\/em><\/strong> Isto porque DEUS \u00c9 TUDO! Jesus, conhecendo a <strong><em>totalidade de Deus,<\/em> <\/strong>via Deus nele pr\u00f3prio e, igualmente, via Deus em todos os demais, inclusive naqueles iludidos pela \u201cmente carnal\u201d, e que se consideravam, erroneamente, \u201ccarnais nascidos\u201d num fantasioso e ilus\u00f3rio \u201cmundo material\u201d.<\/span><\/h2>\n<h2 style=\"text-align: center;\"><span style=\"color: #3e7478;\">Vivenciando o Universo de Luz Infinita, Buda declarou:<strong><em> \u201cEu SOU o \u00fanico iluminado em todo o Universo!\u201d.<\/em><\/strong><\/span><\/h2>\n<h2 style=\"text-align: center;\"><span style=\"color: #3e7478;\">\u00a0Como disse s\u00e9culos depois Jesus, pregava a <strong><em>\u201cUnidade Perfeita\u201d,<\/em><\/strong> ou seja, a TOTALIDADE DE DEUS <em>COMO<\/em> O &#8220;EU SOU INFINITO&#8221;, mas sendo, tamb\u00e9m, erroneamente entendido e idolatrado como\u00a0 &#8220;um ser pessoal iluminado\u201d!<\/span><\/h2>\n<h2 style=\"text-align: center;\"><span style=\"color: #3e7478;\">Somos DEUSES porque DEUS \u00c9 TUDO! O plural, DEUSES, faz a alus\u00e3o \u00e0s INDIVIDUALIDADES DISTINTAS que todos somos,\u00a0 INSEPARAVELMENTE DE DEUS, assim como disse Jesus, fazendo a analogia com a Videira:\u00a0 <strong><em>O PAI \u00c9 O AGRICULTOR, E CADA UM DE VOC\u00caS \u00c9 UM RAMO DE SUA VIDEIRA!<\/em><\/strong> <\/span><\/h2>\n<h2 style=\"text-align: center;\"><span style=\"color: #3e7478;\">Somente DEUS \u00e9 Realidade, e o FATO de sermos DEUSES decorre desta Verdade Absoluta!<\/span><\/h2>\n<h2 style=\"text-align: center;\"><span style=\"color: #3e7478;\">N\u00e3o existe nenhum \u201cmundo do pai da mentira\u201d! Caso existisse, seria verdadeiro! Esta horrenda ILUS\u00c3O \u00e9 desmantelada pelo RECONHECIMENTO da <em>TOTALIDADE<\/em> E <em>UNICIDADE<\/em> DE DEUS! \u00c9 quando cada um se v\u00ea apto a declarar com Jesus:<strong><em> \u201cAQUELE QUE ME V\u00ca A MIM, V\u00ca O PAI\u201d,<\/em> <\/strong>ou apto a declarar com Buda:<strong><em> \u201cEU SOU O \u00daNICO SER ILUMINADO EM TODO O UNIVERSO!\u201d.<\/em><\/strong><\/span><\/h2>\n<h2 style=\"text-align: center;\"><span style=\"color: #3e7478;\">Tais declara\u00e7\u00f5es s\u00e3o o DESPERTAR, o RENASCIMENTO! E S\u00c3O A VERDADE QUE TEMOS SIDO &#8211; <strong><em>E QUE SOMOS<\/em> <\/strong>&#8211;\u00a0 \u201cDESDE O PRINC\u00cdPIO\u201d! EM <strong><em>\u201cUNIDADE PERFEITA\u201d!<\/em><\/strong><\/span><\/h2>\n<h2 style=\"text-align: center;\"><span style=\"color: #3e7478;\">GRAVE BEM: NINGU\u00c9M \u00c9 DEUS SOZINHO! <strong><em>DEUS \u00c9 TUDO!<\/em><\/strong><\/span><\/h2>\n<h2 style=\"text-align: center;\"><span style=\"color: #3e7478;\">*<\/span><\/h2>\n<h2 style=\"text-align: center;\"><\/h2>\n","protected":false},"excerpt":{"rendered":"<p>Ao ser apedrejado pelos judeus, Jesus perguntou a eles: \u201cPor qual de minhas obras me apedrejais?\u201d. E \u00a0lhe responderam: \u201cN\u00e3o \u00e9 por tuas obras, mas, porque, sendo homem, te fazes Deus!\u201d. Teria Jesus respondido: \u201cE sou mesmo Deus?\u201d N\u00e3o. Sua resposta abrangeu a divindade sendo todos eles: \u201cN\u00e3o est\u00e1 escrito na vossa lei: Eu disse: &hellip; <\/p>\n<p class=\"link-more\"><a href=\"https:\/\/www.fachodeluz.blog.br\/wp\/2017\/07\/17\/ninguem-e-deus-sozinho\/\" class=\"more-link\">Leia mais<span class=\"screen-reader-text\"> &#8220;Ningu\u00e9m \u00c9 Deus Sozinho!&#8221;<\/span><\/a><\/p>\n","protected":false},"author":2,"featured_media":0,"comment_status":"open","ping_status":"closed","sticky":false,"template":"","format":"standard","meta":{"nf_dc_page":"","_crdt_document":"","footnotes":""},"categories":[10],"tags":[],"class_list":["post-20621","post","type-post","status-publish","format-standard","hentry","category-darcio-dezolt"],"featured_media_urls":[],"_links":{"self":[{"href":"https:\/\/www.fachodeluz.blog.br\/wp\/wp-json\/wp\/v2\/posts\/20621","targetHints":{"allow":["GET"]}}],"collection":[{"href":"https:\/\/www.fachodeluz.blog.br\/wp\/wp-json\/wp\/v2\/posts"}],"about":[{"href":"https:\/\/www.fachodeluz.blog.br\/wp\/wp-json\/wp\/v2\/types\/post"}],"author":[{"embeddable":true,"href":"https:\/\/www.fachodeluz.blog.br\/wp\/wp-json\/wp\/v2\/users\/2"}],"replies":[{"embeddable":true,"href":"https:\/\/www.fachodeluz.blog.br\/wp\/wp-json\/wp\/v2\/comments?post=20621"}],"version-history":[{"count":0,"href":"https:\/\/www.fachodeluz.blog.br\/wp\/wp-json\/wp\/v2\/posts\/20621\/revisions"}],"wp:attachment":[{"href":"https:\/\/www.fachodeluz.blog.br\/wp\/wp-json\/wp\/v2\/media?parent=20621"}],"wp:term":[{"taxonomy":"category","embeddable":true,"href":"https:\/\/www.fachodeluz.blog.br\/wp\/wp-json\/wp\/v2\/categories?post=20621"},{"taxonomy":"post_tag","embeddable":true,"href":"https:\/\/www.fachodeluz.blog.br\/wp\/wp-json\/wp\/v2\/tags?post=20621"}],"curies":[{"name":"wp","href":"https:\/\/api.w.org\/{rel}","templated":true}]}}