{"id":20636,"date":"2017-07-19T10:40:55","date_gmt":"2017-07-19T13:40:55","guid":{"rendered":"http:\/\/fachodeluz.blog.br\/wp\/?p=20636"},"modified":"2017-07-19T11:26:08","modified_gmt":"2017-07-19T14:26:08","slug":"o-segredo-absoluto-do-salmo-91","status":"publish","type":"post","link":"https:\/\/www.fachodeluz.blog.br\/wp\/2017\/07\/19\/o-segredo-absoluto-do-salmo-91\/","title":{"rendered":"O Segredo Absoluto do Salmo 91"},"content":{"rendered":"<h3 style=\"text-align: center;\"><span style=\"color: #4d5937;\"><a style=\"color: #4d5937;\" href=\"https:\/\/i0.wp.com\/fachodeluz.blog.br\/wp\/wp-content\/uploads\/2017\/07\/seteconselhos.gif\"><img data-recalc-dims=\"1\" loading=\"lazy\" decoding=\"async\" loading=\"lazy\" class=\"aligncenter size-full wp-image-20637\" src=\"https:\/\/i0.wp.com\/fachodeluz.blog.br\/wp\/wp-content\/uploads\/2017\/07\/seteconselhos.gif?resize=455%2C284\" alt=\"seteconselhos\" width=\"455\" height=\"284\" \/><\/a><\/span><\/h3>\n<h3 style=\"text-align: center;\"><span style=\"color: #4d5937;\"><em>\u00a0&#8220;Aquele que habita no esconderijo do Alt\u00edssimo, \u00e0 sombra do Onipotente descansar\u00e1\u201d.<\/em> <\/span><\/h3>\n<h3 style=\"text-align: center;\"><span style=\"color: #4d5937;\">Salmo 91: 1<\/span><\/h3>\n<h2 style=\"text-align: center;\"><span style=\"color: #4d5937;\">A identifica\u00e7\u00e3o com o \u201cmundo do pai da mentira\u201d leva a humanidade\u00a0 a DESCONSIDERAR o CRISTO que cada um <em>\u00c9,<\/em> fazendo com que a <em>ILUS\u00c3O<\/em> de \u201ccorpo carnal nascido\u201d,\u00a0 aparentemente sendo \u201calgu\u00e9m\u201d, fique sendo aceita e reconhecida como \u201cexist\u00eancia verdadeira\u201d. <\/span><\/h2>\n<h2 style=\"text-align: center;\"><span style=\"color: #4d5937;\">Cada um sempre esteve sendo o CRISTO,\u00a0 e as revela\u00e7\u00f5es b\u00edblicas declaram esta Verdade de in\u00fameras formas, por\u00e9m, sem que haja um interesse geral,\u00a0 real e marcante, no sentido de se \u00a0recha\u00e7ar esta mera \u201csugest\u00e3o hipn\u00f3tica\u201d para ser acatada a VERDADE PERMANENTE DECLARADA:<strong><em> \u201cE V\u00d3S TAMB\u00c9M TESTIFICAREIS, POIS, ESTIVESTES COMIGO DESDE O PRINC\u00cdPIO\u201d.<\/em><\/strong><\/span><\/h2>\n<h2 style=\"text-align: center;\"><span style=\"color: #4d5937;\">Esta Verdade j\u00e1 est\u00e1 viva e manifestada! \u00c9 TUDO o que est\u00e1 evidenciado, aqui e agora, raz\u00e3o pela qual o enfoque absolutista afirma categoricamente: <strong><em>\u201cDEUS \u00c9 TUDO, TUDO \u00c9 DEUS!\u201d.<\/em><\/strong><\/span><\/h2>\n<h2 style=\"text-align: center;\"><span style=\"color: #4d5937;\">O Salmo 91 assim diz: <strong><em>&#8220;Aquele que habita no esconderijo do Alt\u00edssimo, \u00e0 sombra do Onipotente descansar\u00e1\u201d.<\/em> <\/strong>Este primeiro vers\u00edculo revela os princ\u00edpios da Verdade Absoluta, ou seja, \u201chabitamos no Esconderijo do Alt\u00edssimo\u201d, como o CRISTO OCULTO NA UNIDADE CELESTIAL PERFEITA, enquanto, na \u201csombra vis\u00edvel\u201d, o suposto \u201cmundo de apar\u00eancias\u201d \u00e9 projetado, e nele <em>aparentamos existir,<\/em> raz\u00e3o pela qual\u00a0 com ela n\u00e3o nos identificamos, uma vez que \u201cnos veremos ali descansados\u201d, por\u00e9m, cientes que <strong><em>a Onia\u00e7\u00e3o nos INCLUI,<\/em> <\/strong>e nunca estas \u201csombras mortas\u201d, que se mostram projetadas e aparentando ser um \u201cmundo verdadeiro\u201d.<\/span><\/h2>\n<h2 style=\"text-align: center;\"><span style=\"color: #4d5937;\">Para nos livrar do <strong><em>\u201cmundo hipn\u00f3tico de sombras\u201d,<\/em><\/strong> o Salmista nos ensina a \u201chabitar em Deus\u201d, na Realidade eterna. Aquele se v\u00ea em Deus, \u00e9\u00a0 quem \u201caparecer\u00e1 \u201cdescansando\u00a0 \u00e0 SOMBRA DO ONIPOTENTE! N\u00e3o ser\u00e1 iludido pelo suposto \u201cmundo\u201d; tampouco se identificar\u00e1 com a \u201csua sombra em descanso\u201d! Saber\u00e1 a Verdade ensinada por Jesus: <strong><em>\u201cEu e o Pai somos um, e o mesmo!\u201d.<\/em><\/strong><\/span><\/h2>\n<h2 style=\"text-align: center;\"><span style=\"color: #4d5937;\">Este Salmo veio sendo interpretado a partir do \u201creferencial das sombras\u201d, raz\u00e3o pela qual n\u00e3o levou a humanidade a se perceber EM UNIDADE COM DEUS; antes, somente se percebeu como \u201csombra protegida pelo Alt\u00edssimo&#8221;! DEUS \u00c9 TUDO, E A VERDADE \u00c9 A QUE FOI TAMB\u00c9M REVELADA POR PAULO: <strong><em>\u201cNELE VIVEMOS, NOS MOVEMOS, E TEMOS O NOSSO SER\u201d.\u00a0<\/em> <\/strong><\/span><\/h2>\n<h2 style=\"text-align: center;\"><span style=\"color: #4d5937;\">Entenda o Salmo 91 a partir da TOTALIDADE DE DEUS; assim poder\u00e1 se posicionar no Referencial da Luz, E<strong><em> \u201cHABITAR NO ESCONDERIJO DO ALT\u00cdSSIMO\u201d,<\/em><\/strong> <strong><em>SEM QUE QUALQUER \u201cSOMBRA\u201d possa ser \u201cvista\u201d como \u201cALGO OU ALGU\u00c9M\u201d QUE DE VOC\u00ca FA\u00c7A PARTE!<\/em><\/strong><\/span><\/h2>\n<h2 style=\"text-align: center;\"><span style=\"color: #4d5937;\"><strong><em>*<\/em><\/strong><\/span><\/h2>\n","protected":false},"excerpt":{"rendered":"<p>\u00a0&#8220;Aquele que habita no esconderijo do Alt\u00edssimo, \u00e0 sombra do Onipotente descansar\u00e1\u201d. Salmo 91: 1 A identifica\u00e7\u00e3o com o \u201cmundo do pai da mentira\u201d leva a humanidade\u00a0 a DESCONSIDERAR o CRISTO que cada um \u00c9, fazendo com que a ILUS\u00c3O de \u201ccorpo carnal nascido\u201d,\u00a0 aparentemente sendo \u201calgu\u00e9m\u201d, fique sendo aceita e reconhecida como \u201cexist\u00eancia verdadeira\u201d. &hellip; <\/p>\n<p class=\"link-more\"><a href=\"https:\/\/www.fachodeluz.blog.br\/wp\/2017\/07\/19\/o-segredo-absoluto-do-salmo-91\/\" class=\"more-link\">Leia mais<span class=\"screen-reader-text\"> &#8220;O Segredo Absoluto do Salmo 91&#8221;<\/span><\/a><\/p>\n","protected":false},"author":2,"featured_media":0,"comment_status":"open","ping_status":"closed","sticky":false,"template":"","format":"standard","meta":{"nf_dc_page":"","_crdt_document":"","footnotes":""},"categories":[10],"tags":[],"class_list":["post-20636","post","type-post","status-publish","format-standard","hentry","category-darcio-dezolt"],"featured_media_urls":[],"_links":{"self":[{"href":"https:\/\/www.fachodeluz.blog.br\/wp\/wp-json\/wp\/v2\/posts\/20636","targetHints":{"allow":["GET"]}}],"collection":[{"href":"https:\/\/www.fachodeluz.blog.br\/wp\/wp-json\/wp\/v2\/posts"}],"about":[{"href":"https:\/\/www.fachodeluz.blog.br\/wp\/wp-json\/wp\/v2\/types\/post"}],"author":[{"embeddable":true,"href":"https:\/\/www.fachodeluz.blog.br\/wp\/wp-json\/wp\/v2\/users\/2"}],"replies":[{"embeddable":true,"href":"https:\/\/www.fachodeluz.blog.br\/wp\/wp-json\/wp\/v2\/comments?post=20636"}],"version-history":[{"count":0,"href":"https:\/\/www.fachodeluz.blog.br\/wp\/wp-json\/wp\/v2\/posts\/20636\/revisions"}],"wp:attachment":[{"href":"https:\/\/www.fachodeluz.blog.br\/wp\/wp-json\/wp\/v2\/media?parent=20636"}],"wp:term":[{"taxonomy":"category","embeddable":true,"href":"https:\/\/www.fachodeluz.blog.br\/wp\/wp-json\/wp\/v2\/categories?post=20636"},{"taxonomy":"post_tag","embeddable":true,"href":"https:\/\/www.fachodeluz.blog.br\/wp\/wp-json\/wp\/v2\/tags?post=20636"}],"curies":[{"name":"wp","href":"https:\/\/api.w.org\/{rel}","templated":true}]}}