{"id":20700,"date":"2017-08-02T11:24:39","date_gmt":"2017-08-02T14:24:39","guid":{"rendered":"http:\/\/fachodeluz.blog.br\/wp\/?p=20700"},"modified":"2017-08-02T15:16:45","modified_gmt":"2017-08-02T18:16:45","slug":"adore-o-pai-em-si-mesmo-no-agora-da-eternidade","status":"publish","type":"post","link":"https:\/\/www.fachodeluz.blog.br\/wp\/2017\/08\/02\/adore-o-pai-em-si-mesmo-no-agora-da-eternidade\/","title":{"rendered":"Fa\u00e7a Sua Identifica\u00e7\u00e3o Com O Agora Do Referencial Divino!"},"content":{"rendered":"<h2 style=\"text-align: center;\"><a href=\"https:\/\/i0.wp.com\/fachodeluz.blog.br\/wp\/wp-content\/uploads\/2017\/08\/tempo-buda2.gif\"><img data-recalc-dims=\"1\" loading=\"lazy\" decoding=\"async\" loading=\"lazy\" class=\"aligncenter size-full wp-image-20701\" src=\"https:\/\/i0.wp.com\/fachodeluz.blog.br\/wp\/wp-content\/uploads\/2017\/08\/tempo-buda2.gif?resize=455%2C274\" alt=\"tempo-buda2\" width=\"455\" height=\"274\" \/><\/a><\/h2>\n<h2 style=\"text-align: center;\"><span style=\"color: #4e4e63;\">A<em> ilus\u00e3o<\/em> de \u201ctempo\u201d,\u00a0 caso for aceita, permitir\u00e1 a todos a aceita\u00e7\u00e3o de nascimentos e mortes, que dependem do \u201ctempo&#8221; para se mostrar como acontecimentos e nos iludir. Como em DEUS TUDO \u00c9 PERMANENTE, e \u00e9 AGORA, <strong><em>o tempo e todas as supostas mudan\u00e7as nele ocorridas s\u00e3o puramente \u201cmiragens\u201d.<\/em><\/strong><\/span><\/h2>\n<h2 style=\"text-align: center;\"><span style=\"color: #4e4e63;\">Precisamos nos ater \u00e0 Subst\u00e2ncia divina onipresente, para que, com facilidade, descartemos as \u201cmiragens\u201d chamadas \u201cvelho homem e seus feitos\u201d. NADA QUE OCORRA \u201cNO TEMPO\u201d \u00c9 REAL, raz\u00e3o pela qual inexistem \u201cpecados&#8221;,\u00a0 &#8220;pecadores&#8221;, e &#8220;leis do carma&#8221;.<\/span><\/h2>\n<h2 style=\"text-align: center;\"><span style=\"color: #4e4e63;\">A extin\u00e7\u00e3o do tempo, pela admiss\u00e3o radical e plena da VERDADE DE QUE SOMENTE O AGORA ABSOLUTO \u00c9 REALIDADE, <strong><em>\u00e9 o referencial empregado por Jesus para a ningu\u00e9m &#8220;julgar pela carne&#8221;, a ningu\u00e9m &#8220;condenar ou culpar&#8221; e a ningu\u00e9m dizer &#8220;ter ele pai na terra&#8221;!<\/em><\/strong><\/span><\/h2>\n<h2 style=\"text-align: center;\"><span style=\"color: #4e4e63;\">Quando as mensagens do <strong><em>Facho de Luz<\/em><\/strong> revelam o CRISTO IMACULADO que AGORA todos somos, segundo a Vis\u00e3o divina, caso algu\u00e9m as leia se julgando pela carne, se identificando com a ilus\u00f3ria \u201cmente carnal\u201d, ou at\u00e9 mesmo acreditando <strong><em>agir como esta mente fraudulenta,<\/em><\/strong> a revela\u00e7\u00e3o lhe parecer\u00e1 falsa ou mentirosa. Por\u00e9m, assim como a \u201catividade de um sonhador&#8221;, <strong><em>em seu sonho,<\/em><\/strong> \u00e9 sempre irrealidade, os supostos \u201cfeitos\u201d do homem natural s\u00e3o todos irrealidades!<\/span><\/h2>\n<h2 style=\"text-align: center;\"><span style=\"color: #4e4e63;\"><strong><em>N\u00c3O EXISTE NINGU\u00c9M QUE N\u00c3O SEJA DEUS<\/em><\/strong> <em>VIVENDO,<\/em> AQUI E AGORA, EM SEU REINO ABSOLUTO, ATEMPORAL E PERFEITO! <strong><em>DEUS \u00c9 TUDO!<\/em><\/strong><\/span><\/h2>\n<h2 style=\"text-align: center;\"><span style=\"color: #4e4e63;\"><strong><em>\u201cAntes que Abra\u00e3o existisse, EU SOU\u201d,<\/em> <\/strong>disse Jesus. O Verbo reconhece o Fato no AGORA, raz\u00e3o pela qual \u00e9 empregado no presente do indicativo! E quando Jesus revela que <strong><em>\u201cestivemos COM ELE desde o princ\u00edpio\u201d,<\/em><\/strong> afirma ser este EU SOU\u00a0 o<strong><em> &#8220;EU SOU&#8221; QUE\u00a0 TODOS SOMOS!<\/em><\/strong><\/span><\/h2>\n<h2 style=\"text-align: center;\"><span style=\"color: #4e4e63;\">Toda vez que algu\u00e9m se associa com o \u201ctempo das apar\u00eancias\u201d, estar\u00e1 negando o AGORA EM QUE VIVE. Por qu\u00ea? Por acreditar em \u201cpassado, presente e futuro\u201d, por se identificar com o irreal \u201ceu nascido e seus feitos&#8221;, ou seja, por NEGAR O EVANGELHO E A VERDADE ABSOLUTA QUE O LIBERTA!<\/span><\/h2>\n<h2 style=\"text-align: center;\"><span style=\"color: #4e4e63;\"><strong><em>\u201cNegue-se a si mesmo, tome a sua cruz e me siga\u201d<\/em><\/strong> \u2013 disse Jesus. Esta nega\u00e7\u00e3o se refere ao \u201ceu nascido e seus feitos\u201d; \u201ctomar a cruz\u201d significa anular o tempo e se ver no AGORA;\u00a0 E SEGUIR\u00a0 JESUS \u00c9 SE CONTEMPLAR A PARTIR DO REFERENCIAL DIVINO, ATIVO NA ONIA\u00c7\u00c3O E N\u00c3O EM &#8220;MIRAGENS&#8221;, O QUE REVELA\u00a0 SERMOS TODOS UM! UMA <em>UNIDADE ESSENCIAL<\/em> QUE \u00c9 DEUS, <strong><em>ETERNAMENTE PERFEITA!<\/em><\/strong><\/span><\/h2>\n<h2 style=\"text-align: center;\"><span style=\"color: #4e4e63;\">\u00a0*<\/span><\/h2>\n","protected":false},"excerpt":{"rendered":"<p>A ilus\u00e3o de \u201ctempo\u201d,\u00a0 caso for aceita, permitir\u00e1 a todos a aceita\u00e7\u00e3o de nascimentos e mortes, que dependem do \u201ctempo&#8221; para se mostrar como acontecimentos e nos iludir. Como em DEUS TUDO \u00c9 PERMANENTE, e \u00e9 AGORA, o tempo e todas as supostas mudan\u00e7as nele ocorridas s\u00e3o puramente \u201cmiragens\u201d. Precisamos nos ater \u00e0 Subst\u00e2ncia divina &hellip; <\/p>\n<p class=\"link-more\"><a href=\"https:\/\/www.fachodeluz.blog.br\/wp\/2017\/08\/02\/adore-o-pai-em-si-mesmo-no-agora-da-eternidade\/\" class=\"more-link\">Leia mais<span class=\"screen-reader-text\"> &#8220;Fa\u00e7a Sua Identifica\u00e7\u00e3o Com O Agora Do Referencial Divino!&#8221;<\/span><\/a><\/p>\n","protected":false},"author":2,"featured_media":0,"comment_status":"open","ping_status":"closed","sticky":false,"template":"","format":"standard","meta":{"nf_dc_page":"","_crdt_document":"","footnotes":""},"categories":[10],"tags":[],"class_list":["post-20700","post","type-post","status-publish","format-standard","hentry","category-darcio-dezolt"],"featured_media_urls":[],"_links":{"self":[{"href":"https:\/\/www.fachodeluz.blog.br\/wp\/wp-json\/wp\/v2\/posts\/20700","targetHints":{"allow":["GET"]}}],"collection":[{"href":"https:\/\/www.fachodeluz.blog.br\/wp\/wp-json\/wp\/v2\/posts"}],"about":[{"href":"https:\/\/www.fachodeluz.blog.br\/wp\/wp-json\/wp\/v2\/types\/post"}],"author":[{"embeddable":true,"href":"https:\/\/www.fachodeluz.blog.br\/wp\/wp-json\/wp\/v2\/users\/2"}],"replies":[{"embeddable":true,"href":"https:\/\/www.fachodeluz.blog.br\/wp\/wp-json\/wp\/v2\/comments?post=20700"}],"version-history":[{"count":0,"href":"https:\/\/www.fachodeluz.blog.br\/wp\/wp-json\/wp\/v2\/posts\/20700\/revisions"}],"wp:attachment":[{"href":"https:\/\/www.fachodeluz.blog.br\/wp\/wp-json\/wp\/v2\/media?parent=20700"}],"wp:term":[{"taxonomy":"category","embeddable":true,"href":"https:\/\/www.fachodeluz.blog.br\/wp\/wp-json\/wp\/v2\/categories?post=20700"},{"taxonomy":"post_tag","embeddable":true,"href":"https:\/\/www.fachodeluz.blog.br\/wp\/wp-json\/wp\/v2\/tags?post=20700"}],"curies":[{"name":"wp","href":"https:\/\/api.w.org\/{rel}","templated":true}]}}