{"id":20720,"date":"2017-08-06T09:32:20","date_gmt":"2017-08-06T12:32:20","guid":{"rendered":"http:\/\/fachodeluz.blog.br\/wp\/?p=20720"},"modified":"2017-08-06T09:32:20","modified_gmt":"2017-08-06T12:32:20","slug":"a-sua-luz-resplandece-agora-2","status":"publish","type":"post","link":"https:\/\/www.fachodeluz.blog.br\/wp\/2017\/08\/06\/a-sua-luz-resplandece-agora-2\/","title":{"rendered":"A Sua Luz Resplandece Agora!"},"content":{"rendered":"<h2 style=\"text-align: center;\"><a href=\"https:\/\/i0.wp.com\/fachodeluz.blog.br\/wp\/wp-content\/uploads\/2017\/08\/libro1A.gif\"><img data-recalc-dims=\"1\" loading=\"lazy\" decoding=\"async\" loading=\"lazy\" class=\"aligncenter size-full wp-image-20721\" src=\"https:\/\/i0.wp.com\/fachodeluz.blog.br\/wp\/wp-content\/uploads\/2017\/08\/libro1A.gif?resize=455%2C251\" alt=\"libro1A\" width=\"455\" height=\"251\" \/><\/a><\/h2>\n<h2 style=\"text-align: center;\"><span style=\"color: #800080;\">O Universo, como o pr\u00f3prio nome diz, \u00e9 o UNO Se evidenciando como DIVERSOS. N\u00e3o h\u00e1 divis\u00f5es, sendo todas as manifesta\u00e7\u00f5es espec\u00edficas emanadas de SI MESMO, como UNIDADE. A Natureza do UNO \u00e9, necessariamente, a Natureza de cada \u201cmanifesta\u00e7\u00e3o\u201d, raz\u00e3o pela qual Jesus disse: <em>\u201cEu e o Pai somos UM\u2026 mas o Pai \u00e9 maior do que eu\u201d.<\/em><\/span><\/h2>\n<h2 style=\"text-align: center;\"><span style=\"color: #800080;\">Se entendermos o Universo como uma \u201cUnidade Infinita\u201d constitu\u00edda do VERBO DIVINO, n\u00e3o poderemos encontrar \u201cmat\u00e9ria\u201d e n\u00e3o poderemos encontrar nenhum \u201coutro\u201d; desse modo, perceberemos que a \u201cilus\u00e3o \u00e9 ilus\u00e3o\u201d. Unicamente \u201cEU\u201d estar\u00e1\u00a0 existindo, e este \u201cEU\u201d \u00e9 Luz espiritual onipresente!<\/span><\/h2>\n<h2 style=\"text-align: center;\"><span style=\"color: #800080;\">O mundo, visto a partir dos supostos \u201csentidos humanos\u201d, mostra a ILUS\u00c3O de seres avulsos, com suposta vida temporal aut\u00f4noma que \u201cnasce\u201d e que \u201cmorre\u201d. Quando a Verdade \u00e9 aceita, esta \u201cconceitua\u00e7\u00e3o\u201d fica vista como absurda, pois a Vida do UNO \u00e9 entendida como \u00fanica, em manifesta\u00e7\u00e3o permanente, perfeita e gloriosa.<em> \u201cQuando Cristo, que \u00e9 a nossa Vida, Se manifestar, v\u00f3s tamb\u00e9m vos manifestareis com ele em gl\u00f3ria\u201d<\/em> (Col. 3:4).<\/span><\/h2>\n<h2 style=\"text-align: center;\"><span style=\"color: #800080;\">Em termos absolutos,<em> \u201cmanifesta\u00e7\u00e3o\u201d<\/em> significa <em>\u201creconhecimento\u201d,<\/em> isto \u00e9, TUDO EST\u00c1 MANIFESTADO COMO REALIDADE ESPIRITUAL, E, PARA CADA SER, <em><strong>ISTO \u201cSE MANIFESTA\u201d AO SER RECONHECIDO!<\/strong><\/em><\/span><\/h2>\n<h2 style=\"text-align: center;\"><span style=\"color: #800080;\">A humanidade acredita em \u201cseres carnais\u201d,\u00a0 cren\u00e7a que \u00e9 uma ILUS\u00c3O! Est\u00e1 revelado que DEUS \u00c9 ESP\u00cdRITO, E QUE SOMOS DE SUA NATUREZA.<em> \u201cSem o Verbo \u2013 Deus \u2013 NADA DO QUE FOI FEITO SE FEZ\u201d<\/em> (Jo\u00e3o 1: 3). Desse modo, TUDO J\u00c1 EST\u00c1 FEITO E MANIFESTADO, \u2013 AQUI E AGORA \u2013 SOMENTE \u00c0 ESPERA DE <strong><em>\u201cSER RECONHECIDO\u201d.<\/em><\/strong><\/span><\/h2>\n<h2 style=\"text-align: center;\"><span style=\"color: #800080;\"><em>\u201cE A Luz resplandece nas trevas, E AS TREVAS N\u00c3O A COMPREENDERAM\u201d<\/em> (Jo\u00e3o 1: 5). Que significa isto? Jo\u00e3o explica que A SUA LUZ est\u00e1 resplandecendo AGORA, mas, para a suposta \u201cmente humana\u201d, ELA \u00c9 INCOMPREENS\u00cdVEL! MAS EST\u00c1 <em><strong>EVIDENCIADA<\/strong><\/em> COMO O CRISTO QUE VOC\u00ca \u00c9!<\/span><\/h2>\n<h2 style=\"text-align: center;\"><span style=\"color: #800080;\">O estudo da Verdade \u00e9 unicamente o despojamento da \u201cmente que n\u00e3o compreende o EU ILUMINADO que somos\u201d, pela radical IDENTIFICA\u00c7\u00c3O com a \u201cMente de Cristo\u201d que temos, e que \u00e9 <em>LUZ QUE <strong>COMPREENDE<\/strong> A LUZ.<\/em><\/span><\/h2>\n<h2 style=\"text-align: center;\"><span style=\"color: #800080;\">Por que os reveladores da Verdade dizem que SOMOS LUZ? Por empregarem a CONSCI\u00caNCIA ILUMINADA, CAPAZ DE RECONHECER O QUE SOMOS! E POR TEREM SE LIVRADO DA ILUS\u00d3RIA \u201cMENTE EM TREVAS\u201d, PARA A QUAL A \u201cNOSSA LUZ\u201d \u00c9 \u201cINCOMPREENS\u00cdVEL\u201d.<\/span><\/h2>\n<h2 style=\"text-align: center;\"><span style=\"color: #800080;\">Quando esta Verdade \u00e9 percebida, a express\u00e3o \u201ccora\u00e7\u00e3o de crian\u00e7a\u201d fica tamb\u00e9m aclarada em seu sentido. Por qu\u00ea? PORQUE VOC\u00ca FAR\u00c1 SUAS CONTEMPLA\u00c7\u00d5ES SE ADMITINDO COMO \u201cLUZ DIVINA\u201d, E N\u00c3O MAIS COMO A ILUS\u00d3RIA\u201dMENTE EM TREVAS\u201d ENTENDIA A SUA PRESEN\u00c7A! VOC\u00ca ESTAR\u00c1 SE ACEITANDO COMO DEUS O ENTENDE, COMO O FILHO AMADO E ETERNO DELE, COMO ELE PR\u00d3PRIO SE EVIDENCIANDO COMO FILHO!<\/span><\/h2>\n<h2 style=\"text-align: center;\"><span style=\"color: #800080;\">Grave bem: meditar com \u201ccora\u00e7\u00e3o de crian\u00e7a\u201d significa VOC\u00ca DESCARTAR A MENTE QUE INCOMPREENDE A SUA LUZ, ACEITANDO, SEM PESTANEJAR, QUE <strong><em>ESTA LUZ RESPLANDECE AGORA COMO VOC\u00ca!<\/em><\/strong><\/span><\/h2>\n<h2 style=\"text-align: center;\"><span style=\"color: #800080;\">*<\/span><\/h2>\n","protected":false},"excerpt":{"rendered":"<p>O Universo, como o pr\u00f3prio nome diz, \u00e9 o UNO Se evidenciando como DIVERSOS. N\u00e3o h\u00e1 divis\u00f5es, sendo todas as manifesta\u00e7\u00f5es espec\u00edficas emanadas de SI MESMO, como UNIDADE. A Natureza do UNO \u00e9, necessariamente, a Natureza de cada \u201cmanifesta\u00e7\u00e3o\u201d, raz\u00e3o pela qual Jesus disse: \u201cEu e o Pai somos UM\u2026 mas o Pai \u00e9 maior &hellip; <\/p>\n<p class=\"link-more\"><a href=\"https:\/\/www.fachodeluz.blog.br\/wp\/2017\/08\/06\/a-sua-luz-resplandece-agora-2\/\" class=\"more-link\">Leia mais<span class=\"screen-reader-text\"> &#8220;A Sua Luz Resplandece Agora!&#8221;<\/span><\/a><\/p>\n","protected":false},"author":2,"featured_media":0,"comment_status":"open","ping_status":"closed","sticky":false,"template":"","format":"standard","meta":{"nf_dc_page":"","_crdt_document":"","footnotes":""},"categories":[10],"tags":[],"class_list":["post-20720","post","type-post","status-publish","format-standard","hentry","category-darcio-dezolt"],"featured_media_urls":[],"_links":{"self":[{"href":"https:\/\/www.fachodeluz.blog.br\/wp\/wp-json\/wp\/v2\/posts\/20720","targetHints":{"allow":["GET"]}}],"collection":[{"href":"https:\/\/www.fachodeluz.blog.br\/wp\/wp-json\/wp\/v2\/posts"}],"about":[{"href":"https:\/\/www.fachodeluz.blog.br\/wp\/wp-json\/wp\/v2\/types\/post"}],"author":[{"embeddable":true,"href":"https:\/\/www.fachodeluz.blog.br\/wp\/wp-json\/wp\/v2\/users\/2"}],"replies":[{"embeddable":true,"href":"https:\/\/www.fachodeluz.blog.br\/wp\/wp-json\/wp\/v2\/comments?post=20720"}],"version-history":[{"count":0,"href":"https:\/\/www.fachodeluz.blog.br\/wp\/wp-json\/wp\/v2\/posts\/20720\/revisions"}],"wp:attachment":[{"href":"https:\/\/www.fachodeluz.blog.br\/wp\/wp-json\/wp\/v2\/media?parent=20720"}],"wp:term":[{"taxonomy":"category","embeddable":true,"href":"https:\/\/www.fachodeluz.blog.br\/wp\/wp-json\/wp\/v2\/categories?post=20720"},{"taxonomy":"post_tag","embeddable":true,"href":"https:\/\/www.fachodeluz.blog.br\/wp\/wp-json\/wp\/v2\/tags?post=20720"}],"curies":[{"name":"wp","href":"https:\/\/api.w.org\/{rel}","templated":true}]}}