{"id":20781,"date":"2017-08-18T12:29:45","date_gmt":"2017-08-18T15:29:45","guid":{"rendered":"http:\/\/fachodeluz.blog.br\/wp\/?p=20781"},"modified":"2017-08-18T12:29:45","modified_gmt":"2017-08-18T15:29:45","slug":"o-pai-e-maior-do-que-eu","status":"publish","type":"post","link":"https:\/\/www.fachodeluz.blog.br\/wp\/2017\/08\/18\/o-pai-e-maior-do-que-eu\/","title":{"rendered":"\u201cO Pai \u00c9 Maior Do Que Eu\u201d"},"content":{"rendered":"<p style=\"text-align: center;\"><a href=\"https:\/\/i0.wp.com\/fachodeluz.blog.br\/wp\/wp-content\/uploads\/2017\/08\/jc33.gif\"><img data-recalc-dims=\"1\" loading=\"lazy\" decoding=\"async\" loading=\"lazy\" class=\"aligncenter size-full wp-image-20782\" src=\"https:\/\/i0.wp.com\/fachodeluz.blog.br\/wp\/wp-content\/uploads\/2017\/08\/jc33.gif?resize=455%2C303\" alt=\"\" width=\"455\" height=\"303\" \/><\/a><\/p>\n<h3 style=\"text-align: center;\"><span style=\"color: #6a4691;\"><em>&#8220;Se me am\u00e1sseis, alegrar-vos-\u00edeis de que eu v\u00e1 para o Pai; porque o Pai \u00e9 maior do que eu&#8221;.<\/em> <\/span><\/h3>\n<h3 style=\"text-align: center;\"><span style=\"color: #6a4691;\">Jo\u00e3o 14:28<\/span><\/h3>\n<h2 style=\"text-align: center;\"><span style=\"color: #6a4691;\">A err\u00f4nea e arcaica no\u00e7\u00e3o de que haja \u201cseres viventes na mat\u00e9ria\u201d, com vidas e mentes pessoais apartadas de Deus, continua sendo aceita, inclusive por muitos dentre aqueles que se dizem \u201cestudantes da Verdade\u201d. \u00a0O motivo \u00e9 o seguinte: leem\u00a0 muito sobre a Verdade, entretanto, sem se enquadrarem no Esp\u00edrito divino que a vivifica!<\/span><\/h2>\n<h2 style=\"text-align: center;\"><span style=\"color: #6a4691;\">Disse Jesus: <strong><em>\u201cEu e o Pai somos um, mas o Pai \u00e9 maior do que eu\u201d.<\/em> <\/strong>Explicava a necessidade de contemplarmos a TOTALIDADE DE DEUS,\u00a0 com a nossa PRESEN\u00c7A DISTINTA\u00a0<strong><em> inclusa<\/em><\/strong> em Sua TOTALIDADE.<\/span><\/h2>\n<h2 style=\"text-align: center;\"><span style=\"color: #6a4691;\"><strong><em> \u201cO Pai \u00e9 maior do que eu\u201d,<\/em> <\/strong>disse Jesus, por reconhecer sua unidade com Deus, vivendo como FILHO DE DEUS, mas, reconhecendo sua INCLUS\u00c3O no Pai infinito! A percep\u00e7\u00e3o desta natureza e presen\u00e7a infinita de Deus \u00e9 o que nos traz a convic\u00e7\u00e3o de que O SUPOSTO MUNDO FENOM\u00caNICO \u00e9 puramente NADA! <strong><em>\u201cO PAI, SENDO\u00a0 INFINITO, E MAIOR DO QUE O FILHO, \u00c9 TUDO!\u201d.<\/em><\/strong><\/span><\/h2>\n<h2 style=\"text-align: center;\"><span style=\"color: #6a4691;\">Contemple o FATO PERMANENTE de que a Consci\u00eancia Iluminada do Pai, atuando como a SUA CONSCI\u00caNCIA, significa que DEUS, SENDO MAIOR DO QUE O SEU EU, <em><strong>INCLUI A CONSCI\u00caNCIA DO CRISTO QUE VOC\u00ca \u00c9!<\/strong> <\/em>CONTEMPLE ESTA UNIDADE DO PAI SENDO VOC\u00ca! CONTEMPLE A NATUREZA DO PAI SENDO A SUA NATUREZA!<\/span><\/h2>\n<h2 style=\"text-align: center;\"><span style=\"color: #6a4691;\"><em><strong>\u201cQuem cr\u00ea em mim, cr\u00ea n\u00e3o em mim, mas <\/strong>naquele<strong> que me enviou\u201d<\/strong> <\/em>(Jo\u00e3o 12: 44). Uma vez mais, Jesus nos alerta que DEVEMOS PERCEBER O CRISTO EM N\u00d3S, E N\u00c3O O CRISTO NELE, CIENTE DE QUE \u201cO PAI ABRANGE TODA A NOSSA EXIST\u00caNCIA&#8221;, INCLUSIVE AO SE MANIFESTAR COMO O CRISTO INDIVIDUAL QUE SOMOS!<\/span><\/h2>\n<h2 style=\"text-align: center;\"><span style=\"color: #6a4691;\">Estas \u201ccontempla\u00e7\u00f5es absolutas\u201d precisam ser praticadas com assiduidade e dedica\u00e7\u00e3o constante, para que, a todo momento, nos sintamos cumpridores\u00a0 da gloriosa revela\u00e7\u00e3o do ap\u00f3stolo Paulo: <em><strong>\u201cEm Deus vivemos, nos movemos e temos o nosso ser\u201d.<\/strong><\/em><\/span><\/h2>\n<h2 style=\"text-align: center;\"><span style=\"color: #6a4691;\">A Consci\u00eancia espiritual do Pai, onipresente e infinita, \u00e9 a &#8220;Mente de Cristo que temos&#8221;; <strong><em>e esta percep\u00e7\u00e3o constante \u00e9 o que desfaz a CREN\u00c7A EM EXIST\u00caNCIA MATERIAL!<\/em><\/strong><\/span><\/h2>\n<h2 style=\"text-align: center;\"><span style=\"color: #6a4691;\">*<\/span><\/h2>\n<p>&nbsp;<\/p>\n","protected":false},"excerpt":{"rendered":"<p>&#8220;Se me am\u00e1sseis, alegrar-vos-\u00edeis de que eu v\u00e1 para o Pai; porque o Pai \u00e9 maior do que eu&#8221;. Jo\u00e3o 14:28 A err\u00f4nea e arcaica no\u00e7\u00e3o de que haja \u201cseres viventes na mat\u00e9ria\u201d, com vidas e mentes pessoais apartadas de Deus, continua sendo aceita, inclusive por muitos dentre aqueles que se dizem \u201cestudantes da Verdade\u201d. &hellip; <\/p>\n<p class=\"link-more\"><a href=\"https:\/\/www.fachodeluz.blog.br\/wp\/2017\/08\/18\/o-pai-e-maior-do-que-eu\/\" class=\"more-link\">Leia mais<span class=\"screen-reader-text\"> &#8220;\u201cO Pai \u00c9 Maior Do Que Eu\u201d&#8221;<\/span><\/a><\/p>\n","protected":false},"author":2,"featured_media":0,"comment_status":"open","ping_status":"closed","sticky":false,"template":"","format":"standard","meta":{"nf_dc_page":"","_crdt_document":"","footnotes":""},"categories":[10],"tags":[],"class_list":["post-20781","post","type-post","status-publish","format-standard","hentry","category-darcio-dezolt"],"featured_media_urls":[],"_links":{"self":[{"href":"https:\/\/www.fachodeluz.blog.br\/wp\/wp-json\/wp\/v2\/posts\/20781","targetHints":{"allow":["GET"]}}],"collection":[{"href":"https:\/\/www.fachodeluz.blog.br\/wp\/wp-json\/wp\/v2\/posts"}],"about":[{"href":"https:\/\/www.fachodeluz.blog.br\/wp\/wp-json\/wp\/v2\/types\/post"}],"author":[{"embeddable":true,"href":"https:\/\/www.fachodeluz.blog.br\/wp\/wp-json\/wp\/v2\/users\/2"}],"replies":[{"embeddable":true,"href":"https:\/\/www.fachodeluz.blog.br\/wp\/wp-json\/wp\/v2\/comments?post=20781"}],"version-history":[{"count":0,"href":"https:\/\/www.fachodeluz.blog.br\/wp\/wp-json\/wp\/v2\/posts\/20781\/revisions"}],"wp:attachment":[{"href":"https:\/\/www.fachodeluz.blog.br\/wp\/wp-json\/wp\/v2\/media?parent=20781"}],"wp:term":[{"taxonomy":"category","embeddable":true,"href":"https:\/\/www.fachodeluz.blog.br\/wp\/wp-json\/wp\/v2\/categories?post=20781"},{"taxonomy":"post_tag","embeddable":true,"href":"https:\/\/www.fachodeluz.blog.br\/wp\/wp-json\/wp\/v2\/tags?post=20781"}],"curies":[{"name":"wp","href":"https:\/\/api.w.org\/{rel}","templated":true}]}}