{"id":20838,"date":"2017-09-01T11:31:08","date_gmt":"2017-09-01T14:31:08","guid":{"rendered":"http:\/\/fachodeluz.blog.br\/wp\/?p=20838"},"modified":"2017-09-01T11:31:08","modified_gmt":"2017-09-01T14:31:08","slug":"o-vigor-do-extase-espiritual","status":"publish","type":"post","link":"https:\/\/www.fachodeluz.blog.br\/wp\/2017\/09\/01\/o-vigor-do-extase-espiritual\/","title":{"rendered":"O Vigor Do \u00caxtase Espiritual"},"content":{"rendered":"<h2 style=\"text-align: center;\"><a href=\"https:\/\/i0.wp.com\/fachodeluz.blog.br\/wp\/wp-content\/uploads\/2017\/09\/GLORIA2.gif\"><img data-recalc-dims=\"1\" loading=\"lazy\" decoding=\"async\" loading=\"lazy\" class=\"aligncenter size-full wp-image-20839\" src=\"https:\/\/i0.wp.com\/fachodeluz.blog.br\/wp\/wp-content\/uploads\/2017\/09\/GLORIA2.gif?resize=455%2C445\" alt=\"\" width=\"455\" height=\"445\" \/><\/a><\/h2>\n<h2 style=\"text-align: center;\"><span style=\"color: #008000;\">Quando o que \u00e9 revelado \u00a0espiritualmente \u00e9 sentido da forma como deveria,\u00a0 a Verdade \u00e9 \u201ctrazida \u00e0 luz\u201d, como prova tanto de ser verdadeira como de ter sido percebida como experi\u00eancia em cada Ser. H\u00e1 quem receba a revela\u00e7\u00e3o de que DEUS \u00c9 TUDO se sentindo extasiado, por ter percebido que a declara\u00e7\u00e3o lhe diz que DEUS \u00c9 ELE PR\u00d3PRIO; por outro lado,\u00a0 h\u00e1 quem ouve que DEUS \u00c9 TUDO como se ouvisse, por exemplo, que o boi mugiu ou que o gato miou, sem qualquer rea\u00e7\u00e3o maior,\u00a0 e sem se deixar mover integralmente!<\/span><\/h2>\n<h2 style=\"text-align: center;\"><span style=\"color: #008000;\">A falta de rea\u00e7\u00e3o positiva, diante de tremendas Verdades reveladas , se deve ao fato de serem lidas ou ouvidas sem as\u00a0 devidas e necess\u00e1rias<strong><em> \u201cparadas de percep\u00e7\u00e3o transcendental\u201d.<\/em> <\/strong>As palavras param no intelecto, e n\u00e3o \u00a0ecoam como \u201cmaravilhas\u201d, como \u201can\u00fancios\u201d de que &#8220;SOMOS DEUSES&#8221;, e que jamais estivemos sendo <em>\u201cMORTAIS ORIUNDOS DE MORTAIS\u201d!<\/em><\/span><\/h2>\n<h2 style=\"text-align: center;\"><span style=\"color: #008000;\">Algu\u00e9m poderia dizer: <em><strong>\u201cMas que posso fazer, se minha natureza \u00e9 reagir assim? Teria de for\u00e7ar para me sentir extasiado?\u201d<\/strong><\/em> N\u00c3O. Teria n\u00e3o de for\u00e7ar, mas de calar a suposta mente humana, identificar-se com a <em>Mente de Cristo,<\/em> e sentir a A<em><strong>LEGRIA PERMANENTE<\/strong><\/em> de estar sendo <em><strong>DEUS!<\/strong><\/em><\/span><\/h2>\n<h2 style=\"text-align: center;\"><span style=\"color: #008000;\">Estando eu numa loja, sua dona comentou comigo o seguinte: <em>\u201cNossos clientes sequer desconfiam o grau de dificuldades pelas quais estamos passando! O movimento caiu oitenta por cento, estamos desativando parte da loja, e ver no que vai dar! Talvez eu feche tudo de uma vez!\u201d.<\/em> Perguntei a ela: <em>\u201cConhece a f\u00e1bula do vendedor de pasteis?\u201d<\/em>. &#8220;N\u00e3o!&#8221; &#8211; respondeu. Assim, eu a resumi\u00a0 e contei a ela:<\/span><\/h2>\n<h3 style=\"text-align: center;\"><span style=\"color: #008000;\"><em>Um vendedor de pasteis era bem sucedido com sua antiga banca de pasteis fritos na hora. Quando seu filho se tornou adulto, assim pensou: Darei estudos a meu filho, para que n\u00e3o passe a vida toda como eu, ignorante e sem nenhum diploma! Anos depois,\u00a0 estando o filho formado, disse ele ao pai: \u201cO senhor n\u00e3o deve comprar tanta mat\u00e9ria-prima nesta \u00e9poca de crise!\u00a0 Reduza as compras! \u00a0\u00a0Acompanhe somente o que estiver sendo vendido!\u201d. Ouvindo isto, o pai pensou: \u201cMeu filho \u00e9 estudado, deve saber melhor do que eu a forma certa \u00a0de agir!\u201d. Assim, passou a trabalhar tendo em vista a crise;\u00a0 seus \u00a0clientes toram se reduzindo, e \u00a0ele foi reduzindo suas compras, at\u00e9 ficar sem clientes e falido! Moral da f\u00e1bula: <strong>A CRISE EST\u00c1 NA MENTE!<\/strong><\/em><\/span><\/h3>\n<h2 style=\"text-align: center;\"><span style=\"color: #008000;\">A f\u00e1bula em nada tocou a mulher, que s\u00f3 me repetia a \u201cdificuldade\u201d pela qual acreditava estar passando! Disse a ela: <em>\u201cPensar n\u00e3o paga! Jesus disse: \u201cSeja-te feito segundo a tua f\u00e9!\u201d; Pense positivamente!&#8221;<\/em>\u00a0 Tamb\u00e9m n\u00e3o ecoou! Ao me ver saindo da loja, ela assim disse: <em>\u201cVou aguardar para ver como as coisas avan\u00e7ar\u00e3o!\u201d,<\/em>\u00a0 Saindo, respondi a ela:<em><strong> \u201cAs coisas avan\u00e7ar\u00e3o ou regredir\u00e3o segundo o padr\u00e3o dos seus pensamentos!\u201d.<\/strong><\/em><\/span><\/h2>\n<h2 style=\"text-align: center;\"><span style=\"color: #008000;\">O \u201chipnotismo coletivo\u201d \u00e9 a <em>causa aparente<\/em> dessa surdez e\u00a0 dessa cegueira \u00e0 Verdade! Quando VOC\u00ca\u00a0 entender isso, jamais ler\u00e1 ou ouvir\u00e1 as revela\u00e7\u00f5es tremendas da Verdade\u00a0 sem vibrar internamente de alegria! Cuidar\u00e1 de sobrepujar a CREN\u00c7A HIPN\u00d3TICA, buscando perceber, acima do intelecto, que <em><strong>DEUS\u00a0 \u00c9 QUEM VIVE COMO VOC\u00ca! <\/strong><\/em><\/span><\/h2>\n<h2 style=\"text-align: center;\"><span style=\"color: #008000;\">*<\/span><\/h2>\n","protected":false},"excerpt":{"rendered":"<p>Quando o que \u00e9 revelado \u00a0espiritualmente \u00e9 sentido da forma como deveria,\u00a0 a Verdade \u00e9 \u201ctrazida \u00e0 luz\u201d, como prova tanto de ser verdadeira como de ter sido percebida como experi\u00eancia em cada Ser. H\u00e1 quem receba a revela\u00e7\u00e3o de que DEUS \u00c9 TUDO se sentindo extasiado, por ter percebido que a declara\u00e7\u00e3o lhe diz &hellip; <\/p>\n<p class=\"link-more\"><a href=\"https:\/\/www.fachodeluz.blog.br\/wp\/2017\/09\/01\/o-vigor-do-extase-espiritual\/\" class=\"more-link\">Leia mais<span class=\"screen-reader-text\"> &#8220;O Vigor Do \u00caxtase Espiritual&#8221;<\/span><\/a><\/p>\n","protected":false},"author":2,"featured_media":0,"comment_status":"open","ping_status":"closed","sticky":false,"template":"","format":"standard","meta":{"nf_dc_page":"","_crdt_document":"","footnotes":""},"categories":[10],"tags":[],"class_list":["post-20838","post","type-post","status-publish","format-standard","hentry","category-darcio-dezolt"],"featured_media_urls":[],"_links":{"self":[{"href":"https:\/\/www.fachodeluz.blog.br\/wp\/wp-json\/wp\/v2\/posts\/20838","targetHints":{"allow":["GET"]}}],"collection":[{"href":"https:\/\/www.fachodeluz.blog.br\/wp\/wp-json\/wp\/v2\/posts"}],"about":[{"href":"https:\/\/www.fachodeluz.blog.br\/wp\/wp-json\/wp\/v2\/types\/post"}],"author":[{"embeddable":true,"href":"https:\/\/www.fachodeluz.blog.br\/wp\/wp-json\/wp\/v2\/users\/2"}],"replies":[{"embeddable":true,"href":"https:\/\/www.fachodeluz.blog.br\/wp\/wp-json\/wp\/v2\/comments?post=20838"}],"version-history":[{"count":0,"href":"https:\/\/www.fachodeluz.blog.br\/wp\/wp-json\/wp\/v2\/posts\/20838\/revisions"}],"wp:attachment":[{"href":"https:\/\/www.fachodeluz.blog.br\/wp\/wp-json\/wp\/v2\/media?parent=20838"}],"wp:term":[{"taxonomy":"category","embeddable":true,"href":"https:\/\/www.fachodeluz.blog.br\/wp\/wp-json\/wp\/v2\/categories?post=20838"},{"taxonomy":"post_tag","embeddable":true,"href":"https:\/\/www.fachodeluz.blog.br\/wp\/wp-json\/wp\/v2\/tags?post=20838"}],"curies":[{"name":"wp","href":"https:\/\/api.w.org\/{rel}","templated":true}]}}