{"id":20841,"date":"2017-09-02T11:30:19","date_gmt":"2017-09-02T14:30:19","guid":{"rendered":"http:\/\/fachodeluz.blog.br\/wp\/?p=20841"},"modified":"2017-09-02T12:42:36","modified_gmt":"2017-09-02T15:42:36","slug":"quando-foi-que-te-vimos","status":"publish","type":"post","link":"https:\/\/www.fachodeluz.blog.br\/wp\/2017\/09\/02\/quando-foi-que-te-vimos\/","title":{"rendered":"&#8220;Quando Foi Que Te Vimos?&#8221;"},"content":{"rendered":"<h2 style=\"text-align: center;\"><a href=\"https:\/\/i0.wp.com\/fachodeluz.blog.br\/wp\/wp-content\/uploads\/2017\/09\/quandofoi.gif\"><img data-recalc-dims=\"1\" loading=\"lazy\" decoding=\"async\" loading=\"lazy\" class=\"aligncenter size-full wp-image-20842\" src=\"https:\/\/i0.wp.com\/fachodeluz.blog.br\/wp\/wp-content\/uploads\/2017\/09\/quandofoi.gif?resize=455%2C364\" alt=\"\" width=\"455\" height=\"364\" \/><\/a><\/h2>\n<h2 style=\"text-align: center;\"><span style=\"color: #7d1414;\">Uma radical obedi\u00eancia aos princ\u00edpios absolutos da Verdade \u00e9 de vital import\u00e2ncia. <strong><em>DEUS \u00c9 TUDO, TUDO \u00c9 DEUS,<\/em><\/strong> e, em vista disso, UNICAMENTE DEUS EXISTE PARA SER VISTO, raz\u00e3o pela qual a Metaf\u00edsica Absoluta assim declara: <em><strong>\u201cVER \u00c9 SER\u201d.<\/strong><\/em><\/span><\/h2>\n<h2 style=\"text-align: center;\"><span style=\"color: #7d1414;\">Jesus praticava esta Verdade radicalmente, sempre se identificando com Deus e sempre se recusando identificar com \u201capar\u00eancias falsas\u201d. Para que isso lhe fosse poss\u00edvel, orava sem cessar, <em>BEM ACORDADO,<\/em> enquanto seus disc\u00edpulos dormiam em seus sonos hipn\u00f3ticos! Os princ\u00edpios requerem dedica\u00e7\u00e3o! Sem ela, a TOTALIDADE DE DEUS n\u00e3o saltar\u00e1 \u00e0 mente de modo a evitar que\u00a0 cr\u00e9dito seja dado \u00e0s \u201capar\u00eancias\u201d .<\/span><\/h2>\n<h2 style=\"text-align: center;\"><span style=\"color: #7d1414;\"><strong><em>\u201cQuem me v\u00ea a mim, v\u00ea o Pai\u201d,<\/em><\/strong> disse Jesus. Sabia que <em><strong>VER \u00c9 SER; assim.<\/strong><\/em>\u00a0 VIA A SI MESMO SENDO DEUS!<\/span><\/h2>\n<h2 style=\"text-align: center;\"><span style=\"color: #7d1414;\">O outro lado dessa moeda est\u00e1 na percep\u00e7\u00e3o de que <em><strong>N\u00c3O SER \u00c9 N\u00c3O\u00a0 VER,<\/strong><\/em> isto \u00e9, se N\u00c3O FOR VISTO DEUS, NADA ESTAR\u00c1 SENDO VISTO, SENDO LITERALMENTE\u00a0 <em><strong>NADA!<\/strong> <strong>QUADRO HIPN\u00d3TICO! ILUS\u00c3O!<\/strong><\/em><\/span><\/h2>\n<h2 style=\"text-align: center;\"><span style=\"color: #7d1414;\">Reconhecer e dar cr\u00e9dito a estes princ\u00edpios significa \u201cviver pela Gra\u00e7a\u201d! Se algu\u00e9m estiver, segundo as \u201capar\u00eancias\u201d, se sentindo mal, ou visitando algu\u00e9m num hospital, antecipadamente dever\u00e1 reconhecer: \u201cVER \u00c9 SER!\u201d, \u00a0ISTO \u00c9, O QUE VEJO, EM MIM OU NOS DEMAIS, \u00c9 DEUS! PORTANTO, \u201cN\u00c3O SER \u00c9 N\u00c3O VER\u201d, ISTO \u00c9, SE DEUS N\u00c3O ESTIVER SENDO VISTO, NADA ESTAR\u00c1 SENDO VISTO! ESTE \u00c9 O JU\u00cdZO IMPOSTO POR JESUS: <strong><em>\u201cEU VIM PARA JU\u00cdZO, PARA QUE OS QUE N\u00c3O VEEM VEJAM E PARA QUE OS QUE VEEM SEJAM CEGOS\u201d.<\/em><\/strong><\/span><\/h2>\n<h2 style=\"text-align: center;\"><span style=\"color: #7d1414;\">\u00c9 evidente que tais princ\u00edpios absolutos precisam ser assiduamente treinados! Ou s\u00f3 teremos supostos \u201cmetaf\u00edsicos\u201d endossando a <strong><em>ILUS\u00c3O<\/em> <\/strong>por toda parte!<\/span><\/h2>\n<h2 style=\"text-align: center;\"><strong><em><span style=\"color: #7d1414;\">DEUS \u00c9 QUEM SOMOS, DEUS \u00c9 QUEM VEMOS, DEUS \u00c9 O SOLO EM QUE PISAMOS, DEUS \u00c9 O UNIVERSO EM QUE ESTAMOS, DEUS \u00c9 TUDO!<\/span><\/em><\/strong><\/h2>\n<h2 style=\"text-align: center;\"><em><span style=\"color: #7d1414;\">&#8220;Tive fome, e voc\u00eas me deram de comer; tive sede, e voc\u00eas me deram de beber; fui estrangeiro, e voc\u00eas me acolheram; necessitei de roupas, e voc\u00eas me vestiram; estive enfermo, e voc\u00eas cuidaram de mim; estive preso, e voc\u00eas me visitaram&#8221;. Ent\u00e3o os justos lhe responder\u00e3o: &#8216;Senhor, quando te vimos com fome e te demos de comer, ou com sede e te demos de beber? Quando te vimos como estrangeiro e te acolhemos, ou necessitado de roupas e te vestimos? Quando te vimos enfermo ou preso e fomos te visitar?&#8217; <\/span><span style=\"color: #7d1414;\">O Rei responder\u00e1: &#8220;Digo a verdade: <strong>O que voc\u00eas fizeram a algum dos meus menores irm\u00e3os, a MIM o fizeram&#8221;.<\/strong><\/span><\/em><\/h2>\n<h3 style=\"text-align: center;\"><span style=\"color: #7d1414;\">Mateus 25: 35-40<\/span><\/h3>\n<h2 style=\"text-align: center;\"><em><span style=\"color: #7d1414;\">*<\/span><\/em><\/h2>\n","protected":false},"excerpt":{"rendered":"<p>Uma radical obedi\u00eancia aos princ\u00edpios absolutos da Verdade \u00e9 de vital import\u00e2ncia. DEUS \u00c9 TUDO, TUDO \u00c9 DEUS, e, em vista disso, UNICAMENTE DEUS EXISTE PARA SER VISTO, raz\u00e3o pela qual a Metaf\u00edsica Absoluta assim declara: \u201cVER \u00c9 SER\u201d. Jesus praticava esta Verdade radicalmente, sempre se identificando com Deus e sempre se recusando identificar com &hellip; <\/p>\n<p class=\"link-more\"><a href=\"https:\/\/www.fachodeluz.blog.br\/wp\/2017\/09\/02\/quando-foi-que-te-vimos\/\" class=\"more-link\">Leia mais<span class=\"screen-reader-text\"> &#8220;&#8220;Quando Foi Que Te Vimos?&#8221;&#8221;<\/span><\/a><\/p>\n","protected":false},"author":2,"featured_media":0,"comment_status":"open","ping_status":"closed","sticky":false,"template":"","format":"standard","meta":{"nf_dc_page":"","_crdt_document":"","footnotes":""},"categories":[10],"tags":[],"class_list":["post-20841","post","type-post","status-publish","format-standard","hentry","category-darcio-dezolt"],"featured_media_urls":[],"_links":{"self":[{"href":"https:\/\/www.fachodeluz.blog.br\/wp\/wp-json\/wp\/v2\/posts\/20841","targetHints":{"allow":["GET"]}}],"collection":[{"href":"https:\/\/www.fachodeluz.blog.br\/wp\/wp-json\/wp\/v2\/posts"}],"about":[{"href":"https:\/\/www.fachodeluz.blog.br\/wp\/wp-json\/wp\/v2\/types\/post"}],"author":[{"embeddable":true,"href":"https:\/\/www.fachodeluz.blog.br\/wp\/wp-json\/wp\/v2\/users\/2"}],"replies":[{"embeddable":true,"href":"https:\/\/www.fachodeluz.blog.br\/wp\/wp-json\/wp\/v2\/comments?post=20841"}],"version-history":[{"count":0,"href":"https:\/\/www.fachodeluz.blog.br\/wp\/wp-json\/wp\/v2\/posts\/20841\/revisions"}],"wp:attachment":[{"href":"https:\/\/www.fachodeluz.blog.br\/wp\/wp-json\/wp\/v2\/media?parent=20841"}],"wp:term":[{"taxonomy":"category","embeddable":true,"href":"https:\/\/www.fachodeluz.blog.br\/wp\/wp-json\/wp\/v2\/categories?post=20841"},{"taxonomy":"post_tag","embeddable":true,"href":"https:\/\/www.fachodeluz.blog.br\/wp\/wp-json\/wp\/v2\/tags?post=20841"}],"curies":[{"name":"wp","href":"https:\/\/api.w.org\/{rel}","templated":true}]}}