{"id":20853,"date":"2017-09-04T12:35:27","date_gmt":"2017-09-04T15:35:27","guid":{"rendered":"http:\/\/fachodeluz.blog.br\/wp\/?p=20853"},"modified":"2017-09-04T12:56:28","modified_gmt":"2017-09-04T15:56:28","slug":"o-fenomeno-nao-existe","status":"publish","type":"post","link":"https:\/\/www.fachodeluz.blog.br\/wp\/2017\/09\/04\/o-fenomeno-nao-existe\/","title":{"rendered":"O Fen\u00f4meno N\u00e3o Existe!"},"content":{"rendered":"<h2 style=\"text-align: center;\"><a href=\"https:\/\/i0.wp.com\/fachodeluz.blog.br\/wp\/wp-content\/uploads\/2017\/09\/espiritos_de_luz.gif\"><img data-recalc-dims=\"1\" loading=\"lazy\" decoding=\"async\" loading=\"lazy\" class=\"aligncenter size-full wp-image-20854\" src=\"https:\/\/i0.wp.com\/fachodeluz.blog.br\/wp\/wp-content\/uploads\/2017\/09\/espiritos_de_luz.gif?resize=455%2C637\" alt=\"\" width=\"455\" height=\"637\" \/><\/a><\/h2>\n<h2 style=\"text-align: center;\"><span style=\"color: #2b2b80;\"><em>\u201cS\u00e3o loucuras para os homens as coisas de Deus\u201d,<\/em> declarou o ap\u00f3stolo Paulo. A humanidade espera revela\u00e7\u00f5es divinas que endossem suas crendices! Diante das \u201cloucuras de Deus\u201d, rotulam-nas de \u201cmuito profundas\u201d, \u201cdif\u00edceis de entender\u201d, etc.. Desse modo, consegue permanecer na ILUS\u00c3O DE MASSA\u201d, sem se dedicar, como deveria, para se livrar do \u201ccativeiro de cren\u00e7as limitantes\u201d.<\/span><\/h2>\n<h2 style=\"text-align: center;\"><span style=\"color: #2b2b80;\">Certa vez, conversando com uma pessoa sobre a Verdade Absoluta, eu dizia a ela que as Escrituras revelavam a Verdade de que <strong><em>N\u00c3O H\u00c1 DEUS EM MUNDO VIS\u00cdVEL,<\/em><\/strong> pelo simples fato de ser ele uma <strong><em>ILUS\u00c3O MENTAL,<\/em><\/strong> e nada mais! Quando comentei com ela a revela\u00e7\u00e3o de Isa\u00edas, de que DEUS DESCONHECE POVOS E NA\u00c7\u00d5ES, assim me disse:<em> \u201cVoc\u00ea pode me dizer em qual cita\u00e7\u00e3o \u00e9 dito isto?\u201d<\/em> \u00a0Disse a ela: Isa\u00edas, 40: 17: <em><strong>\u201cTodas as na\u00e7\u00f5es s\u00e3o como NADA perante ele; ele considera-as MENOS DO QUE NADA e como UMA COISA V\u00c3\u201d!<\/strong><\/em> Ela ouviu-me, e <strong><em>\u201cficou por isso mesmo\u201d!<\/em><\/strong> Nenhum sinal de interesse em acatar a revela\u00e7\u00e3o! Assim age o \u201chipnotismo de massa\u201d sobre as pessoas!<\/span><\/h2>\n<h2 style=\"text-align: center;\"><span style=\"color: #2b2b80;\">O mesmo ocorre com o suposto \u201cpovo crist\u00e3o\u201d, diante das palavras de Jesus: <strong><em>\u201cO pr\u00edncipe deste mundo \u00e9 o Satan\u00e1s, o pai da mentira! Mentiroso desde o princ\u00edpio!\u201d.<\/em> <\/strong>Que fizeram as igrejas e seus seguidores? Continuaram da mesma maneira s<em><strong>e achando no mundo,<\/strong><\/em> apenas chamando de \u201cinimigo\u201d o \u201cpai da mentira\u201d, como se uma <em><strong>ILUS\u00c3O<\/strong> <\/em>pudesse ser amiga ou inimiga de algu\u00e9m!<\/span><\/h2>\n<h2 style=\"text-align: center;\"><span style=\"color: #2b2b80;\">Sob o \u201chipnotismo\u201d, a maioria at\u00e9 se acha incomodada pelos princ\u00edpios da Verdade! A \u00faltima coisa que pensa, \u00e9 que A VERDADE A LIBERTAR\u00c1! A m\u00eddia mundial est\u00e1 voltada ao an\u00fancio de trag\u00e9dias, \u00e0 propaga\u00e7\u00e3o da libertinagem e dos prazeres carnais, sob o disfarce de &#8220;ruptura de preconceitos; e caso algu\u00e9m falar em<em> \u201cbusca do Reino de Deus em primeiro lugar\u201d<\/em> mais parecer\u00e1 uma <em>\u201candorinha fazendo ver\u00e3o sozinha\u201d.<\/em><\/span><\/h2>\n<h2 style=\"text-align: center;\"><span style=\"color: #2b2b80;\">Este \u00e9 o cen\u00e1rio fenom\u00eanico apresentado como \u201cmundo\u201d pelo \u201chipnotismo de massa\u201d! No entanto, sejam vistas ou n\u00e3o como \u201cloucuras de Deus\u201d, as revela\u00e7\u00f5es absolutas afirmam categoricamente:<\/span><\/h2>\n<h2 style=\"text-align: center;\"><span style=\"color: #2b2b80;\"><em><strong>O SUPOSTO MUNDO FENOM\u00caNICO N\u00c3O EXISTE! UNICAMENTE DEUS \u00c9 REALIDADE! INCLUSOS NESTA ILUS\u00c3O, ENCONTRAM-SE OS SUPOSTOS \u201cSERES NELA NASCIDOS E SEUS SUPOSTOS FEITOS&#8221; \u2013 BONS OU MAUS.<\/strong><\/em><\/span><\/h2>\n<h2 style=\"text-align: center;\"><span style=\"color: #2b2b80;\">N\u00e3o h\u00e1 como deixar de ser radical, diante do que \u00e9 REAL e do que \u00e9 ILUS\u00c3O! O radicalismo, na exposi\u00e7\u00e3o da Verdade, sequer \u00e9 radicalismo! <strong><em>\u00c9 SIMPLESMENTE\u00a0 O QUE REALMENTE\u00a0 \u00c9! E O QUE \u00c9, \u00c9 UNICAMENTE DEUS!<\/em> <\/strong><\/span><\/h2>\n<h2 style=\"text-align: center;\"><span style=\"color: #2b2b80;\">*<\/span><\/h2>\n","protected":false},"excerpt":{"rendered":"<p>\u201cS\u00e3o loucuras para os homens as coisas de Deus\u201d, declarou o ap\u00f3stolo Paulo. A humanidade espera revela\u00e7\u00f5es divinas que endossem suas crendices! Diante das \u201cloucuras de Deus\u201d, rotulam-nas de \u201cmuito profundas\u201d, \u201cdif\u00edceis de entender\u201d, etc.. Desse modo, consegue permanecer na ILUS\u00c3O DE MASSA\u201d, sem se dedicar, como deveria, para se livrar do \u201ccativeiro de cren\u00e7as &hellip; <\/p>\n<p class=\"link-more\"><a href=\"https:\/\/www.fachodeluz.blog.br\/wp\/2017\/09\/04\/o-fenomeno-nao-existe\/\" class=\"more-link\">Leia mais<span class=\"screen-reader-text\"> &#8220;O Fen\u00f4meno N\u00e3o Existe!&#8221;<\/span><\/a><\/p>\n","protected":false},"author":2,"featured_media":0,"comment_status":"open","ping_status":"closed","sticky":false,"template":"","format":"standard","meta":{"nf_dc_page":"","_crdt_document":"","footnotes":""},"categories":[10],"tags":[],"class_list":["post-20853","post","type-post","status-publish","format-standard","hentry","category-darcio-dezolt"],"featured_media_urls":[],"_links":{"self":[{"href":"https:\/\/www.fachodeluz.blog.br\/wp\/wp-json\/wp\/v2\/posts\/20853","targetHints":{"allow":["GET"]}}],"collection":[{"href":"https:\/\/www.fachodeluz.blog.br\/wp\/wp-json\/wp\/v2\/posts"}],"about":[{"href":"https:\/\/www.fachodeluz.blog.br\/wp\/wp-json\/wp\/v2\/types\/post"}],"author":[{"embeddable":true,"href":"https:\/\/www.fachodeluz.blog.br\/wp\/wp-json\/wp\/v2\/users\/2"}],"replies":[{"embeddable":true,"href":"https:\/\/www.fachodeluz.blog.br\/wp\/wp-json\/wp\/v2\/comments?post=20853"}],"version-history":[{"count":0,"href":"https:\/\/www.fachodeluz.blog.br\/wp\/wp-json\/wp\/v2\/posts\/20853\/revisions"}],"wp:attachment":[{"href":"https:\/\/www.fachodeluz.blog.br\/wp\/wp-json\/wp\/v2\/media?parent=20853"}],"wp:term":[{"taxonomy":"category","embeddable":true,"href":"https:\/\/www.fachodeluz.blog.br\/wp\/wp-json\/wp\/v2\/categories?post=20853"},{"taxonomy":"post_tag","embeddable":true,"href":"https:\/\/www.fachodeluz.blog.br\/wp\/wp-json\/wp\/v2\/tags?post=20853"}],"curies":[{"name":"wp","href":"https:\/\/api.w.org\/{rel}","templated":true}]}}