{"id":20957,"date":"2017-09-21T11:36:02","date_gmt":"2017-09-21T14:36:02","guid":{"rendered":"http:\/\/fachodeluz.blog.br\/wp\/?p=20957"},"modified":"2017-09-21T11:36:02","modified_gmt":"2017-09-21T14:36:02","slug":"lanca-o-teu-pao-sobre-as-aguas-2","status":"publish","type":"post","link":"https:\/\/www.fachodeluz.blog.br\/wp\/2017\/09\/21\/lanca-o-teu-pao-sobre-as-aguas-2\/","title":{"rendered":"&#8220;Lan\u00e7a O Teu P\u00e3o Sobre As \u00c1guas!&#8221;"},"content":{"rendered":"<h3><a href=\"https:\/\/i0.wp.com\/fachodeluz.blog.br\/wp\/wp-content\/uploads\/2017\/09\/lan%C3%A7a.gif\"><img data-recalc-dims=\"1\" loading=\"lazy\" decoding=\"async\" loading=\"lazy\" class=\"aligncenter size-full wp-image-20958\" src=\"https:\/\/i0.wp.com\/fachodeluz.blog.br\/wp\/wp-content\/uploads\/2017\/09\/lan%C3%A7a.gif?resize=455%2C341\" alt=\"\" width=\"455\" height=\"341\" \/><\/a><\/h3>\n<h3 style=\"text-align: center;\"><span style=\"color: #008000;\"><em>&#8220;Lan\u00e7a o teu p\u00e3o sobre as \u00e1guas, porque depois de muitos dias o achar\u00e1s&#8221;.<\/em><\/span><\/h3>\n<h3 style=\"text-align: center;\"><span style=\"color: #008000;\">Eclesiastes 11: 1<\/span><\/h3>\n<h2 style=\"text-align: center;\"><span style=\"color: #008000;\">Anos atr\u00e1s, o jogador Gerson, das sele\u00e7\u00e3o brasileira, havia sido contratado por uma empresa para fazer propaganda nacional de uma nova marca de cigarros. Durante o anuncio, ela dizia \u00a0que \u00a0todos, como ele, \u00a0tamb\u00e9m mudassem para a nova marca, completando: <strong><em>\u201cAfinal, eu tamb\u00e9m quero levar vantagem em tudo, certo?\u201d.<\/em> <\/strong>Sua frase ficou t\u00e3o propagada, que ficou sendo chamada de \u201cLei de Gerson\u201d,\u00a0 por\u00e9m, n\u00e3o com o seu sentido real original, mas com sentido pejorativo, como a\u00e7\u00e3o ego\u00edsta de quem s\u00f3 pensa em si mesmo, e que s\u00f3 toma atitudes que lhe d\u00e3o vantagens a qualquer custo!<\/span><\/h2>\n<h2 style=\"text-align: center;\"><span style=\"color: #008000;\">Desse modo, todo aquele que agisse \u00a0em busca \u00a0exclusivamente de \u201cvantagens pr\u00f3prias\u201d, era apontado como \u201cseguidor da Lei de Gerson\u201d.<\/span><\/h2>\n<h2 style=\"text-align: center;\"><span style=\"color: #008000;\">Esta tend\u00eancia de \u201clevar o melhor em tudo\u201d, quando gera \u201co pior\u201d ao pr\u00f3ximo, \u00e9 o oposto da pr\u00e1tica correta das leis espirituais. DEUS \u00c9 TUDO, e esta UNIDADE, entendida e percebida, traz-nos o iluminado entendimento de que \u201co que fazemos ao pr\u00f3ximo, fazemos a n\u00f3s mesmos\u201d.<\/span><\/h2>\n<h2 style=\"text-align: center;\"><span style=\"color: #008000;\"><strong><em>\u201cPerdoai-os. Pai, por n\u00e3o saberem o que fazem\u201d<\/em> <\/strong>\u2013 disse Jesus sobre seus algozes. Sabia estarem eles sendo movidos pela ignor\u00e2ncia espiritual, e que o suposto \u201cmal\u201d, que acreditavam fazer ao pr\u00f3ximo, era feito a eles pr\u00f3prios! Em seu perd\u00e3o, puxava-os \u00e0 Gra\u00e7a, \u00e0 Verdade, acima das leis mentais e f\u00edsicas &#8220;deste mundo&#8221;!<\/span><\/h2>\n<h2 style=\"text-align: center;\"><span style=\"color: #008000;\"><em>\u201cLan\u00e7a o teu p\u00e3o sobre as \u00e1guas, porque depois de muitos dias o achar\u00e1s\u201d, explica a B\u00edblia. Toda pessoa, tocada pela Verdade, vive \u00a0mais voltada ao bem do pr\u00f3ximo do que ao seu pr\u00f3prio bem. Isto porque lhe \u00e9 aflorada a percep\u00e7\u00e3o de que \u201csomos todos um\u201d, e, tamb\u00e9m, que \u201cos bens essenciais necess\u00e1rios\u201d lhe v\u00eam naturalmente, por acr\u00e9scimo. Desse modo, sua aparente &#8220;vida fenom\u00eanica&#8221; \u00e9 regida por seu \u201cagir pelo n\u00e3o agir\u201d, ciente de que QUEM FAZ AS OBRAS \u00c9 O PAI, E NUNCA ALGUM \u201cMORTAL CARIDOSO\u201d<\/em><\/span><\/h2>\n<h2 style=\"text-align: center;\"><span style=\"color: #008000;\"><em>\u201cLan\u00e7ar o p\u00e3o sobre as \u00e1guas\u201d, <\/em>como diz a cita\u00e7\u00e3o, n\u00e3o significa <strong><em>\u201cfazer o bem sem olhar a quem\u201d, <\/em><\/strong>mas sim, <em><strong>\u201cfazer o bem movido pela Sabedoria e Amor de Deus\u201d,<\/strong> <\/em>quando <em><strong>somos ou n\u00e3o<\/strong><\/em> incentivados internamente a faz\u00ea-lo.\u00a0 O Amor, no &#8220;mundo de apar\u00eancias\u201d, n\u00e3o vem de caridade humana, mas sim como \u201csombra da Onia\u00e7\u00e3o\u201d. Por isso, \u00e9 preciso contemplarmos o Fato de que <strong><em>\u201cem DEUS vivemos, nos movemos e existimos\u201d,<\/em><\/strong> deixando esta Verdade aparecer naturalmente, como &#8220;sombra&#8221;, em nosso suposto dia a dia. Desse modo, <strong><em>\u201cdepois de muitos dias\u201d,<\/em><\/strong> estaremos recebendo de volta o <em><strong>\u201cp\u00e3o que lan\u00e7amos \u00e0s \u00e1guas\u201d,<\/strong> <\/em>tamb\u00e9m como \u201csombra da Onia\u00e7\u00e3o\u201d, ou da Verdade de que <em><strong>DEUS \u00c9 TUDO, \u00c9 \u00daNICO, E \u00c9 QUEM TODOS SOMOS!<\/strong> <\/em><\/span><\/h2>\n<h2 style=\"text-align: center;\"><span style=\"color: #008000;\"><em>*<\/em><\/span><\/h2>\n","protected":false},"excerpt":{"rendered":"<p>&#8220;Lan\u00e7a o teu p\u00e3o sobre as \u00e1guas, porque depois de muitos dias o achar\u00e1s&#8221;. Eclesiastes 11: 1 Anos atr\u00e1s, o jogador Gerson, das sele\u00e7\u00e3o brasileira, havia sido contratado por uma empresa para fazer propaganda nacional de uma nova marca de cigarros. Durante o anuncio, ela dizia \u00a0que \u00a0todos, como ele, \u00a0tamb\u00e9m mudassem para a nova &hellip; <\/p>\n<p class=\"link-more\"><a href=\"https:\/\/www.fachodeluz.blog.br\/wp\/2017\/09\/21\/lanca-o-teu-pao-sobre-as-aguas-2\/\" class=\"more-link\">Leia mais<span class=\"screen-reader-text\"> &#8220;&#8220;Lan\u00e7a O Teu P\u00e3o Sobre As \u00c1guas!&#8221;&#8221;<\/span><\/a><\/p>\n","protected":false},"author":2,"featured_media":0,"comment_status":"open","ping_status":"closed","sticky":false,"template":"","format":"standard","meta":{"nf_dc_page":"","_crdt_document":"","footnotes":""},"categories":[10],"tags":[],"class_list":["post-20957","post","type-post","status-publish","format-standard","hentry","category-darcio-dezolt"],"featured_media_urls":[],"_links":{"self":[{"href":"https:\/\/www.fachodeluz.blog.br\/wp\/wp-json\/wp\/v2\/posts\/20957","targetHints":{"allow":["GET"]}}],"collection":[{"href":"https:\/\/www.fachodeluz.blog.br\/wp\/wp-json\/wp\/v2\/posts"}],"about":[{"href":"https:\/\/www.fachodeluz.blog.br\/wp\/wp-json\/wp\/v2\/types\/post"}],"author":[{"embeddable":true,"href":"https:\/\/www.fachodeluz.blog.br\/wp\/wp-json\/wp\/v2\/users\/2"}],"replies":[{"embeddable":true,"href":"https:\/\/www.fachodeluz.blog.br\/wp\/wp-json\/wp\/v2\/comments?post=20957"}],"version-history":[{"count":0,"href":"https:\/\/www.fachodeluz.blog.br\/wp\/wp-json\/wp\/v2\/posts\/20957\/revisions"}],"wp:attachment":[{"href":"https:\/\/www.fachodeluz.blog.br\/wp\/wp-json\/wp\/v2\/media?parent=20957"}],"wp:term":[{"taxonomy":"category","embeddable":true,"href":"https:\/\/www.fachodeluz.blog.br\/wp\/wp-json\/wp\/v2\/categories?post=20957"},{"taxonomy":"post_tag","embeddable":true,"href":"https:\/\/www.fachodeluz.blog.br\/wp\/wp-json\/wp\/v2\/tags?post=20957"}],"curies":[{"name":"wp","href":"https:\/\/api.w.org\/{rel}","templated":true}]}}