{"id":21102,"date":"2017-10-19T12:23:27","date_gmt":"2017-10-19T14:23:27","guid":{"rendered":"http:\/\/fachodeluz.blog.br\/wp\/?p=21102"},"modified":"2017-10-19T12:43:24","modified_gmt":"2017-10-19T14:43:24","slug":"firme-se-na-revelacao-absoluta","status":"publish","type":"post","link":"https:\/\/www.fachodeluz.blog.br\/wp\/2017\/10\/19\/firme-se-na-revelacao-absoluta\/","title":{"rendered":"Firme-se Na Revela\u00e7\u00e3o Absoluta!"},"content":{"rendered":"<h2 style=\"text-align: center;\"><span style=\"color: #993300;\"><a href=\"https:\/\/i0.wp.com\/fachodeluz.blog.br\/wp\/wp-content\/uploads\/2017\/10\/oil-painting-joseph-brickey-art-for-sale.gif\"><img data-recalc-dims=\"1\" loading=\"lazy\" decoding=\"async\" loading=\"lazy\" class=\"aligncenter size-full wp-image-21103\" src=\"https:\/\/i0.wp.com\/fachodeluz.blog.br\/wp\/wp-content\/uploads\/2017\/10\/oil-painting-joseph-brickey-art-for-sale.gif?resize=455%2C569\" alt=\"\" width=\"455\" height=\"569\" \/><\/a><\/span><\/h2>\n<h2 style=\"text-align: center;\"><span style=\"color: #993300;\">A Revela\u00e7\u00e3o Absoluta da Verdade requer dedica\u00e7\u00e3o absoluta em termos de seu reconhecimento, para que a VERDADE DE QUE DEUS \u00c9 TUDO esteja predominando em nossa aceita\u00e7\u00e3o. Este cuidado \u00e9 necess\u00e1rio, uma vez que, aparentemente, a humanidade acredita cegamente na exist\u00eancia de um \u201cmundo material\u201d, inclusive com muita gente dizendo que DEUS CRIOU O C\u00c9U E A TERRA!<\/span><\/h2>\n<h2 style=\"text-align: center;\"><span style=\"color: #993300;\">Jesus foi taxativo: <em><strong>\u201cO MEU REINO N\u00c3O \u00c9 DESTE MUNDO\u201d; \u201cV\u00d3S, DESTE MUNDO, N\u00c3O SOIS\u201d!<\/strong><\/em> S\u00e3o declara\u00e7\u00f5es absolutas que n\u00e3o deixam a menor sombra de d\u00favida de que DEUS, SENDO ESP\u00cdRITO, MANT\u00c9M EM PERFEI\u00c7\u00c3O PERMANENTE O SEU REINO ESPIRITUAL! E, <em><strong>\u00c9 NELE QUE AGORA VIVEMOS E TEMOS O NOSSO SER!<\/strong><\/em><\/span><\/h2>\n<h2 style=\"text-align: center;\"><span style=\"color: #993300;\">A falsa CREN\u00c7A de que <em>\u201cDeus criou o c\u00e9u e a terra\u201d<\/em> \u00e9 a grande brecha aproveitada pela \u201cmente carnal\u201d para que o \u201crenascimento espiritual\u201d fique sendo postergado! \u00c9 a pr\u00f3pria CREN\u00c7A em \u201cnascimentos na carne\u201d, que, infelizmente, d\u00e1 voz aos falsos ensinamentos que propagam\u00a0 que aqui \u00a0viemos para, em cont\u00ednuos aprendizados, podermos nos elevar \u00e0 estatura do Cristo! A FRASE DE JESUS \u00c9 CLARA: <em><strong>N\u00c3O SOIS DESTE MUNDO!\u00a0<\/strong><\/em> E O CRISTO \u00c9 O SER PERFEITO, PROJETADO POR DEUS PARA SER QUEM SOMOS ! Jesus conhecia a <strong><em>Unidade Perfeita<\/em><\/strong> de que participava, juntamente com VOC\u00ca, e com todos, <strong><em>\u201cdesde o princ\u00edpio\u201d!<\/em><\/strong><\/span><\/h2>\n<h2 style=\"text-align: center;\"><span style=\"color: #993300;\">Em outras palavras, o ensinamento absoluto entende a <strong><em>ONIPRESEN\u00c7A DE DEUS\u00a0 sendo a PRESEN\u00c7A de cada um de n\u00f3s!<\/em> <\/strong>E quanto \u00e0s aparentes \u201cpersonalidades\u201d, rotuladas de boas e m\u00e1s? JESUS DEU O PROCEDIMENTO PARA LIDAR COM ELAS: <em><strong>\u201cNEGUE-A EM VOC\u00ca PR\u00d3PRIO\u201d!<\/strong><\/em> \u201cNEGUE-A\u201d, para n\u00e3o se permitir dividir sua exist\u00eancia em &#8220;parte&#8221; DIVINA e &#8220;parte&#8221; HUMANA! <em><strong>\u201cE v\u00f3s tamb\u00e9m testificareis, pois estivestes comigo desde o princ\u00edpio\u201d,<\/strong> <\/em>disse Jesus!<\/span><\/h2>\n<h2 style=\"text-align: center;\"><span style=\"color: #993300;\">Quando partimos da Verdade de que DEUS \u00c9 TUDO, partimos do FATO ETERNO de que, descartada a MENTIRA, FICAMOS SENDO O QUE REALMENTE SOMOS: O CRISTO, A VERDADE! Para honrarmos o FILHO QUE SOMOS, basta-nos reconhecer a MENTE DE CRISTO QUE TEMOS, uma vez que a \u201cmente carnal\u201d, se for deixada livre e solta, para nos sugerir que somos as \u201cpersonalidades\u201d sugeridas por ela atrav\u00e9s de seu \u201chipnotismo coletivo\u201d, n\u00e3o perder\u00e1 qualquer brecha para nos \u201cfazer acusa\u00e7\u00f5es\u201d e \u201cjulgamentos pelas apar\u00eancias\u201d! <\/span><\/h2>\n<h2 style=\"text-align: center;\"><span style=\"color: #993300;\">Jesus bem conhecia este engodo ardiloso desta mente falsa! Por isso, n\u00e3o levava em conta os \u201cfeitos\u201d dos supostos \u201cmortais\u201d! Bons ou maus, eram\u00a0 TODOS VISTOS COMO LUZ DO MUNDO!\u00a0<em><strong> &#8220;Vosso Pai faz com que sua chuva caia sobre justos e injustos!&#8221;. <\/strong><\/em>Assim Jesus definia irrestritamente como LUZES a todos quantos o ouviam em suas prega\u00e7\u00f5es! Jamais pedia para que algu\u00e9m \u201cconfessasse pecados\u201d; e isto por saber que <em><strong>N\u00c3O H\u00c1 PECADOS NEM PECADORES NA TOTALIDADE DE DEUS!<\/strong><\/em><\/span><\/h2>\n<h2 style=\"text-align: center;\"><span style=\"color: #993300;\">Estas \u201cCREN\u00c7AS COLETIVAS\u201d, que bombardeiam a humanidade com o seu descabido\u201cmaterialismo\u201d, precisam ser CALADAS atrav\u00e9s de \u201ccontempla\u00e7\u00f5es\u201d e de \u201crepreens\u00f5es vigorosas\u201d. <\/span><\/h2>\n<h2 style=\"text-align: center;\"><span style=\"color: #993300;\">JAMAIS SE CULPE DE NADA! CASO ALGUM ERRO SEJA PERCEBIDO, ENTENDA-O COMO \u201cAJUSTE DE SOMBRAS\u201d E<em><strong> \u201cPERMANE\u00c7A EM MIM\u201d<\/strong><\/em> \u2013 NA MENTE DE CRISTO, NA VERDADE E NA UNIDADE PERFEITA! <\/span><\/h2>\n<h2 style=\"text-align: center;\"><span style=\"color: #993300;\">NUNCA MAIS CAIA NOS ARDIS DE UMA ILUS\u00d3RIA MENTE, QUE JAMAIS ESTEVE SENDO A SUA! <em><strong>VIVA FIRMADO NA &#8220;REVELA\u00c7\u00c3O ABSOLUTA&#8221;!<\/strong><\/em><\/span><\/h2>\n<h2 style=\"text-align: center;\"><span style=\"color: #993300;\">*<\/span><\/h2>\n","protected":false},"excerpt":{"rendered":"<p>A Revela\u00e7\u00e3o Absoluta da Verdade requer dedica\u00e7\u00e3o absoluta em termos de seu reconhecimento, para que a VERDADE DE QUE DEUS \u00c9 TUDO esteja predominando em nossa aceita\u00e7\u00e3o. Este cuidado \u00e9 necess\u00e1rio, uma vez que, aparentemente, a humanidade acredita cegamente na exist\u00eancia de um \u201cmundo material\u201d, inclusive com muita gente dizendo que DEUS CRIOU O C\u00c9U &hellip; <\/p>\n<p class=\"link-more\"><a href=\"https:\/\/www.fachodeluz.blog.br\/wp\/2017\/10\/19\/firme-se-na-revelacao-absoluta\/\" class=\"more-link\">Leia mais<span class=\"screen-reader-text\"> &#8220;Firme-se Na Revela\u00e7\u00e3o Absoluta!&#8221;<\/span><\/a><\/p>\n","protected":false},"author":2,"featured_media":0,"comment_status":"open","ping_status":"closed","sticky":false,"template":"","format":"standard","meta":{"nf_dc_page":"","_crdt_document":"","footnotes":""},"categories":[10],"tags":[],"class_list":["post-21102","post","type-post","status-publish","format-standard","hentry","category-darcio-dezolt"],"featured_media_urls":[],"_links":{"self":[{"href":"https:\/\/www.fachodeluz.blog.br\/wp\/wp-json\/wp\/v2\/posts\/21102","targetHints":{"allow":["GET"]}}],"collection":[{"href":"https:\/\/www.fachodeluz.blog.br\/wp\/wp-json\/wp\/v2\/posts"}],"about":[{"href":"https:\/\/www.fachodeluz.blog.br\/wp\/wp-json\/wp\/v2\/types\/post"}],"author":[{"embeddable":true,"href":"https:\/\/www.fachodeluz.blog.br\/wp\/wp-json\/wp\/v2\/users\/2"}],"replies":[{"embeddable":true,"href":"https:\/\/www.fachodeluz.blog.br\/wp\/wp-json\/wp\/v2\/comments?post=21102"}],"version-history":[{"count":0,"href":"https:\/\/www.fachodeluz.blog.br\/wp\/wp-json\/wp\/v2\/posts\/21102\/revisions"}],"wp:attachment":[{"href":"https:\/\/www.fachodeluz.blog.br\/wp\/wp-json\/wp\/v2\/media?parent=21102"}],"wp:term":[{"taxonomy":"category","embeddable":true,"href":"https:\/\/www.fachodeluz.blog.br\/wp\/wp-json\/wp\/v2\/categories?post=21102"},{"taxonomy":"post_tag","embeddable":true,"href":"https:\/\/www.fachodeluz.blog.br\/wp\/wp-json\/wp\/v2\/tags?post=21102"}],"curies":[{"name":"wp","href":"https:\/\/api.w.org\/{rel}","templated":true}]}}