{"id":21127,"date":"2017-10-23T11:07:18","date_gmt":"2017-10-23T13:07:18","guid":{"rendered":"http:\/\/fachodeluz.blog.br\/wp\/?p=21127"},"modified":"2017-10-23T12:23:48","modified_gmt":"2017-10-23T14:23:48","slug":"contemple-o-solo-sagrado-em-seu-proprio-monte-sinai","status":"publish","type":"post","link":"https:\/\/www.fachodeluz.blog.br\/wp\/2017\/10\/23\/contemple-o-solo-sagrado-em-seu-proprio-monte-sinai\/","title":{"rendered":"Contemple O Solo Sagrado &#8220;Em Seu Pr\u00f3prio Monte Sinai&#8221;!"},"content":{"rendered":"<h2 style=\"text-align: center;\"><span style=\"color: #38381d;\"><a href=\"https:\/\/i0.wp.com\/fachodeluz.blog.br\/wp\/wp-content\/uploads\/2017\/10\/sinai.gif\"><img data-recalc-dims=\"1\" loading=\"lazy\" decoding=\"async\" loading=\"lazy\" class=\"aligncenter size-full wp-image-21128\" src=\"https:\/\/i0.wp.com\/fachodeluz.blog.br\/wp\/wp-content\/uploads\/2017\/10\/sinai.gif?resize=455%2C325\" alt=\"\" width=\"455\" height=\"325\" \/><\/a><\/span><\/h2>\n<h2 style=\"text-align: center;\"><span style=\"color: #38381d;\">Que valor teria a passagem b\u00edblica em que Mois\u00e9s, no alto do<em> Monte Sinai,<\/em> percebe a <em>&#8220;sar\u00e7a ardente&#8221;<\/em> e ouve ser-lhe revelado<em> \u201cestar ele em solo sagrado\u201d?<\/em> Esta revela\u00e7\u00e3o precisa ser entendida como dada a toda a humanidade, que acredita ver \u201cmat\u00e9ria\u201d onde h\u00e1 <strong><em>unicamente Deus!<\/em><\/strong><\/span><\/h2>\n<h2 style=\"text-align: center;\"><span style=\"color: #38381d;\">\u00c9 comum, diante de alguma revela\u00e7\u00e3o, \u00a0ser ela vista\u00a0 como \u201cpessoal\u201d; assim, as <strong><em>Escrituras<\/em><\/strong> s\u00e3o lidas como se Mois\u00e9s tivesse tido tal experi\u00eancia, Isa\u00edas tivesse tido outra, Jesus tivesse tido a dele, e assim por diante! <em><strong>A Exist\u00eancia precisa ser entendida como Unidade Perfeita e n\u00e3o como experi\u00eancias &#8220;locais&#8221; e \u201cpessoais.<\/strong><\/em> O que se d\u00e1, \u00e9 sempre a anula\u00e7\u00e3o da suposta \u201cmente humana\u201d, que, coletivamente, sugere a presen\u00e7a de \u201cmundo material\u201d, enquanto unicamente esteja presente, e permanentemente, o Reino de Deus.<\/span><\/h2>\n<h2 style=\"text-align: center;\"><span style=\"color: #38381d;\"><em><strong>Jamais existiu um \u201cMonte Sinai\u201d se tornando \u201csolo sagrado\u201d.<\/strong><\/em> Por qu\u00ea? PORQUE DEUS \u00c9 TUDO, E, EM VISTA DISSO, O UNIVERSO <em><strong>J\u00c1 \u00c9<\/strong> <\/em>INTEIRAMENTE SAGRADO, IMACULADO E ILUMINADO,<strong><em> COM TUDO AQUILO QUE NELE SE CONT\u00c9M!<\/em><\/strong><\/span><\/h2>\n<h2 style=\"text-align: center;\"><span style=\"color: #38381d;\">Em Habacuque 2: 19-20, podemos ler:\u00a0 <em>\u201cAi daquele que diz \u00e0 madeira: \u2018Desperta!\u2019 Ou ainda \u00e0 pedra sem vida: \u2018Acorda!\u2019 Poder\u00e1, de alguma forma, um \u00eddolo dar alguma orienta\u00e7\u00e3o? Est\u00e1 coberto de ouro e de prata, mas tal objeto n\u00e3o respira, n\u00e3o h\u00e1 esp\u00edrito algum dentro dele. <strong>Mas o Senhor, sim! Ele est\u00e1 no seu santo Templo; cale-se diante dele toda a terra!\u201d.<\/strong> <\/em><\/span><\/h2>\n<h2 style=\"text-align: center;\"><span style=\"color: #38381d;\">Esta cita\u00e7\u00e3o revela a \u201ctroca de referencial\u201d, ou\u00a0 \u201ctroca de convic\u00e7\u00e3o\u201d, uma mudan\u00e7a de aceita\u00e7\u00e3o, das \u201cmiragens\u201d, sugeridas pela <strong><em>mente em ilus\u00e3o,<\/em><\/strong> para a f\u00e9 e entendimento iluminados, de que<em> unicamente o ESP\u00cdRITO DE DEUS \u00c9 REALIDADE!<\/em><\/span><\/h2>\n<h2 style=\"text-align: center;\"><span style=\"color: #38381d;\"><em>Toda ora\u00e7\u00e3o deve ser entendida como \u00a0expediente de MUDAN\u00c7A DE CONVIC\u00c7\u00c3O e nunca de MUDAN\u00c7A DE APAR\u00caNCIAS! Este \u00e9 o entendimento absoluto de \u201cMois\u00e9s estar em solo sagrado\u201d! JAMAIS ESTEVE ALI PRESENTE UMA MONTANHA MATERIAL! JAMAIS ESTEVE ALI PRESENTE UM FILHO DE DEUS ENCARNADO! SEMPRE DEUS, ESP\u00cdRITO, ESTEVE E EST\u00c1 SENDO TUDO!<\/em><\/span><\/h2>\n<h2 style=\"text-align: center;\"><span style=\"color: #38381d;\">A cita\u00e7\u00e3o de <em>Habacuque<\/em> esclarece\u00a0 pontos que eliminam os erros comuns, de se achar que \u201cmadeira \u00e9 madeira\u201d, que \u201cpedra \u00e9 pedra\u201d, que \u201ccorpo carnal e corpo carnal\u201d, ou que \u201cmat\u00e9ria \u00e9 mat\u00e9ria\u201d! <em>N\u00c3O H\u00c1 ESP\u00cdRITO ALGUM DENTRO DESTAS IMAGENS FALSAS! S\u00c3O TODAS ILUS\u00d3RIAS!<br \/>\n<\/em><\/span><\/h2>\n<h2 style=\"text-align: center;\"><span style=\"color: #38381d;\">A humanidade despertar\u00e1 da CREN\u00c7A em &#8220;seres que nascem e que morrem&#8221; quando REINTERPRETAR A EXIST\u00caNCIA, tomando por\u00a0 FOCO A VERDADE: <strong><em>TUDO \u00c9 DEUS, TUDO \u00c9 ESP\u00cdRITO, TUDO \u00c9 PERFEI\u00c7\u00c3O PERMANENTE, AQUI E AGORA!<\/em><\/strong><\/span><\/h2>\n<h2 style=\"text-align: center;\"><span style=\"color: #38381d;\"><em>&#8220;O SENHOR EST\u00c1 EM SEU SANTO TEMPLO&#8221;!\u00a0 E &#8220;QUE SE CALE, DIANTE DELE, TODA A TERRA&#8221;! <\/em><\/span><\/h2>\n<h2 style=\"text-align: center;\"><span style=\"color: #38381d;\"><em>O ap\u00f3stolo Paulo assim disse: \u201cGlorificai a DEUS no VOSSO CORPO e no VOSSO ESP\u00cdRITO, os quais pertencem a DEUS!\u201d. Estava ensinando a todos a necessidade de TROCARMOS DE REFERENCIAL, DO ILUS\u00d3RIO MUNDO <strong>MATERIAL<\/strong> PARA O ETERNO REINO <strong>ESPIRITUAL<\/strong> DE DEUS! Somente desse modo a TERRA SER\u00c1 CALADA, e VOC\u00ca, AQUI E AGORA, SE PERCEBER\u00c1 \u201cEM DEUS VIVENDO, SE MOVENDO E TENDO O SEU SER\u201d! <\/em><\/span><\/h2>\n<h2 style=\"text-align: center;\"><span style=\"color: #38381d;\"><em>EM OUTRAS PALAVRAS, COMO MOIS\u00c9S,\u00a0 VOC\u00ca SE VER\u00c1 ONDE SEMPRE ESTEVE: EM \u201cSOLO SAGRADO\u201d! <\/em><\/span><\/h2>\n<h2 style=\"text-align: center;\"><span style=\"color: #38381d;\"><em>*<\/em><\/span><\/h2>\n","protected":false},"excerpt":{"rendered":"<p>Que valor teria a passagem b\u00edblica em que Mois\u00e9s, no alto do Monte Sinai, percebe a &#8220;sar\u00e7a ardente&#8221; e ouve ser-lhe revelado \u201cestar ele em solo sagrado\u201d? Esta revela\u00e7\u00e3o precisa ser entendida como dada a toda a humanidade, que acredita ver \u201cmat\u00e9ria\u201d onde h\u00e1 unicamente Deus! \u00c9 comum, diante de alguma revela\u00e7\u00e3o, \u00a0ser ela vista\u00a0 &hellip; <\/p>\n<p class=\"link-more\"><a href=\"https:\/\/www.fachodeluz.blog.br\/wp\/2017\/10\/23\/contemple-o-solo-sagrado-em-seu-proprio-monte-sinai\/\" class=\"more-link\">Leia mais<span class=\"screen-reader-text\"> &#8220;Contemple O Solo Sagrado &#8220;Em Seu Pr\u00f3prio Monte Sinai&#8221;!&#8221;<\/span><\/a><\/p>\n","protected":false},"author":2,"featured_media":0,"comment_status":"open","ping_status":"closed","sticky":false,"template":"","format":"standard","meta":{"nf_dc_page":"","_crdt_document":"","footnotes":""},"categories":[10],"tags":[],"class_list":["post-21127","post","type-post","status-publish","format-standard","hentry","category-darcio-dezolt"],"featured_media_urls":[],"_links":{"self":[{"href":"https:\/\/www.fachodeluz.blog.br\/wp\/wp-json\/wp\/v2\/posts\/21127","targetHints":{"allow":["GET"]}}],"collection":[{"href":"https:\/\/www.fachodeluz.blog.br\/wp\/wp-json\/wp\/v2\/posts"}],"about":[{"href":"https:\/\/www.fachodeluz.blog.br\/wp\/wp-json\/wp\/v2\/types\/post"}],"author":[{"embeddable":true,"href":"https:\/\/www.fachodeluz.blog.br\/wp\/wp-json\/wp\/v2\/users\/2"}],"replies":[{"embeddable":true,"href":"https:\/\/www.fachodeluz.blog.br\/wp\/wp-json\/wp\/v2\/comments?post=21127"}],"version-history":[{"count":0,"href":"https:\/\/www.fachodeluz.blog.br\/wp\/wp-json\/wp\/v2\/posts\/21127\/revisions"}],"wp:attachment":[{"href":"https:\/\/www.fachodeluz.blog.br\/wp\/wp-json\/wp\/v2\/media?parent=21127"}],"wp:term":[{"taxonomy":"category","embeddable":true,"href":"https:\/\/www.fachodeluz.blog.br\/wp\/wp-json\/wp\/v2\/categories?post=21127"},{"taxonomy":"post_tag","embeddable":true,"href":"https:\/\/www.fachodeluz.blog.br\/wp\/wp-json\/wp\/v2\/tags?post=21127"}],"curies":[{"name":"wp","href":"https:\/\/api.w.org\/{rel}","templated":true}]}}