{"id":21210,"date":"2017-11-06T12:40:25","date_gmt":"2017-11-06T14:40:25","guid":{"rendered":"http:\/\/fachodeluz.blog.br\/wp\/?p=21210"},"modified":"2017-11-06T12:48:57","modified_gmt":"2017-11-06T14:48:57","slug":"corpo-real-sombra-do-corpo-e-medicamentos-4-final","status":"publish","type":"post","link":"https:\/\/www.fachodeluz.blog.br\/wp\/2017\/11\/06\/corpo-real-sombra-do-corpo-e-medicamentos-4-final\/","title":{"rendered":"Corpo Real, Sombra Do Corpo E Medicamentos\u2026-4- (Final)"},"content":{"rendered":"<h2 style=\"text-align: center;\"><span style=\"color: #993366;\"><a href=\"https:\/\/i0.wp.com\/fachodeluz.blog.br\/wp\/wp-content\/uploads\/2017\/11\/asc2.gif\"><img data-recalc-dims=\"1\" loading=\"lazy\" decoding=\"async\" loading=\"lazy\" class=\"aligncenter size-full wp-image-21211\" src=\"https:\/\/i0.wp.com\/fachodeluz.blog.br\/wp\/wp-content\/uploads\/2017\/11\/asc2.gif?resize=455%2C381\" alt=\"\" width=\"455\" height=\"381\" \/><\/a>&#8211; 4-<\/span><\/h2>\n<h2 style=\"text-align: center;\"><span style=\"color: #993366;\">Em fun\u00e7\u00e3o do que veio aqui sendo exposto, o FOCO, com rela\u00e7\u00e3o ao Corpo, \u00e9 o pr\u00f3prio Corpo de Luz que somos, e n\u00e3o as suas \u201csombras\u201d, que s\u00e3o o suposto \u201ccorpo carnal\u201d e a \u201csombra dele\u201d, que se projeta em fun\u00e7\u00e3o de sua exposi\u00e7\u00e3o parcial \u00e0 luz do mundo.<\/span><\/h2>\n<h2 style=\"text-align: center;\"><span style=\"color: #993366;\">Este entendimento, que nos dissocia do \u201ccorpo f\u00edsico\u201d, leva-nos \u00e0 PERCEP\u00c7\u00c3O iluminada de que, como TEMPLOS DE DEUS, jamais estivemos participando da suposta \u201cmovimenta\u00e7\u00e3o de suas sombras\u201d. Por isso, Jesus\u00a0 assim disse: <em><strong>\u201cBem aventurado o ventre que jamais gestou\u201d,<\/strong><\/em> e disse Buda:<em><strong> \u201cO homem jamais esteve no ventre materno\u201d.<\/strong> <\/em>Ambos revelavam QUEM REALMENTE SOMOS, E O CORPO REAL QUE TODOS TEMOS, QUE \u00c9 UM PERMANENTE E IMUT\u00c1VEL \u201cCORPO DE LUZ\u201d!<\/span><\/h2>\n<h2 style=\"text-align: center;\"><span style=\"color: #993366;\">Disse tamb\u00e9m Jesus: <em>\u201cCr\u00ea, somente, e seja-te feito segundo a tua cren\u00e7a\u201d.<\/em> Sabia que, em contato aparente com o \u201cmundo de sombras\u201d, se n\u00e3o tom\u00e1ssemos \u00a0cuidado, acabar\u00edamos por acreditar SER UMA DELAS, ou seja, acreditar SER UM SUPOSTO \u201cCORPO CARNAL\u201d.<\/span><\/h2>\n<h2 style=\"text-align: center;\"><span style=\"color: #993366;\">O \u201cmundo das sombras\u201d \u00e9 o \u201cmundo do pai da mentira\u201d, um mundo de <em>proje\u00e7\u00f5es hipn\u00f3ticas expostas<\/em> na \u201ctela da mente carnal\u201d. \u00c9, portanto, um \u201cmundo ilus\u00f3rio e inconstante&#8221;, por expressar os tamb\u00e9m ilus\u00f3rios pensamentos da \u201cmente carnal\u201d, que podem ser positivos ou negativos, ou serem bons ou maus. <\/span><\/h2>\n<h2 style=\"text-align: center;\"><span style=\"color: #993366;\">Sem contemplarmos o Bem absoluto da Realidade divina, e sem \u00a0conservarmos os pensamentos alinhados com a Verdade Absoluta, a FALSA CREN\u00c7A COLETIVA NO BEM E NO MAL pode nos sugestionar e se expressar \u201cno mundo das sombras\u201d , levando-nos a CRER QUE TAIS EXPERI\u00caNCIAS SEJAM REAIS E QUE SEJAM &#8220;NOSSAS&#8221; EXPERI\u00caNCIAS.<\/span><\/h2>\n<h2 style=\"text-align: center;\"><span style=\"color: #993366;\">A <strong><em>Ci\u00eancia Mental<\/em><\/strong> nos ajuda a manter o FOCO NA VERDADE, deixando a suposta \u201cmente humana\u201d SELETIVA, endossando o BEM\u00a0 e negando o MAL.\u00a0 Sempre que algu\u00e9m reclama de algo \u201cruim\u201d, est\u00e1 acreditando SER A SOMBRA E N\u00c3O O CORPO DE LUZ! Evitar ao m\u00e1ximo esse tipo de I<em><strong>LUS\u00c3O<\/strong><\/em> \u00e9 o que nos preveniu Jesus, ao falar a respeito de \u201cNOSSAS CREN\u00c7AS\u201d!<\/span><\/h2>\n<h2 style=\"text-align: center;\"><span style=\"color: #993366;\">E quanto aos medicamentos? H\u00e1 dois pontos a serem gravados: N\u00c3O SOMOS JAMAIS A \u201cSOMBRA FENOM\u00caNICA\u201d CHAMADA CORPO CARNAL! <em><strong>O FILHO DE DEUS \u00c9 UM COM DEUS, E JAMAIS TOMA REM\u00c9DIOS!<\/strong><\/em> LOGO, ESTEJA ESTA &#8220;SOMBRA FENOM\u00caNICA&#8221; INGERINDO OU N\u00c3O MEDICAMENTOS, NADA TEM ELA A VER COM O CORPO DE LUZ PERFEITO QUE SOMOS! \u00a0O segundo ponto \u00e9 o seguinte: Aqueles sem plena CONVIC\u00c7\u00c3O desta Verdade, poder\u00e3o RECONHECER QUE OS MEDICAMENTOS N\u00c3O S\u00c3O O QUE APARENTAM SER, E SIM \u201cSOMBRAS\u201d \u00a0&#8211; E QUE, VISTOS CORRETAMENTE, S\u00c3O O \u201cVERBO DE DEUS\u201d, E N\u00c3O \u201cMAT\u00c9RIA\u201d!<\/span><\/h2>\n<h2 style=\"text-align: center;\"><span style=\"color: #993366;\">Cada um, com sua maior ou menor DEDICA\u00c7\u00c3O aos princ\u00edpios aqui expostos, ter\u00e1 os benef\u00edcios proporcionais\u00a0 a esta sua dedica\u00e7\u00e3o e grau de interesse. <\/span><\/h2>\n<h2 style=\"text-align: center;\"><span style=\"color: #993366;\">NO ABSOLUTO, SOMOS TODOS <strong><em>DEUSES!<\/em> <\/strong>NO SUPOSTO &#8220;MUNDO DE SOMBRAS&#8221;, APARENTAMOS SER <strong><em>O QUE ACREDITARMOS QUE SOMOS,\u00a0<\/em> <\/strong>UMA \u00a0VEZ QUE &#8220;ESTE MUNDO&#8221; \u00c9 MERAMENTE UM<strong><em> \u201cMUNDO DE CREN\u00c7AS\u201d!<\/em><\/strong><\/span><\/h2>\n<h2 style=\"text-align: center;\"><span style=\"color: #993366;\">\u00a0*<\/span><\/h2>\n","protected":false},"excerpt":{"rendered":"<p>&#8211; 4- Em fun\u00e7\u00e3o do que veio aqui sendo exposto, o FOCO, com rela\u00e7\u00e3o ao Corpo, \u00e9 o pr\u00f3prio Corpo de Luz que somos, e n\u00e3o as suas \u201csombras\u201d, que s\u00e3o o suposto \u201ccorpo carnal\u201d e a \u201csombra dele\u201d, que se projeta em fun\u00e7\u00e3o de sua exposi\u00e7\u00e3o parcial \u00e0 luz do mundo. Este entendimento, que &hellip; <\/p>\n<p class=\"link-more\"><a href=\"https:\/\/www.fachodeluz.blog.br\/wp\/2017\/11\/06\/corpo-real-sombra-do-corpo-e-medicamentos-4-final\/\" class=\"more-link\">Leia mais<span class=\"screen-reader-text\"> &#8220;Corpo Real, Sombra Do Corpo E Medicamentos\u2026-4- (Final)&#8221;<\/span><\/a><\/p>\n","protected":false},"author":2,"featured_media":0,"comment_status":"open","ping_status":"closed","sticky":false,"template":"","format":"standard","meta":{"nf_dc_page":"","_crdt_document":"","footnotes":""},"categories":[10],"tags":[],"class_list":["post-21210","post","type-post","status-publish","format-standard","hentry","category-darcio-dezolt"],"featured_media_urls":[],"_links":{"self":[{"href":"https:\/\/www.fachodeluz.blog.br\/wp\/wp-json\/wp\/v2\/posts\/21210","targetHints":{"allow":["GET"]}}],"collection":[{"href":"https:\/\/www.fachodeluz.blog.br\/wp\/wp-json\/wp\/v2\/posts"}],"about":[{"href":"https:\/\/www.fachodeluz.blog.br\/wp\/wp-json\/wp\/v2\/types\/post"}],"author":[{"embeddable":true,"href":"https:\/\/www.fachodeluz.blog.br\/wp\/wp-json\/wp\/v2\/users\/2"}],"replies":[{"embeddable":true,"href":"https:\/\/www.fachodeluz.blog.br\/wp\/wp-json\/wp\/v2\/comments?post=21210"}],"version-history":[{"count":0,"href":"https:\/\/www.fachodeluz.blog.br\/wp\/wp-json\/wp\/v2\/posts\/21210\/revisions"}],"wp:attachment":[{"href":"https:\/\/www.fachodeluz.blog.br\/wp\/wp-json\/wp\/v2\/media?parent=21210"}],"wp:term":[{"taxonomy":"category","embeddable":true,"href":"https:\/\/www.fachodeluz.blog.br\/wp\/wp-json\/wp\/v2\/categories?post=21210"},{"taxonomy":"post_tag","embeddable":true,"href":"https:\/\/www.fachodeluz.blog.br\/wp\/wp-json\/wp\/v2\/tags?post=21210"}],"curies":[{"name":"wp","href":"https:\/\/api.w.org\/{rel}","templated":true}]}}