{"id":21232,"date":"2017-11-09T12:33:56","date_gmt":"2017-11-09T14:33:56","guid":{"rendered":"http:\/\/fachodeluz.blog.br\/wp\/?p=21232"},"modified":"2017-11-09T16:43:22","modified_gmt":"2017-11-09T18:43:22","slug":"deus-e-seu-corpo-unico-e-perfeito-deste-agora","status":"publish","type":"post","link":"https:\/\/www.fachodeluz.blog.br\/wp\/2017\/11\/09\/deus-e-seu-corpo-unico-e-perfeito-deste-agora\/","title":{"rendered":"&#8220;Deus \u00c9 Seu Corpo \u00danico E Perfeito Deste Agora!\u201d"},"content":{"rendered":"<h2 style=\"text-align: center;\"><span style=\"color: #5e5e48;\"><a href=\"https:\/\/i0.wp.com\/fachodeluz.blog.br\/wp\/wp-content\/uploads\/2017\/11\/light-in-head.gif\"><img data-recalc-dims=\"1\" loading=\"lazy\" decoding=\"async\" loading=\"lazy\" class=\"aligncenter size-full wp-image-21233\" src=\"https:\/\/i0.wp.com\/fachodeluz.blog.br\/wp\/wp-content\/uploads\/2017\/11\/light-in-head.gif?resize=455%2C461\" alt=\"\" width=\"455\" height=\"461\" \/><\/a><\/span><\/h2>\n<h2 style=\"text-align: center;\"><span style=\"color: #5e5e48;\">S\u00e3o\u00a0 muitos \u00a0os que j\u00e1 leram ou ouviram que <strong><em>\u201cnosso Corpo \u00e9 um Templo de Deus\u201d,<\/em><\/strong> e que <em><strong>\u201co Esp\u00edrito de Deus \u00e9 o Esp\u00edrito que somos, habitando este Corpo\u201d.<\/strong> <\/em>De fato, esta \u00e9 a Verdade, que consta na B\u00edblia, e que CONSTA EM VOC\u00ca COMO FATO PERMANENTE!\u00a0 Contudo, apenas saber, SEM SUA CONSCIENTE IDENTIFICA\u00c7\u00c3O, poder\u00e1 n\u00e3o revelar esta Verdade aos sentidos mortais! Por qu\u00ea? PORQUE O QUE APARECE \u00c0 FINITA PERCEP\u00c7\u00c3O DELES N\u00c3O \u00c9 A VERDADE ABSOLUTA, E SIM, UNICAMENTE\u00a0 A SUA CREN\u00c7A, a sua suposta IDENTIFICA\u00c7\u00c3O com a ILUS\u00c3O DE MASSA!<\/span><\/h2>\n<h2 style=\"text-align: center;\"><span style=\"color: #5e5e48;\">Na <em>Ci\u00eancia Crist\u00e3,<\/em> \u00e9 dado o procedimento metaf\u00edsico \u00a0correto, quando assim \u00e9 dito: <strong><em>\u201c\u00c9 preciso trazer \u00e0 luz o grandioso fato espiritual de que o homem \u00e9, n\u00e3o que ser\u00e1, perfeito e imortal\u201d.<\/em> <\/strong>A frase \u00e9 t\u00e3o verdadeira quanto a cita\u00e7\u00e3o de Paulo, contida na B\u00edblia, de que SOMOS UM TEMPLO DE DEUS; no entanto, mesmo sendo verdadeiras, lidas e aceitas mentalmente, SEM QUE HAJA A NOSSA IDENTIFICA\u00c7\u00c3O com a Verdade contida nelas, pouco ou nenhum resultado pr\u00e1tico obteremos!<\/span><\/h2>\n<h2 style=\"text-align: center;\"><span style=\"color: #5e5e48;\">Em Deus VIVEMOS e TEMOS O NOSSO SER! Em DEUS, nosso CORPO \u00c9 TEMPLO DE DEUS! Em Deus SOMOS PERFEITOS E IMORTAIS! Entretanto, no suposto \u201cmundo de cren\u00e7as\u201d, estas VERDADES requerem nossa IDENTIFICA\u00c7\u00c3O COM ELAS! DE QUE FORMA? ATRAV\u00c9S DE NOSSO ENDOSSO MENTAL DE CADA VERDADE ABSOLUTA REVELADA!<\/span><\/h2>\n<h2 style=\"text-align: center;\"><span style=\"color: #5e5e48;\">H\u00e1 pessoas que se dizem \u201cpraticantes da Verdade\u201d, mas,\u00a0 assim dizem:<em> \u201cEu sei que no Absoluto, Deus \u00e9 quem EU SOU; mas, \u201caqui nas apar\u00eancias\u201d, ainda vivo com muitos problemas!\u201d<\/em> <\/span><\/h2>\n<h2 style=\"text-align: center;\"><span style=\"color: #5e5e48;\">N\u00c3O H\u00c1 MUITOS NEM POUCOS PROBLEMAS! DEUS \u00c9 TUDO! EM VISTA DISSO, EM VEZ DE AFIRMAR A <strong><em>\u201cILUS\u00c3O\u201d,<\/em><\/strong> CADA UM DEVER\u00c1 AFIRMAR A VERDADE, A EXEMPLO DE JESUS, QUE DISSE: <strong><em>\u201cAQUELE QUE ME V\u00ca A MIM, V\u00ca O PAI!\u201d.<\/em><\/strong><\/span><\/h2>\n<h2 style=\"text-align: center;\"><span style=\"color: #5e5e48;\">Algumas \u00a0pessoas me criticavam, na \u00e9poca em que eu fazia palestras sobre a Verdade Absoluta, quando eu indicava a <strong><em>Ci\u00eancia Mental ,<\/em><\/strong> suas programa\u00e7\u00f5es e afirma\u00e7\u00f5es positivas, e as nega\u00e7\u00f5es do erro, dizendo que eu estava regredindo ao \u201cmentalismo\u201d, em vez de estar sendo fiel aos princ\u00edpios absolutos. Na verdade, quem assim avalia,\u00a0 j\u00e1 prova estar empregando a \u201cmente carnal\u201d! Se estivesse empregando a sua Mente de Cristo, n\u00e3o teria assim julgado!<\/span><\/h2>\n<h2 style=\"text-align: center;\"><span style=\"color: #5e5e48;\">A Verdade \u00e9 a revelada: DEUS \u00c9 O SEU CORPO \u00daNICO E PERFEITO DESTE AGORA! ESTE \u00c9 O FATO PERMANENTE! Onde entra a <strong><em>Ci\u00eancia Mental?<\/em> <em>NA DESTRUI\u00c7\u00c3O DAS \u201cFALSAS CREN\u00c7AS\u201d CONTR\u00c1RIAS \u00c0 VERDADE, POR ENDOSSAR A VERDADE, E NEGAR A ILUS\u00c3O!<\/em> <\/strong>PORTANTO, AJUDA-NOS A FAZER A <strong><em>IDENTIFICA\u00c7\u00c3O COM A VERDADE,<\/em> <\/strong>EVITANDO QUE NOS IDENTIFIQUEMOS COM O \u201cREFERENCIAL DA MENTIRA&#8221;!<\/span><\/h2>\n<h2 style=\"text-align: center;\"><span style=\"color: #5e5e48;\">Nossa IDENTIFICA\u00c7\u00c3O com o CRISTO que somos, e com o REINO DE DEUS em que estamos, \u00e9 o sentido de \u2018TRAZER \u00c0 LUZ\u201d O SER QUE <em><strong>SOMOS,<\/strong><\/em>\u00a0 &#8211; N\u00c3O QUE <em><strong>SEREMOS<\/strong><\/em> &#8211; PERFEITO E IMORTAL! Esta IDENTIFICA\u00c7\u00c3O deve ser feita atrav\u00e9s das CONTEMPLA\u00c7\u00d5ES ABSOLUTAS e, tamb\u00e9m, com o emprego da Ci\u00eancia Mental \u2013 sem que algu\u00e9m precise ficar sabendo desta nossa dedica\u00e7\u00e3o a esta IDENTIFICA\u00c7\u00c3O! Expondo-a aos judeus, Jesus deles recebeu pedradas! Se propagarmos indevidamente a Verdade com a qual nos IDENTIFICAMOS, igualmente, receberemos as \u201cpedradas do mundo\u201d!\u00a0 <\/span><\/h2>\n<h2 style=\"text-align: center;\"><span style=\"color: #5e5e48;\">EM VISTA DISSO, ACEITE, RECONHE\u00c7A, AFIRME E CONTEMPLE A VERDADE, E PASSE A VIVER IDENTIFICADO AO M\u00c1XIMO COM ELA!\u00a0 JAMAIS DIGA QUE \u201cNA APAR\u00caNCIA\u201d VOC\u00ca VIVE EM PROBLEMAS! \u201cAPAR\u00caNCIAS\u201d S\u00c3O \u201cNADAS\u201d, ENQUANTO DEUS \u00c9 TUDO, SENDO, INCLUSIVE,\u00a0 O PERFEIT\u00cdSSIMO <em>CRISTO QUE VOC\u00ca AGORA \u00c9!<\/em><\/span><\/h2>\n<h2 style=\"text-align: center;\"><span style=\"color: #5e5e48;\">*<\/span><\/h2>\n","protected":false},"excerpt":{"rendered":"<p>S\u00e3o\u00a0 muitos \u00a0os que j\u00e1 leram ou ouviram que \u201cnosso Corpo \u00e9 um Templo de Deus\u201d, e que \u201co Esp\u00edrito de Deus \u00e9 o Esp\u00edrito que somos, habitando este Corpo\u201d. De fato, esta \u00e9 a Verdade, que consta na B\u00edblia, e que CONSTA EM VOC\u00ca COMO FATO PERMANENTE!\u00a0 Contudo, apenas saber, SEM SUA CONSCIENTE IDENTIFICA\u00c7\u00c3O, &hellip; <\/p>\n<p class=\"link-more\"><a href=\"https:\/\/www.fachodeluz.blog.br\/wp\/2017\/11\/09\/deus-e-seu-corpo-unico-e-perfeito-deste-agora\/\" class=\"more-link\">Leia mais<span class=\"screen-reader-text\"> &#8220;&#8220;Deus \u00c9 Seu Corpo \u00danico E Perfeito Deste Agora!\u201d&#8221;<\/span><\/a><\/p>\n","protected":false},"author":2,"featured_media":0,"comment_status":"open","ping_status":"closed","sticky":false,"template":"","format":"standard","meta":{"nf_dc_page":"","_crdt_document":"","footnotes":""},"categories":[10],"tags":[],"class_list":["post-21232","post","type-post","status-publish","format-standard","hentry","category-darcio-dezolt"],"featured_media_urls":[],"_links":{"self":[{"href":"https:\/\/www.fachodeluz.blog.br\/wp\/wp-json\/wp\/v2\/posts\/21232","targetHints":{"allow":["GET"]}}],"collection":[{"href":"https:\/\/www.fachodeluz.blog.br\/wp\/wp-json\/wp\/v2\/posts"}],"about":[{"href":"https:\/\/www.fachodeluz.blog.br\/wp\/wp-json\/wp\/v2\/types\/post"}],"author":[{"embeddable":true,"href":"https:\/\/www.fachodeluz.blog.br\/wp\/wp-json\/wp\/v2\/users\/2"}],"replies":[{"embeddable":true,"href":"https:\/\/www.fachodeluz.blog.br\/wp\/wp-json\/wp\/v2\/comments?post=21232"}],"version-history":[{"count":0,"href":"https:\/\/www.fachodeluz.blog.br\/wp\/wp-json\/wp\/v2\/posts\/21232\/revisions"}],"wp:attachment":[{"href":"https:\/\/www.fachodeluz.blog.br\/wp\/wp-json\/wp\/v2\/media?parent=21232"}],"wp:term":[{"taxonomy":"category","embeddable":true,"href":"https:\/\/www.fachodeluz.blog.br\/wp\/wp-json\/wp\/v2\/categories?post=21232"},{"taxonomy":"post_tag","embeddable":true,"href":"https:\/\/www.fachodeluz.blog.br\/wp\/wp-json\/wp\/v2\/tags?post=21232"}],"curies":[{"name":"wp","href":"https:\/\/api.w.org\/{rel}","templated":true}]}}