{"id":21265,"date":"2017-11-15T11:39:39","date_gmt":"2017-11-15T13:39:39","guid":{"rendered":"http:\/\/fachodeluz.blog.br\/wp\/?p=21265"},"modified":"2017-11-16T00:14:20","modified_gmt":"2017-11-16T02:14:20","slug":"21265","status":"publish","type":"post","link":"https:\/\/www.fachodeluz.blog.br\/wp\/2017\/11\/15\/21265\/","title":{"rendered":"Persist\u00eancia Sob Firme E Inabal\u00e1vel Convic\u00e7\u00e3o!"},"content":{"rendered":"<p style=\"text-align: center;\"><span style=\"color: #166316;\"><a href=\"https:\/\/i0.wp.com\/fachodeluz.blog.br\/wp\/wp-content\/uploads\/2017\/11\/prof.gif\"><img data-recalc-dims=\"1\" loading=\"lazy\" decoding=\"async\" loading=\"lazy\" class=\"aligncenter size-full wp-image-21266\" src=\"https:\/\/i0.wp.com\/fachodeluz.blog.br\/wp\/wp-content\/uploads\/2017\/11\/prof.gif?resize=455%2C326\" alt=\"\" width=\"455\" height=\"326\" \/><\/a><\/span><\/p>\n<h2 style=\"text-align: center;\"><span style=\"color: #166316;\"><strong><em>\u201cVir a Mim\u201d,<\/em> <\/strong>e <em><strong>\u201cbuscar primeiro o Reino de Deus\u201d,<\/strong><\/em> s\u00e3o as prioridades que, atendidas, fazem com que evitemos de ser ludibriados pela constante \u201cmudan\u00e7a de apar\u00eancias vis\u00edveis\u201d,\u00a0 que intentam nos convencer de que DEUS N\u00c3O \u00c9 TUDO e que SUAS OBRAS N\u00c3O S\u00c3O AS <em><strong>\u00daNICAS<\/strong><\/em> REAIS E PERMANENTES!<\/span><\/h2>\n<h2 style=\"text-align: center;\"><span style=\"color: #166316;\">Enquanto a \u201cmente carnal\u201d nos sugere \u201csuas apar\u00eancias&#8221;, boas ou m\u00e1s, s\u00e3o\u00a0 as &#8220;boas&#8221; as mais perigosas, se passarmos a endoss\u00e1-las e <em><strong>deixarmos de nos ater \u00e0 Verdade de que \u201cem Deus\u201d \u00e9 que vivemos!<\/strong> <\/em>Por qu\u00ea? Por \u00a0nos abrirmos ao \u201ccurso da ilus\u00e3o\u201d, que continuamente muda as \u201capar\u00eancias\u201d, de boas para m\u00e1s, e de m\u00e1s para boas, levando a maioria a crer nelas, e n\u00e3o na <em><strong>CONST\u00c2NCIA da Onia\u00e7\u00e3o perfeita,<\/strong><\/em> SEMPRE AGORA em evid\u00eancia!<\/span><\/h2>\n<h2 style=\"text-align: center;\"><span style=\"color: #166316;\">Al\u00e9m das \u201ccontempla\u00e7\u00f5es absolutas\u201d, precisamos fazer pausas, em nossas supostas atividades fenom\u00eanicas, para relembrarmos que \u201ceste mundo\u201d \u00e9 feito de \u201csombras em muta\u00e7\u00e3o\u201d, enquanto <em><strong>a Verdade \u00e9 que \u201cnosso Reino n\u00e3o \u00e9 deste mundo\u201d.<\/strong> <\/em>Este \u00e9 o \u201ccuidado de cada dia\u201d: o <strong><em>reconhecimento<\/em><\/strong> de que a <em><strong>Onia\u00e7\u00e3o perfeita<\/strong><\/em> abrange o CRISTO que somos, enquanto as \u201capar\u00eancias\u201d, boas ou m\u00e1s, s\u00e3o puramente \u201csombras em muta\u00e7\u00e3o\u201d.<\/span><\/h2>\n<h2 style=\"text-align: center;\"><span style=\"color: #166316;\">Que fazer, quando as \u201capar\u00eancias negativas\u201d insistem em se projetar diante de n\u00f3s? Precisamos ter e manter \u00a0a CONVIC\u00c7\u00c3O de que os princ\u00edpios absolutos da Verdade s\u00e3o, realmente, a Verdade! E ent\u00e3o, adotarmos uma F\u00c9RREA \u00a0E INABAL\u00c1VEL\u00a0 PERSIST\u00caNCIA EM PERMANECERMOS \u00a0FOCADOS NESTES PRINC\u00cdPIOS. Isto quer dizer\u00a0 SERMOS INSISTENTES E CONVICTOS de que DEUS \u00c9 TUDO, e que \u201cAPAR\u00caNCIAS\u201d S\u00c3O \u201cNADAS\u201d!<\/span><\/h2>\n<h2 style=\"text-align: center;\"><span style=\"color: #166316;\">Suponhamos que algu\u00e9m esteja se achando \u201ccarnal\u201d e \u201cdiab\u00e9tico\u201d: haveria algo assim na Onipresen\u00e7a divina? Sabemos que n\u00e3o! Portanto, esta ILUS\u00c3O somente poderia ser a vis\u00e3o de uma \u201cmiragem\u201d, fruto da \u201calucina\u00e7\u00e3o\u201d de que <em>\u201co homem foi expulso do Para\u00edso\u201d.<\/em><\/span><\/h2>\n<h2 style=\"text-align: center;\"><span style=\"color: #166316;\"> A <strong><em>CONVIC\u00c7\u00c3O<\/em><\/strong> DE QUE <em>DEUS \u00c9 TUDO,<\/em> E QUE A <em>\u201cAPAR\u00caNCIA \u00c9 NADA\u201d,<\/em> \u00c9 A VERDADE ABSOLUTA ALI EVIDENCIADA! E ASSIM DEVE SER RECONHECIDA E CONTEMPLADA! ISTO SIGNIFICA \u00a0ESTE ALGU\u00c9M <em>&#8220;GLORIFICAR A DEUS EM SEU CORPO E EM SEU ESP\u00cdRITO&#8221;,<\/em> como nos instruiu o ap\u00f3stolo Paulo, e <em><strong>\u201cVER SUMIR DE SUA A PERCEP\u00c7\u00c3O\u201d<\/strong> <\/em>O \u201cMUNDO DO PAI DA MENTIRA&#8221;,\u00a0 COM SEUS HABITANTES, SUAS CREN\u00c7AS NO BEM E NO MAL, SUAS DOEN\u00c7AS E SUAS SUPOSTAS CURAS!<\/span><\/h2>\n<h2 style=\"text-align: center;\"><span style=\"color: #166316;\"><strong><em>\u201cQuem perseverar at\u00e9 o fim, ser\u00e1 salvo\u201d,<\/em> <\/strong>diz a B\u00edblia! Explica que <em>NOSSA PERMAN\u00caNCIA EM \u201cMIM\u201d, &#8211; <\/em>NO <em><strong>EU SOU<\/strong><\/em> ABSOLUTO<em> &#8211; DAR\u00c1 FRUTOS,<\/em> como nos garantiu Jesus!<\/span><\/h2>\n<h2 style=\"text-align: center;\"><span style=\"color: #166316;\">A Pr\u00e1tica da Verdade \u00e9 muito simples; entretanto, requer uma CONVIC\u00c7\u00c3O INABAL\u00c1VEL de que A TOTALIDADE DE DEUS \u00c9 FATO PERMANENTE, E QUE O \u201cMUNDO DE APAR\u00caNCIAS\u201d, COM SEUS ILUS\u00d3RIOS HABITANTES E SEUS SENSACIONISMOS, <em>APARENTEMENTE CONVINCENTES,<\/em> N\u00c3O PASSA DE \u201cMIRAGEM\u201d! EM SEU LUGAR, <em><strong>H\u00c1 UNICAMENTE DEUS!<\/strong><\/em><\/span><\/h2>\n<h2 style=\"text-align: center;\"><span style=\"color: #166316;\">*<\/span><\/h2>\n","protected":false},"excerpt":{"rendered":"<p>\u201cVir a Mim\u201d, e \u201cbuscar primeiro o Reino de Deus\u201d, s\u00e3o as prioridades que, atendidas, fazem com que evitemos de ser ludibriados pela constante \u201cmudan\u00e7a de apar\u00eancias vis\u00edveis\u201d,\u00a0 que intentam nos convencer de que DEUS N\u00c3O \u00c9 TUDO e que SUAS OBRAS N\u00c3O S\u00c3O AS \u00daNICAS REAIS E PERMANENTES! Enquanto a \u201cmente carnal\u201d nos sugere &hellip; <\/p>\n<p class=\"link-more\"><a href=\"https:\/\/www.fachodeluz.blog.br\/wp\/2017\/11\/15\/21265\/\" class=\"more-link\">Leia mais<span class=\"screen-reader-text\"> &#8220;Persist\u00eancia Sob Firme E Inabal\u00e1vel Convic\u00e7\u00e3o!&#8221;<\/span><\/a><\/p>\n","protected":false},"author":2,"featured_media":0,"comment_status":"open","ping_status":"closed","sticky":false,"template":"","format":"standard","meta":{"nf_dc_page":"","_crdt_document":"","footnotes":""},"categories":[10],"tags":[],"class_list":["post-21265","post","type-post","status-publish","format-standard","hentry","category-darcio-dezolt"],"featured_media_urls":[],"_links":{"self":[{"href":"https:\/\/www.fachodeluz.blog.br\/wp\/wp-json\/wp\/v2\/posts\/21265","targetHints":{"allow":["GET"]}}],"collection":[{"href":"https:\/\/www.fachodeluz.blog.br\/wp\/wp-json\/wp\/v2\/posts"}],"about":[{"href":"https:\/\/www.fachodeluz.blog.br\/wp\/wp-json\/wp\/v2\/types\/post"}],"author":[{"embeddable":true,"href":"https:\/\/www.fachodeluz.blog.br\/wp\/wp-json\/wp\/v2\/users\/2"}],"replies":[{"embeddable":true,"href":"https:\/\/www.fachodeluz.blog.br\/wp\/wp-json\/wp\/v2\/comments?post=21265"}],"version-history":[{"count":0,"href":"https:\/\/www.fachodeluz.blog.br\/wp\/wp-json\/wp\/v2\/posts\/21265\/revisions"}],"wp:attachment":[{"href":"https:\/\/www.fachodeluz.blog.br\/wp\/wp-json\/wp\/v2\/media?parent=21265"}],"wp:term":[{"taxonomy":"category","embeddable":true,"href":"https:\/\/www.fachodeluz.blog.br\/wp\/wp-json\/wp\/v2\/categories?post=21265"},{"taxonomy":"post_tag","embeddable":true,"href":"https:\/\/www.fachodeluz.blog.br\/wp\/wp-json\/wp\/v2\/tags?post=21265"}],"curies":[{"name":"wp","href":"https:\/\/api.w.org\/{rel}","templated":true}]}}