{"id":21289,"date":"2017-11-20T10:45:28","date_gmt":"2017-11-20T12:45:28","guid":{"rendered":"http:\/\/fachodeluz.blog.br\/wp\/?p=21289"},"modified":"2017-11-20T10:52:48","modified_gmt":"2017-11-20T12:52:48","slug":"a-ninguem-conhecamos-segundo-a-carne","status":"publish","type":"post","link":"https:\/\/www.fachodeluz.blog.br\/wp\/2017\/11\/20\/a-ninguem-conhecamos-segundo-a-carne\/","title":{"rendered":"&#8220;A Ningu\u00e9m Conhe\u00e7amos Segundo A Carne!&#8221;"},"content":{"rendered":"<h3 style=\"text-align: center;\"><\/h3>\n<h3 style=\"text-align: center;\"><\/h3>\n<h2 style=\"text-align: center;\"><a href=\"https:\/\/i0.wp.com\/fachodeluz.blog.br\/wp\/wp-content\/uploads\/2017\/11\/segundo-a-carne1.gif\"><img data-recalc-dims=\"1\" loading=\"lazy\" decoding=\"async\" loading=\"lazy\" class=\"aligncenter size-full wp-image-21292\" src=\"https:\/\/i0.wp.com\/fachodeluz.blog.br\/wp\/wp-content\/uploads\/2017\/11\/segundo-a-carne1.gif?resize=455%2C455\" alt=\"\" width=\"455\" height=\"455\" \/><\/a><\/h2>\n<h3 style=\"text-align: center;\"><span style=\"color: #20452c;\"><em>&#8220;Daqui por diante, a ningu\u00e9m conhecemos segundo a carne, e, ainda que tamb\u00e9m tenhamos conhecido Cristo segundo a carne, contudo, agora, j\u00e1 o n\u00e3o conhecemos deste modo<\/em>.&#8221;<\/span><\/h3>\n<h3 style=\"text-align: center;\"><span style=\"color: #20452c;\">2 Cor. 5:16<\/span><\/h3>\n<h2 style=\"text-align: center;\"><span style=\"color: #20452c;\"><em>A recomenda\u00e7\u00e3o de Paulo, para que n\u00e3o conhe\u00e7amos a ningu\u00e9m segundo a carne, nem mesmo a Cristo, nos traz duas revela\u00e7\u00f5es absolutas: 1-) Aquele que s\u00f3 conhece Jesus pela carne, n\u00e3o conhece o Cristo em Jesus; 2-) Aquele que se conhece, ou conhece a outrem pela carne, n\u00e3o conhece o Cristo nem em SI MESMO, nem tampouco em outrem.<\/em><\/span><\/h2>\n<h2 style=\"text-align: center;\"><span style=\"color: #20452c;\">N\u00e3o existe \u201cmat\u00e9ria\u201d, n\u00e3o existe \u201cmundo material\u201d e n\u00e3o existe \u201cser carnal\u201d! Quem assim acreditar e se negar como participante desta ILUS\u00c3O COLETIVA, se ver\u00e1 na Onipresen\u00e7a de Deus, na compreens\u00e3o iluminada de que Deus, como \u201cUnidade Perfeita\u201d, \u00e9 TUDO, e saber\u00e1 que SOMOS TODOS UM COM ESTE <em>&#8220;MIM&#8221;<\/em> ou <em>\u201cEU SOU&#8221;<\/em> ABSOLUTO!<\/span><\/h2>\n<h2 style=\"text-align: center;\"><span style=\"color: #20452c;\"><em>\u201cQuem cr\u00ea em mim, cr\u00ea n\u00e3o em MIM\u201d <\/em>(Jo\u00e3o 12:44). Que sentido tem esta frase de Jesus? \u00a0Tentava \u00a0ele separar o \u201ceu da cren\u00e7a\u201d daquele EU SOU que \u00e9 Deus, sendo sua identidade REAL e tamb\u00e9m a NOSSA! \u00a0\u201c&#8230;<em>ainda que tamb\u00e9m tenhamos conhecido Cristo segundo a carne, contudo, agora, j\u00e1 o n\u00e3o conhecemos deste modo<\/em>.&#8221;<\/span><\/h2>\n<h2 style=\"text-align: center;\"><span style=\"color: #20452c;\"><strong><em>\u201cA minha doutrina n\u00e3o \u00e9 minha, mas DAQUELE que me enviou\u201d, \u201cQuem cr\u00ea em mim, CR\u00ca N\u00c3O EM MIM, MAS NAQUELE QUE ME ENVIOU\u201d.<\/em><\/strong> <\/span><\/h2>\n<h2 style=\"text-align: center;\"><span style=\"color: #20452c;\">O que Jesus explica, \u00e9 que DEUS, SENDO TUDO, \u00e9 unicamente o Esp\u00edrito dele e, igualmente o nosso! N\u00e3o h\u00e1 \u201cdoutrina divina\u201d vinda de \u201cILUS\u00d3RIO CARNAL\u201d! E n\u00e3o h\u00e1 \u201cdoutrina divina\u201d dirigida a &#8220;ILUS\u00d3RIOS CARNAIS\u201d! Em outras palavras, tudo ser\u00e1 claro e entendido pela aceita\u00e7\u00e3o de que <em>O REINO DE DEUS \u00c9 TUDO, E QUE O \u201cMUNDO DO PAI DA MENTIRA&#8221; \u00c9 NADA!<\/em><\/span><\/h2>\n<h2 style=\"text-align: center;\"><span style=\"color: #20452c;\">Jesus n\u00e3o se via como \u201cfilho de Maria\u201d!<strong><em> \u201cAntes que Abra\u00e3o existisse, eu sou\u201d,<\/em> <\/strong>disse ele aos judeus que o viam \u201cencarnado\u201d! As religi\u00f5es passaram \u00e0 humanidade um \u201cJesus carnal\u201d, e este \u201ceu da cren\u00e7a mortal\u201d, que jamais esteve sendo O CRISTO, ficou sendo entendido como sendo DEUS, e, portanto, sendo admirado, endeusado e idolatrado! <em><strong>\u201cQuem cr\u00ea em Mim cr\u00ea n\u00e3o em mim,<\/strong> <\/em>\u2013 em filho de Maria \u2013 <em>mas NAQUELE QUE ME ENVIOU\u201d!<\/em> <\/span><\/h2>\n<h2 style=\"text-align: center;\"><span style=\"color: #20452c;\">N\u00e3o h\u00e1 \u201ceu carnal nascido\u201d que seja UM COM DEUS! DEUS \u00c9 ESP\u00cdRITO, E \u00c9 TUDO! Quando o \u201cJesus nascido\u201d for visto segundo a sua pr\u00f3pria vis\u00e3o iluminada, ser\u00e1 visto como \u201cnada\u201d! <strong><em>\u201cEU, DE MIM MESMO, NADA SOU: O PAI EM MIM FAZ AS OBRAS!\u201d.<\/em><\/strong><\/span><\/h2>\n<h2 style=\"text-align: center;\"><span style=\"color: #20452c;\">Voc\u00ea conhece a VERDADE quando renuncia \u00e0 CREN\u00c7A MATERIAL e \u00e0 ILUS\u00c3O de que h\u00e1 \u201csalvadores pessoais\u201d!\u00a0 Assim disse Isa\u00edas: <strong><em>\u201cFora de Mim n\u00e3o h\u00e1 salvador\u201d.<\/em><\/strong><\/span><\/h2>\n<h2 style=\"text-align: center;\"><span style=\"color: #20452c;\"><em>&#8220;Daqui por diante, a ningu\u00e9m conhecemos segundo a carne, e, ainda que tamb\u00e9m tenhamos conhecido Cristo segundo a carne, contudo, agora, j\u00e1 o n\u00e3o conhecemos deste modo<\/em>\u201d.<\/span><\/h2>\n<h2 style=\"text-align: center;\"><span style=\"color: #20452c;\">Aquele que cumprir \u00e0 risca estas palavras de Paulo, entendendo a <em>Exist\u00eancia<\/em> n\u00e3o como material, mas como <strong><em>\u201cUnidade ESPIRITUAL Perfeita&#8221;,<\/em><\/strong> tamb\u00e9m cumprir\u00e1 o que disse Jesus: <strong><em>E V\u00d3S TAMB\u00c9M TESTIFICAREIS, POIS, ESTIVESTES COMIGO \u201cDESDE O PRINC\u00cdPIO\u201d!<\/em><\/strong><\/span><\/h2>\n<h2 style=\"text-align: center;\"><span style=\"color: #20452c;\">*<\/span><\/h2>\n","protected":false},"excerpt":{"rendered":"<p>&#8220;Daqui por diante, a ningu\u00e9m conhecemos segundo a carne, e, ainda que tamb\u00e9m tenhamos conhecido Cristo segundo a carne, contudo, agora, j\u00e1 o n\u00e3o conhecemos deste modo.&#8221; 2 Cor. 5:16 A recomenda\u00e7\u00e3o de Paulo, para que n\u00e3o conhe\u00e7amos a ningu\u00e9m segundo a carne, nem mesmo a Cristo, nos traz duas revela\u00e7\u00f5es absolutas: 1-) Aquele que &hellip; <\/p>\n<p class=\"link-more\"><a href=\"https:\/\/www.fachodeluz.blog.br\/wp\/2017\/11\/20\/a-ninguem-conhecamos-segundo-a-carne\/\" class=\"more-link\">Leia mais<span class=\"screen-reader-text\"> &#8220;&#8220;A Ningu\u00e9m Conhe\u00e7amos Segundo A Carne!&#8221;&#8221;<\/span><\/a><\/p>\n","protected":false},"author":2,"featured_media":0,"comment_status":"open","ping_status":"closed","sticky":false,"template":"","format":"standard","meta":{"nf_dc_page":"","_crdt_document":"","footnotes":""},"categories":[10],"tags":[],"class_list":["post-21289","post","type-post","status-publish","format-standard","hentry","category-darcio-dezolt"],"featured_media_urls":[],"_links":{"self":[{"href":"https:\/\/www.fachodeluz.blog.br\/wp\/wp-json\/wp\/v2\/posts\/21289","targetHints":{"allow":["GET"]}}],"collection":[{"href":"https:\/\/www.fachodeluz.blog.br\/wp\/wp-json\/wp\/v2\/posts"}],"about":[{"href":"https:\/\/www.fachodeluz.blog.br\/wp\/wp-json\/wp\/v2\/types\/post"}],"author":[{"embeddable":true,"href":"https:\/\/www.fachodeluz.blog.br\/wp\/wp-json\/wp\/v2\/users\/2"}],"replies":[{"embeddable":true,"href":"https:\/\/www.fachodeluz.blog.br\/wp\/wp-json\/wp\/v2\/comments?post=21289"}],"version-history":[{"count":0,"href":"https:\/\/www.fachodeluz.blog.br\/wp\/wp-json\/wp\/v2\/posts\/21289\/revisions"}],"wp:attachment":[{"href":"https:\/\/www.fachodeluz.blog.br\/wp\/wp-json\/wp\/v2\/media?parent=21289"}],"wp:term":[{"taxonomy":"category","embeddable":true,"href":"https:\/\/www.fachodeluz.blog.br\/wp\/wp-json\/wp\/v2\/categories?post=21289"},{"taxonomy":"post_tag","embeddable":true,"href":"https:\/\/www.fachodeluz.blog.br\/wp\/wp-json\/wp\/v2\/tags?post=21289"}],"curies":[{"name":"wp","href":"https:\/\/api.w.org\/{rel}","templated":true}]}}