{"id":21470,"date":"2017-12-25T04:17:16","date_gmt":"2017-12-25T06:17:16","guid":{"rendered":"http:\/\/fachodeluz.blog.br\/wp\/?p=21470"},"modified":"2017-12-25T04:17:16","modified_gmt":"2017-12-25T06:17:16","slug":"bem-aventuradas-as-estereis-2","status":"publish","type":"post","link":"https:\/\/www.fachodeluz.blog.br\/wp\/2017\/12\/25\/bem-aventuradas-as-estereis-2\/","title":{"rendered":"&#8220;Bem-aventuradas As Est\u00e9reis&#8230;!&#8221;"},"content":{"rendered":"<h3 style=\"text-align: center;\"><span style=\"color: #800000;\"><a href=\"https:\/\/i0.wp.com\/fachodeluz.blog.br\/wp\/wp-content\/uploads\/2017\/12\/BABY.gif\"><img data-recalc-dims=\"1\" loading=\"lazy\" decoding=\"async\" loading=\"lazy\" class=\"aligncenter size-full wp-image-21471\" src=\"https:\/\/i0.wp.com\/fachodeluz.blog.br\/wp\/wp-content\/uploads\/2017\/12\/BABY.gif?resize=455%2C298\" alt=\"\" width=\"455\" height=\"298\" \/><\/a><\/span><\/h3>\n<h3 style=\"text-align: center;\"><span style=\"color: #800000;\"><strong><em>\u201cBem-aventuradas as est\u00e9reis, e os ventres que n\u00e3o geraram, e os peitos que n\u00e3o amamentaram\u201d.<\/em><\/strong><\/span><\/h3>\n<h3 style=\"text-align: center;\"><span style=\"color: #800000;\"><strong><em>Lucas, 23: 29.<\/em><\/strong><\/span><\/h3>\n<h2 style=\"text-align: center;\"><span style=\"color: #800000;\">A raiz da <em>ILUS\u00c3O<\/em> se chama \u201ccren\u00e7a em nascimento humano\u201d. \u00c9 a partir dela que algu\u00e9m se julga habitante de mundo material, sujeitando-se \u00e0s <em>apar\u00eancias<\/em> e rotulando-as de boas ou m\u00e1s. Se for dito que <strong><em>\u201ctudo assim discernido \u00e9 nada\u201d,<\/em><\/strong> quem assim disser ser\u00e1 taxado de louco; entretanto, enquanto o \u201cnormal\u201d for dar cr\u00e9dito a esta cren\u00e7a, a VERDADE ficar\u00e1 aparentemente <em>desconhecida!<\/em><\/span><\/h2>\n<h2 style=\"text-align: center;\"><span style=\"color: #800000;\">Diz a B\u00edblia que, vendo as mulheres em lamentos, por verem sua situa\u00e7\u00e3o de sofrimento, Jesus disse a elas<em>: \u201cFilhas de Jerusal\u00e9m, n\u00e3o choreis por mim; chorai, antes, por v\u00f3s mesmas e por vossos filhos. Porque eis que h\u00e1 de vir dias em que dir\u00e3o: Bem-aventuradas as est\u00e9reis, e os ventres que n\u00e3o geraram, e os peitos que n\u00e3o amamentaram. Ent\u00e3o come\u00e7ar\u00e3o a dizer aos montes: Ca\u00ed sobre n\u00f3s, e aos outeiros: Cobri-nos. Porque, se ao madeiro verde fazem isto, que se far\u00e1 ao seco?\u201d<\/em> (Lucas, 23: 28-31).<\/span><\/h2>\n<h2 style=\"text-align: center;\"><span style=\"color: #800000;\">A quest\u00e3o, aqui levantada por Jesus, est\u00e1 em alertar as mulheres para o conhecimento da Verdade Absoluta de que \u201cNOSSO CORPO \u00c9 LUZ\u201d, e n\u00e3o a\u00a0 imagem carnal de um humano supostamente carregando cruz nas costas, mostrada como<em> realidade<\/em> pela suposta mente humana! Estava explicando que devem se lamentar e chorar aqueles que ainda desconhecem a Verdade, uma vez que, enquanto a <em>falsa cren\u00e7a<\/em> em \u201c nascimentos e mortes\u201d n\u00e3o for varrida plenamente da aceita\u00e7\u00e3o, a <strong><em>vis\u00e3o material ilus\u00f3ria<\/em> <\/strong>lhes parecer\u00e1 prevalecer, dando-lhes, e a seus filhos, cont\u00ednuas causas de lamenta\u00e7\u00f5es!<\/span><\/h2>\n<h2 style=\"text-align: center;\"><span style=\"color: #800000;\">Que s\u00e3o as <em>\u201cest\u00e9reis, e os ventres que n\u00e3o geraram, e os peitos que n\u00e3o amamentaram\u201d?<\/em>\u00a0 S\u00e3o a \u201cnatureza real\u201d de cada Ser, em nada relacionada com \u201ceste mundo\u201d.\u00a0 Jesus estava antevendo a descoberta da VERDADE ABSOLUTA de que DEUS \u00e9 o SER \u00daNICO EM EXPRESS\u00c3O! E que o \u201cnosso Corpo\u201d \u00e9 o CORPO DE DEUS e n\u00e3o \u201cimagem temporal\u201d que \u201cgera\u201d, \u201cnutre\u201d e depois \u201centerra\u201d sua pr\u00f3pria <strong><em>ILUS\u00c3O! <\/em><\/strong><\/span><\/h2>\n<h2 style=\"text-align: center;\"><span style=\"color: #800000;\"><em>\u201cN\u00e3o sabeis v\u00f3s que sois o templo de Deus e que o Esp\u00edrito de Deus habita em v\u00f3s?\u201d<\/em> (I Cor. 3: 16). A partir desse conhecimento, a <em>ILUS\u00c3O<\/em> se mostrar\u00e1 desmoronando: <em>\u201ccome\u00e7ar\u00e3o dizer aos montes: Ca\u00ed sobre n\u00f3s, e aos outeiros: Cobri-nos. Porque, se ao madeiro verde fazem isto, que se far\u00e1 ao seco\u201d?<\/em><\/span><\/h2>\n<h2 style=\"text-align: center;\"><span style=\"color: #800000;\">Quem ainda cr\u00ea em <em>\u201ccorpos nascidos\u201d,<\/em> em <em>\u201ccorpos vindos de ventres humanos\u201d,<\/em> <em>\u201camamentados por peitos humanos\u201d,<\/em> este, sim, pode se lamentar, e com direito, por n\u00e3o ter ainda vislumbrado o <em>UNIVERSO DE LUZ,<\/em> o <em>REINO DA VERDADE<\/em> em que realmente vivem, a Eternidade Perfeita que \u00e9 <strong><em>Fato<\/em><\/strong> <strong><em>permanente!<\/em><\/strong> O \u00daNICO de cada Filho de Deus, e a CREN\u00c7A FRAUDULENTA em supostos \u201cnascimentos humanos\u201d fica anulada de vez!<\/span><\/h2>\n<h2 style=\"text-align: center;\"><span style=\"color: #800000;\">Jesus n\u00e3o estava, portanto, falando de \u201cmulheres est\u00e9reis\u201d segundo as <em>concep\u00e7\u00f5es<\/em> do mundo! Estava revelando n\u00e3o serem \u201cdeste mundo\u201d: <em>\u201cBem-aventuradas as est\u00e9reis\u201d,<\/em> ou seja, as <em>DESPERTAS PARA O REAL E \u00daNICO CORPO DE TODOS N\u00d3S: O CORPO DE LUZ! <\/em><em>PERFEITO, ETERNO, O \u201cTEMPLO DE DEUS\u201d QUE SOMOS, E QUE JAMAIS GERA OU AMAMENTA <strong>A &#8220;ILUS\u00c3O&#8221; DE MATERIALIDADE TEMPORAL.<\/strong><\/em><\/span><\/h2>\n<h2 style=\"text-align: center;\"><span style=\"color: #800000;\">*<\/span><\/h2>\n","protected":false},"excerpt":{"rendered":"<p>\u201cBem-aventuradas as est\u00e9reis, e os ventres que n\u00e3o geraram, e os peitos que n\u00e3o amamentaram\u201d. Lucas, 23: 29. A raiz da ILUS\u00c3O se chama \u201ccren\u00e7a em nascimento humano\u201d. \u00c9 a partir dela que algu\u00e9m se julga habitante de mundo material, sujeitando-se \u00e0s apar\u00eancias e rotulando-as de boas ou m\u00e1s. Se for dito que \u201ctudo assim &hellip; <\/p>\n<p class=\"link-more\"><a href=\"https:\/\/www.fachodeluz.blog.br\/wp\/2017\/12\/25\/bem-aventuradas-as-estereis-2\/\" class=\"more-link\">Leia mais<span class=\"screen-reader-text\"> &#8220;&#8220;Bem-aventuradas As Est\u00e9reis&#8230;!&#8221;&#8221;<\/span><\/a><\/p>\n","protected":false},"author":2,"featured_media":0,"comment_status":"open","ping_status":"closed","sticky":false,"template":"","format":"standard","meta":{"nf_dc_page":"","_crdt_document":"","footnotes":""},"categories":[10],"tags":[],"class_list":["post-21470","post","type-post","status-publish","format-standard","hentry","category-darcio-dezolt"],"featured_media_urls":[],"_links":{"self":[{"href":"https:\/\/www.fachodeluz.blog.br\/wp\/wp-json\/wp\/v2\/posts\/21470","targetHints":{"allow":["GET"]}}],"collection":[{"href":"https:\/\/www.fachodeluz.blog.br\/wp\/wp-json\/wp\/v2\/posts"}],"about":[{"href":"https:\/\/www.fachodeluz.blog.br\/wp\/wp-json\/wp\/v2\/types\/post"}],"author":[{"embeddable":true,"href":"https:\/\/www.fachodeluz.blog.br\/wp\/wp-json\/wp\/v2\/users\/2"}],"replies":[{"embeddable":true,"href":"https:\/\/www.fachodeluz.blog.br\/wp\/wp-json\/wp\/v2\/comments?post=21470"}],"version-history":[{"count":0,"href":"https:\/\/www.fachodeluz.blog.br\/wp\/wp-json\/wp\/v2\/posts\/21470\/revisions"}],"wp:attachment":[{"href":"https:\/\/www.fachodeluz.blog.br\/wp\/wp-json\/wp\/v2\/media?parent=21470"}],"wp:term":[{"taxonomy":"category","embeddable":true,"href":"https:\/\/www.fachodeluz.blog.br\/wp\/wp-json\/wp\/v2\/categories?post=21470"},{"taxonomy":"post_tag","embeddable":true,"href":"https:\/\/www.fachodeluz.blog.br\/wp\/wp-json\/wp\/v2\/tags?post=21470"}],"curies":[{"name":"wp","href":"https:\/\/api.w.org\/{rel}","templated":true}]}}