{"id":21734,"date":"2018-02-08T11:54:37","date_gmt":"2018-02-08T13:54:37","guid":{"rendered":"http:\/\/fachodeluz.blog.br\/wp\/?p=21734"},"modified":"2018-02-08T11:54:37","modified_gmt":"2018-02-08T13:54:37","slug":"visao-distorcida-da-realidade","status":"publish","type":"post","link":"https:\/\/www.fachodeluz.blog.br\/wp\/2018\/02\/08\/visao-distorcida-da-realidade\/","title":{"rendered":"Vis\u00e3o Distorcida Da Realidade"},"content":{"rendered":"<h2 style=\"text-align: center;\"><span style=\"color: #235f6e;\"><a href=\"https:\/\/i0.wp.com\/fachodeluz.blog.br\/wp\/wp-content\/uploads\/2018\/02\/VIS%C3%83O1.gif\"><img data-recalc-dims=\"1\" loading=\"lazy\" decoding=\"async\" loading=\"lazy\" class=\"aligncenter size-full wp-image-21736\" src=\"https:\/\/i0.wp.com\/fachodeluz.blog.br\/wp\/wp-content\/uploads\/2018\/02\/VIS%C3%83O1.gif?resize=455%2C409\" alt=\"\" width=\"455\" height=\"409\" \/><\/a><\/span><\/h2>\n<h2 style=\"text-align: center;\"><span style=\"color: #235f6e;\">Quando nos \u00e9 revelado que <strong><em>DEUS \u00c9 TUDO,<\/em><\/strong> al\u00e9m de priorizarmos esta Verdade com o seu reconhecimento em nossas medita\u00e7\u00f5es contemplativas, devemos igualmente perceber o que faz a suposta \u201cmente carnal\u201d para \u201cpuxar a nossa aten\u00e7\u00e3o para \u201cALGO AL\u00c9M DE DEUS\u201d, isto \u00e9, para alguma \u201csugest\u00e3o mental agressiva\u201d, tamb\u00e9m chamada de \u201capar\u00eancia\u201d ou \u201cilus\u00e3o\u201d!<\/span><\/h2>\n<h2 style=\"text-align: center;\"><span style=\"color: #235f6e;\">O ser que SOMOS \u00e9 Deus, ou Deus n\u00e3o seria TUDO! Assim sendo, \u00e9 vitalmente importante reconhecermos que NOSSOS SENTIDOS S\u00c3O DIVINOS E PERFEITOS, e que TUDO O QUE ELES CAPTAM \u00c9 PERFEI\u00c7\u00c3O ABSOLUTA! <em>Tais sentidos, obviamente, n\u00e3o s\u00e3o os ilus\u00f3rios \u201csentidos mortais\u201d, que n\u00e3o passam de embustes da ilus\u00f3ria \u201cmente carnal\u201d!<\/em><\/span><\/h2>\n<h2 style=\"text-align: center;\"><span style=\"color: #235f6e;\"><em><strong>\u201cOlhos, ouvidos, nariz,\u00a0 l\u00edngua, corpo e mente s\u00e3o o NADA\u201d,<\/strong> <\/em>disse Buda! A revela\u00e7\u00e3o \u00e9 id\u00eantica \u00e0 dada por Paulo: <em><strong>\u201cOlhos n\u00e3o viram, ouvidos n\u00e3o ouviram, e n\u00e3o subiram ao cora\u00e7\u00e3o do homem as\u00a0 coisas que DEUS PREPAROU \u00c0QUELES QUE O AMAM&#8221;!<\/strong><\/em><\/span><\/h2>\n<h2 style=\"text-align: center;\"><span style=\"color: #235f6e;\">Diante destas revela\u00e7\u00f5es coincidentes, dever\u00e1 nos ficar bem claro que CEDERMOS CEGAMENTE \u00c0 ACEITA\u00c7\u00c3O DO QUE ESTES SENTIDOS INTENTAM NOS IMPOR SERIA <em><strong>NEGAR TODA A VERDADE!<\/strong><\/em><\/span><\/h2>\n<h2 style=\"text-align: center;\"><span style=\"color: #235f6e;\">Reconhecer a Verdade, portanto, significa tamb\u00e9m N\u00c3O NOS RENDERMOS \u00e0s \u201csugest\u00f5es mentais agressivas\u201d,\u00a0 \u00e0s \u201capar\u00eancias\u201d, ou \u00e0\u00a0 \u201cilus\u00e3o\u201d! De que modo? Encarando-as de frente e entendendo espiritualmente\u00a0 que NOSSA N\u00c3O ACEITA\u00c7\u00c3O est\u00e1 fundamentada na Verdade Absoluta de que DEUS \u00c9 TUDO, DE QUE DEUS \u00c9 A NOSSA MENTE, E QUE TUDO O QUE CAPTAMOS PELA MENTE DIVINA \u00c9 PERFEI\u00c7\u00c3O ABSOLUTA E PERMANENTE.<\/span><\/h2>\n<h2 style=\"text-align: center;\"><span style=\"color: #235f6e;\">\u00c9 evidente que esta pr\u00e1tica requer treinamento, empenho,\u00a0 interesse e dedica\u00e7\u00e3o. REQUER TAMB\u00c9M TOTAL ACEITA\u00c7\u00c3O DE QUE AS REVELA\u00c7\u00d5ES DE BUDA E DE PAULO, REFERENTES AOS \u201cSENTIDOS MORTAIS\u201d, S\u00c3O ABSOLUTAMENTE VERDADEIRAS!<\/span><\/h2>\n<h2 style=\"text-align: center;\"><span style=\"color: #235f6e;\">Suponhamos que algu\u00e9m aceite que sua \u201cvis\u00e3o piorou\u201d, e que v\u00e1 ao oculista fazer uma consulta. SUA VIS\u00c3O TERIA MESMO PIORADO? N\u00c3O! \u00c9 UMA FACULDADE PERENE DA MENTE DE CRISTO QUE ELE POSSUI! AQUILO POR ELE OBSERVADO \u201cFICOU REALMENTE TURVO&#8221;? N\u00c3O! ONDE QUER QUE ALGU\u00c9M BATA OS OLHOS REAIS, SOMENTE PERFEI\u00c7\u00c3O SER\u00c1 PERCEBIDA! QUE LHE TERIA ACONTECIDO? O SEGUINTE: \u201cENTRE SUA VIS\u00c3O PERFEITA E O OBSERVADO PERFEITO ENTROU UM\u00a0 ELEMENTO INTRUSO E ESTRANHO \u00c0 &#8220;VERDADE\u201d, CHAMADO \u201cIMAGEM HIPN\u00d3TICA\u201d.<\/span><\/h2>\n<h2 style=\"text-align: center;\"><span style=\"color: #235f6e;\">Se o oculista lhe receitasse o uso de \u00f3culos, suas lentes n\u00e3o estariam corrigindo-lhe a VIS\u00c3O,\u00a0 mas sim a DISTOR\u00c7\u00c3O mostrada no\u00a0 \u201cquadro falso\u201d!\u00a0 Que disse Jesus? \u201cN\u00c3O RESISTAIS AO MALIGNO\u201d! Explicava que devemos permanecer impass\u00edveis diante do suposto &#8220;MALIGNO&#8221;, que n\u00e3o passa de \u201csugest\u00e3o mental agressiva\u201d, \u201capar\u00eancia\u201d ou \u201cilus\u00e3o\u201d. Desse modo, COMO A VIS\u00c3O PERFEITA SERIA \u201cRESTABELECIDA\u201d? Quando a VERDADE fosse RECONHECIDA, isto \u00e9, que A VIS\u00c3O \u00c9 FACULDADE PERFEITA E PERMANENTE DO DEUS QUE SOMOS! Foi dado um exemplo simples, e que PODE E DEVE ser estendido a ilus\u00f5es de toda esp\u00e9cie!<\/span><\/h2>\n<h2 style=\"text-align: center;\"><span style=\"color: #235f6e;\">METAF\u00cdSICA ABSOLUTA \u00c9 PR\u00c1TICA E N\u00c3O LEITURA OU TEORIA! E, COMO FOI DITO, REQUER ATEN\u00c7\u00c3O, DEDICA\u00c7\u00c3O, MEDITA\u00c7\u00c3O E IDENTIFICA\u00c7\u00c3O! CASO CONTR\u00c1RIO, TODA MENTIRA SUGERIDA PELA \u201cMENTE CARNAL\u201d ACABAR\u00c1 SENDO ENDOSSADA E \u201cVIVIDA\u201d COMO SE FOSSE VERDADE, <em><strong>ENQUANTO A VERDADE \u00c9 QUE UNICAMENTE DEUS \u00c9 REALIDADE!<\/strong> <\/em><\/span><\/h2>\n<h2 style=\"text-align: center;\"><span style=\"color: #235f6e;\">*<\/span><\/h2>\n","protected":false},"excerpt":{"rendered":"<p>Quando nos \u00e9 revelado que DEUS \u00c9 TUDO, al\u00e9m de priorizarmos esta Verdade com o seu reconhecimento em nossas medita\u00e7\u00f5es contemplativas, devemos igualmente perceber o que faz a suposta \u201cmente carnal\u201d para \u201cpuxar a nossa aten\u00e7\u00e3o para \u201cALGO AL\u00c9M DE DEUS\u201d, isto \u00e9, para alguma \u201csugest\u00e3o mental agressiva\u201d, tamb\u00e9m chamada de \u201capar\u00eancia\u201d ou \u201cilus\u00e3o\u201d! O &hellip; <\/p>\n<p class=\"link-more\"><a href=\"https:\/\/www.fachodeluz.blog.br\/wp\/2018\/02\/08\/visao-distorcida-da-realidade\/\" class=\"more-link\">Leia mais<span class=\"screen-reader-text\"> &#8220;Vis\u00e3o Distorcida Da Realidade&#8221;<\/span><\/a><\/p>\n","protected":false},"author":2,"featured_media":0,"comment_status":"open","ping_status":"closed","sticky":false,"template":"","format":"standard","meta":{"nf_dc_page":"","_crdt_document":"","footnotes":""},"categories":[10],"tags":[],"class_list":["post-21734","post","type-post","status-publish","format-standard","hentry","category-darcio-dezolt"],"featured_media_urls":[],"_links":{"self":[{"href":"https:\/\/www.fachodeluz.blog.br\/wp\/wp-json\/wp\/v2\/posts\/21734","targetHints":{"allow":["GET"]}}],"collection":[{"href":"https:\/\/www.fachodeluz.blog.br\/wp\/wp-json\/wp\/v2\/posts"}],"about":[{"href":"https:\/\/www.fachodeluz.blog.br\/wp\/wp-json\/wp\/v2\/types\/post"}],"author":[{"embeddable":true,"href":"https:\/\/www.fachodeluz.blog.br\/wp\/wp-json\/wp\/v2\/users\/2"}],"replies":[{"embeddable":true,"href":"https:\/\/www.fachodeluz.blog.br\/wp\/wp-json\/wp\/v2\/comments?post=21734"}],"version-history":[{"count":0,"href":"https:\/\/www.fachodeluz.blog.br\/wp\/wp-json\/wp\/v2\/posts\/21734\/revisions"}],"wp:attachment":[{"href":"https:\/\/www.fachodeluz.blog.br\/wp\/wp-json\/wp\/v2\/media?parent=21734"}],"wp:term":[{"taxonomy":"category","embeddable":true,"href":"https:\/\/www.fachodeluz.blog.br\/wp\/wp-json\/wp\/v2\/categories?post=21734"},{"taxonomy":"post_tag","embeddable":true,"href":"https:\/\/www.fachodeluz.blog.br\/wp\/wp-json\/wp\/v2\/tags?post=21734"}],"curies":[{"name":"wp","href":"https:\/\/api.w.org\/{rel}","templated":true}]}}