{"id":21884,"date":"2018-03-09T12:05:50","date_gmt":"2018-03-09T15:05:50","guid":{"rendered":"http:\/\/fachodeluz.blog.br\/wp\/?p=21884"},"modified":"2018-03-09T15:51:05","modified_gmt":"2018-03-09T18:51:05","slug":"apresente-se-como-homem-perfeito-em-cristo","status":"publish","type":"post","link":"https:\/\/www.fachodeluz.blog.br\/wp\/2018\/03\/09\/apresente-se-como-homem-perfeito-em-cristo\/","title":{"rendered":"Apresente-se Como &#8220;Homem Perfeito Em Cristo&#8221;!"},"content":{"rendered":"<h2 style=\"text-align: center;\"><a href=\"https:\/\/i0.wp.com\/fachodeluz.blog.br\/wp\/wp-content\/uploads\/2018\/03\/paisagem-7.gif\"><img data-recalc-dims=\"1\" loading=\"lazy\" decoding=\"async\" loading=\"lazy\" class=\"aligncenter size-full wp-image-21885\" src=\"https:\/\/i0.wp.com\/fachodeluz.blog.br\/wp\/wp-content\/uploads\/2018\/03\/paisagem-7.gif?resize=455%2C256\" alt=\"\" width=\"455\" height=\"256\" \/><\/a><\/h2>\n<h2 style=\"text-align: center;\"><span style=\"color: #800000; font-family: verdana, geneva; font-size: large;\"><em>&#8220;Sede perfeitos&#8221;,<\/em> disse Jesus,<em> &#8220;assim como perfeito \u00e9 o vosso Pai celestial&#8221;.<\/em> Que Verdade tremenda estava revelando! Mas pouco ou nada foi entendida! Partindo do ilus\u00f3rio<em> referencial humano,<\/em> a humanidade passou a se empenhar em aperfei\u00e7oar o<em> ego!<\/em>\u00a0 Desta interpreta\u00e7\u00e3o err\u00f4nea surgiu a &#8220;cren\u00e7a em evolu\u00e7\u00e3o&#8221;. Quantas vezes, ao expor esta Verdade, escutei de volta que &#8220;somos perfect\u00edveis, mas n\u00e3o perfeitos&#8221;. As &#8220;miragens&#8221; chamadas de &#8220;mundo&#8221;, pela cega mente humana, prevaleceram diante daqueles que n\u00e3o entenderam que Jesus partia do &#8220;Referencial Iluminado&#8221;, da Vis\u00e3o do Cristo sobre n\u00f3s, e jamais de fraudulentos julgamentos segundo &#8220;apar\u00eancias&#8221;. <\/span><\/h2>\n<h2 style=\"text-align: center;\"><span style=\"color: #800000; font-family: verdana, geneva; font-size: large;\">Partindo de si mesmos como &#8220;mortais imperfeitos&#8221;, os homens permaneceram na <em>ILUS\u00c3O<\/em> da mente humana, achando inclusive ser &#8220;heresia&#8221; se dizerem Deus.<\/span><\/h2>\n<h2 style=\"text-align: center;\"><span style=\"color: #800000; font-family: verdana, geneva; font-size: large;\">A Verdade n\u00e3o muda! <em>DEUS \u00c9 TUDO INCLUSIVE VOC\u00ca!\u00a0 <\/em>Tudo que Deus \u00e9, <em>VOC\u00ca<\/em> \u00c9! E isto para que a perfei\u00e7\u00e3o divina, onipresente, seja honrada ou reconhecida como TUDO! Quanto maior for a naturalidade com que VOC\u00ca SE CONTEMPLAR\u00a0 aceitando ser<em> TUDO O QUE DEUS \u00c9,<\/em> menos influ\u00eancia\u00a0 da &#8220;cren\u00e7a coletiva&#8221; voc\u00ea sofrer\u00e1, e, \u00e9 desta a forma que voc\u00ea &#8220;vence o mundo&#8221;.<br \/>\n<\/span><\/h2>\n<h2 style=\"text-align: center;\"><span style=\"color: #800000; font-family: verdana, geneva; font-size: large;\">Em Jo\u00e3o 17: 22, encontramos Jesus dizendo que<em> &#8220;temos a gl\u00f3ria de ser um com Deus e perfeitos em unidade&#8221;;<\/em> o ap\u00f3stolo Paulo tamb\u00e9m fala sobre nossa perfei\u00e7\u00e3o em Cristo: <em>\u201cAnunciamos, admoestando a todo o homem, e ensinando a todo o homem em toda a sabedoria, para que apresentemos todo o homem perfeito em Cristo\u201d (Cl. 1:28).<\/em> Que significa &#8220;apresentar todo o homem perfeito em Cristo&#8221;? Significa entender que &#8220;n\u00e3o existe ser humano&#8221;: <em>DEUS \u00c9 TUDO!<\/em><\/span><\/h2>\n<h2 style=\"text-align: center;\"><span style=\"color: #800000; font-family: verdana, geneva; font-size: large;\">Como DEUS \u00c9 TUDO, a totalidade da Exist\u00eancia \u00e9 perfei\u00e7\u00e3o permanente! Consequentemente, TUDO QUE DEUS <em>\u00c9,<\/em>\u00a0 constitui o EU \u00daNICO que cada um j\u00e1 \u00c9! Eis o motivo pelo qual n\u00e3o h\u00e1 esfor\u00e7o mental na &#8220;Pr\u00e1tica da Verdade&#8221;! As &#8220;contempla\u00e7\u00f5es&#8221; s\u00e3o simples constata\u00e7\u00f5es da Verdade j\u00e1 consumada. Portanto, ao contemplar a Verdade de que DEUS \u00c9 TUDO, contemple, e principalmente,\u00a0 o Fato real e permanente de que <em>VOC\u00ca \u00c9 TUDO O QUE DEUS \u00c9!<\/em><\/span><\/h2>\n<h2 style=\"text-align: center;\"><span style=\"color: #800000; font-family: verdana, geneva; font-size: large;\">*<\/span><\/h2>\n","protected":false},"excerpt":{"rendered":"<p>&#8220;Sede perfeitos&#8221;, disse Jesus, &#8220;assim como perfeito \u00e9 o vosso Pai celestial&#8221;. Que Verdade tremenda estava revelando! Mas pouco ou nada foi entendida! Partindo do ilus\u00f3rio referencial humano, a humanidade passou a se empenhar em aperfei\u00e7oar o ego!\u00a0 Desta interpreta\u00e7\u00e3o err\u00f4nea surgiu a &#8220;cren\u00e7a em evolu\u00e7\u00e3o&#8221;. Quantas vezes, ao expor esta Verdade, escutei de volta &hellip; <\/p>\n<p class=\"link-more\"><a href=\"https:\/\/www.fachodeluz.blog.br\/wp\/2018\/03\/09\/apresente-se-como-homem-perfeito-em-cristo\/\" class=\"more-link\">Leia mais<span class=\"screen-reader-text\"> &#8220;Apresente-se Como &#8220;Homem Perfeito Em Cristo&#8221;!&#8221;<\/span><\/a><\/p>\n","protected":false},"author":2,"featured_media":0,"comment_status":"open","ping_status":"closed","sticky":false,"template":"","format":"standard","meta":{"nf_dc_page":"","_crdt_document":"","footnotes":""},"categories":[10],"tags":[],"class_list":["post-21884","post","type-post","status-publish","format-standard","hentry","category-darcio-dezolt"],"featured_media_urls":[],"_links":{"self":[{"href":"https:\/\/www.fachodeluz.blog.br\/wp\/wp-json\/wp\/v2\/posts\/21884","targetHints":{"allow":["GET"]}}],"collection":[{"href":"https:\/\/www.fachodeluz.blog.br\/wp\/wp-json\/wp\/v2\/posts"}],"about":[{"href":"https:\/\/www.fachodeluz.blog.br\/wp\/wp-json\/wp\/v2\/types\/post"}],"author":[{"embeddable":true,"href":"https:\/\/www.fachodeluz.blog.br\/wp\/wp-json\/wp\/v2\/users\/2"}],"replies":[{"embeddable":true,"href":"https:\/\/www.fachodeluz.blog.br\/wp\/wp-json\/wp\/v2\/comments?post=21884"}],"version-history":[{"count":0,"href":"https:\/\/www.fachodeluz.blog.br\/wp\/wp-json\/wp\/v2\/posts\/21884\/revisions"}],"wp:attachment":[{"href":"https:\/\/www.fachodeluz.blog.br\/wp\/wp-json\/wp\/v2\/media?parent=21884"}],"wp:term":[{"taxonomy":"category","embeddable":true,"href":"https:\/\/www.fachodeluz.blog.br\/wp\/wp-json\/wp\/v2\/categories?post=21884"},{"taxonomy":"post_tag","embeddable":true,"href":"https:\/\/www.fachodeluz.blog.br\/wp\/wp-json\/wp\/v2\/tags?post=21884"}],"curies":[{"name":"wp","href":"https:\/\/api.w.org\/{rel}","templated":true}]}}