{"id":22010,"date":"2018-03-31T12:38:47","date_gmt":"2018-03-31T15:38:47","guid":{"rendered":"http:\/\/fachodeluz.blog.br\/wp\/?p=22010"},"modified":"2018-04-01T02:44:12","modified_gmt":"2018-04-01T05:44:12","slug":"reerga-se-ao-corpo-eterno-seu-corpo-imortal","status":"publish","type":"post","link":"https:\/\/www.fachodeluz.blog.br\/wp\/2018\/03\/31\/reerga-se-ao-corpo-eterno-seu-corpo-imortal\/","title":{"rendered":"Reerga-se Ao Corpo Eterno, Seu Corpo Real E Imortal!"},"content":{"rendered":"<h3 style=\"text-align: center;\"><a href=\"https:\/\/i0.wp.com\/fachodeluz.blog.br\/wp\/wp-content\/uploads\/2018\/03\/JESUS-111.gif\"><img data-recalc-dims=\"1\" loading=\"lazy\" decoding=\"async\" loading=\"lazy\" class=\"aligncenter size-full wp-image-22011\" src=\"https:\/\/i0.wp.com\/fachodeluz.blog.br\/wp\/wp-content\/uploads\/2018\/03\/JESUS-111.gif?resize=455%2C341\" alt=\"\" width=\"455\" height=\"341\" \/><\/a><\/h3>\n<h3 style=\"text-align: center;\"><span style=\"color: #8a2f2f;\"><em>\u201cDestru\u00ed este templo, e, em tr\u00eas dias, Eu o reconstruirei&#8221;.<\/em><\/span><\/h3>\n<h3 style=\"text-align: center;\"><span style=\"color: #8a2f2f;\">Jo\u00e3o 2: 19<\/span><\/h3>\n<h2 style=\"text-align: center;\"><span style=\"color: #8a2f2f;\">Para um grupo de pesquisadores, que se perdera numa enorme caverna, ali ficando por v\u00e1rios dias sem achar a sa\u00edda, o \u201ctempo\u201d n\u00e3o p\u00f4de mais ser avaliado, por lhes faltarem refer\u00eancias percept\u00edveis para faz\u00ea-lo. N\u00e3o viam o sol se pondo nem nascendo, e assim, sem poderem constatar \u201cmudan\u00e7as\u201d, s\u00f3 souberam por quanto tempo ali permaneceram ap\u00f3s encontrarem a sa\u00edda e de l\u00e1 sa\u00edrem!<\/span><\/h2>\n<h2 style=\"text-align: center;\"><span style=\"color: #8a2f2f;\">O TEMPO N\u00c3O\u00a0 EXISTE, A N\u00c3O SER COMO CONCEITO MENTAL HUMANO! V\u00c1RIOS \u00a0CIENTISTAS DA ATUALIDADE J\u00c1 RECONHECEM ESTE FATO!\u00a0 PARA A METAF\u00cdSICA ABSOLUTA, ISTO \u00c9 FATO CONSUMADO!<br \/>\n<\/span><\/h2>\n<h2 style=\"text-align: center;\"><span style=\"color: #8a2f2f;\">A B\u00edblia declara que <strong><em>DEUS N\u00c3O MUDA,<\/em><\/strong> e que<em><strong> SUAS OBRAS S\u00c3O PERMANENTES!<\/strong> <\/em>Sendo assim, a Verdade \u00e9 que TUDO QUE SE MOSTRA COMO MUT\u00c1VEL E TEMPORAL \u00c9 PURA <em><strong>ILUS\u00c3O COLETIVA!<\/strong><\/em><\/span><\/h2>\n<h2 style=\"text-align: center;\"><span style=\"color: #8a2f2f;\">Jesus assim disse:<strong><em>\u00a0\u201cDestru\u00ed este templo, e, em tr\u00eas dias, Eu o reconstruirei&#8221;.<\/em> A<\/strong> B\u00edblia explica que ele se referia ao seu CORPO,\u00a0 e n\u00e3o ao \u201ctemplo terreno\u201d constru\u00eddo pelos homens, como pensaram aqueles que o ouviam.<\/span><\/h2>\n<h2 style=\"text-align: center;\"><span style=\"color: #8a2f2f;\">AS FALAS DE JESUS S\u00c3O ABSOLUTAS! E O N\u00daMERO TR\u00caS, SEMPRE QUE SURGE NUMA REVELA\u00c7\u00c3O, ALI APONTA E MARCA A PRESEN\u00c7A DE UMA VERDADE UNIVERSAL, ATEMPORAL E ABSOLUTA! ISTO SIGNIFICA SER UMA VERDADE V\u00c1LIDA <strong><em>AGORA<\/em><\/strong> PARA TODO FILHO DE DEUS! <\/span><\/h2>\n<h2 style=\"text-align: center;\"><span style=\"color: #8a2f2f;\">EM OUTRAS PALAVRAS, <strong><em>NADA TEM A VER COM \u201cCRUCIFICA\u00c7\u00c3O E RESSURREI\u00c7\u00c3O DA CARNE\u201d,<\/em> <\/strong>E SIM TEM A VER COM<strong><em> \u201cQUEM TEM OLHOS PARA VER\u201d!<\/em><\/strong><\/span><\/h2>\n<h2 style=\"text-align: center;\"><span style=\"color: #8a2f2f;\">O\u00a0 apego \u00e0 ILUS\u00c3O fez com que a VERDADE fosse pregada a partir das supostas \u201cmudan\u00e7as materiais\u201d sugeridas pela \u201cmente carnal\u201d, o que fez deixar em SEGUNDO PLANO \u00a0todas as revela\u00e7\u00f5es absolutas, que se fundamentam no UNIVERSO DIVINO <strong><em>ATEMPORAL,<\/em> <\/strong>ILUMINADO E PERFEITO!<\/span><\/h2>\n<h2 style=\"text-align: center;\"><span style=\"color: #8a2f2f;\">JESUS, DE FATO, ESTAVA RATIFICANDO A NATUREZA ILUS\u00d3RIA<em><strong> \u201cDESTE ,MUNDO\u201d,<\/strong><\/em> EXPLICANDO QUE \u201cAGORA\u201d, SEJA O CORPO DELE, O MEU, O SEU, OU DE QUEM QUER QUE SEJA, \u00c9 UM CORPO ESPIRITUAL PERMANENTE, IMUT\u00c1VEL E PERFEITO \u2013 <strong><em>UM TEMPLO DE DEUS!<\/em><\/strong><\/span><\/h2>\n<h2 style=\"text-align: center;\"><span style=\"color: #8a2f2f;\">Infelizmente, JESUS PARTIA DA VERDADE, DO ETERNO\u00a0 CONSUMADO E PERMANENTE, <strong><em>enquanto as religi\u00f5es do mundo, explicando \u00e0 sua moda o Evangelho, PARTIRAM DO MUT\u00c1VEL REFERENCIAL DA \u201cMENTE CARNAL\u201d, DO \u201cMUNDO DO PAI DA MENTIRA\u201d.<\/em><\/strong> Com isso, em vez de Jesus ficar conhecido como exemplo da NOSSA VIDA ETERNA, foi visto &#8220;pela carne&#8221;, &#8220;nascido em manjedoura&#8221;, &#8220;morto numa cruz&#8221;,\u00a0 e esperando\u00a0 passar &#8220;tr\u00eas dias&#8221; para &#8220;ressuscitar&#8221;! Enquanto isso, o mundo, vendo com a &#8220;mente carnal&#8221;, continua at\u00e9 hoje ILUDIDO pelas igrejas, e, EM VEZ DE SE ERGUER AO REINO DE DEUS, APENAS PERMANECEU COMO &#8220;CARNAL IDOLATRANDO JESUS&#8221;, QUE OROU PARA QUE NOS V\u00cdSSEMOS &#8220;UM COM ELE&#8221; E\u00a0 &#8220;UM COM DEUS&#8221;.\u00a0 <\/span><\/h2>\n<h2 style=\"text-align: center;\"><span style=\"color: #8a2f2f;\"><em>&#8220;QUEM CRER EM &#8220;MIM&#8221;,<\/em> <strong><em>N\u00c3O PROVAR\u00c1 A MORTE!&#8221;<\/em><\/strong>, disse ele! NEM ELE NEM QUALQUER DE N\u00d3S! <em><strong>E NEM POR &#8220;TR\u00caS DIAS&#8221;!<\/strong><\/em><br \/>\n<\/span><\/h2>\n<h2 style=\"text-align: center;\"><span style=\"color: #8a2f2f;\">*<\/span><\/h2>\n<p><span style=\"color: #8a2f2f;\">I<\/span><\/p>\n<p>&nbsp;<\/p>\n","protected":false},"excerpt":{"rendered":"<p>\u201cDestru\u00ed este templo, e, em tr\u00eas dias, Eu o reconstruirei&#8221;. Jo\u00e3o 2: 19 Para um grupo de pesquisadores, que se perdera numa enorme caverna, ali ficando por v\u00e1rios dias sem achar a sa\u00edda, o \u201ctempo\u201d n\u00e3o p\u00f4de mais ser avaliado, por lhes faltarem refer\u00eancias percept\u00edveis para faz\u00ea-lo. N\u00e3o viam o sol se pondo nem nascendo, &hellip; <\/p>\n<p class=\"link-more\"><a href=\"https:\/\/www.fachodeluz.blog.br\/wp\/2018\/03\/31\/reerga-se-ao-corpo-eterno-seu-corpo-imortal\/\" class=\"more-link\">Leia mais<span class=\"screen-reader-text\"> &#8220;Reerga-se Ao Corpo Eterno, Seu Corpo Real E Imortal!&#8221;<\/span><\/a><\/p>\n","protected":false},"author":2,"featured_media":0,"comment_status":"open","ping_status":"closed","sticky":false,"template":"","format":"standard","meta":{"nf_dc_page":"","_crdt_document":"","footnotes":""},"categories":[10],"tags":[],"class_list":["post-22010","post","type-post","status-publish","format-standard","hentry","category-darcio-dezolt"],"featured_media_urls":[],"_links":{"self":[{"href":"https:\/\/www.fachodeluz.blog.br\/wp\/wp-json\/wp\/v2\/posts\/22010","targetHints":{"allow":["GET"]}}],"collection":[{"href":"https:\/\/www.fachodeluz.blog.br\/wp\/wp-json\/wp\/v2\/posts"}],"about":[{"href":"https:\/\/www.fachodeluz.blog.br\/wp\/wp-json\/wp\/v2\/types\/post"}],"author":[{"embeddable":true,"href":"https:\/\/www.fachodeluz.blog.br\/wp\/wp-json\/wp\/v2\/users\/2"}],"replies":[{"embeddable":true,"href":"https:\/\/www.fachodeluz.blog.br\/wp\/wp-json\/wp\/v2\/comments?post=22010"}],"version-history":[{"count":0,"href":"https:\/\/www.fachodeluz.blog.br\/wp\/wp-json\/wp\/v2\/posts\/22010\/revisions"}],"wp:attachment":[{"href":"https:\/\/www.fachodeluz.blog.br\/wp\/wp-json\/wp\/v2\/media?parent=22010"}],"wp:term":[{"taxonomy":"category","embeddable":true,"href":"https:\/\/www.fachodeluz.blog.br\/wp\/wp-json\/wp\/v2\/categories?post=22010"},{"taxonomy":"post_tag","embeddable":true,"href":"https:\/\/www.fachodeluz.blog.br\/wp\/wp-json\/wp\/v2\/tags?post=22010"}],"curies":[{"name":"wp","href":"https:\/\/api.w.org\/{rel}","templated":true}]}}