{"id":22043,"date":"2018-04-06T12:58:23","date_gmt":"2018-04-06T15:58:23","guid":{"rendered":"http:\/\/fachodeluz.blog.br\/wp\/?p=22043"},"modified":"2018-04-06T13:13:15","modified_gmt":"2018-04-06T16:13:15","slug":"a-sabedoria-deste-mundo-e-loucura-para-deus","status":"publish","type":"post","link":"https:\/\/www.fachodeluz.blog.br\/wp\/2018\/04\/06\/a-sabedoria-deste-mundo-e-loucura-para-deus\/","title":{"rendered":"\u201cA SABEDORIA DESTE MUNDO \u00c9 LOUCURA PARA DEUS!\u201d"},"content":{"rendered":"<h2 style=\"text-align: center;\"><span style=\"color: #6d5094;\"><a href=\"https:\/\/i0.wp.com\/fachodeluz.blog.br\/wp\/wp-content\/uploads\/2018\/04\/sabedoria-4.gif\"><img data-recalc-dims=\"1\" loading=\"lazy\" decoding=\"async\" loading=\"lazy\" class=\"aligncenter size-full wp-image-22044\" src=\"https:\/\/i0.wp.com\/fachodeluz.blog.br\/wp\/wp-content\/uploads\/2018\/04\/sabedoria-4.gif?resize=455%2C313\" alt=\"\" width=\"455\" height=\"313\" \/><\/a><\/span><\/h2>\n<h3 style=\"text-align: center;\"><span style=\"color: #6d5094;\"><em>\u201cA sabedoria deste mundo \u00e9 loucura para Deus, porque Ele sabe que s\u00e3o pensamentos v\u00e3os\u201d;<\/em><\/span><\/h3>\n<h3 style=\"text-align: center;\"><span style=\"color: #6d5094;\">1 Cor. 3: 19, 20<\/span><\/h3>\n<h2 style=\"text-align: center;\"><span style=\"color: #6d5094;\">O desconhecimento da Verdade faz com que a maioria acredite \u201cviver em mundo material\u201d e estar \u201cencarnado\u201d,\u00a0 enquanto <em><strong>DEUS \u00c9 TUDO, E \u00c9 ESP\u00cdRITO.<\/strong><\/em> A realidade, portanto, \u00e9 INVIS\u00cdVEL para a suposta \u201cmente humana\u201d, raz\u00e3o pela qual o ap\u00f3stolo Paulo fez a seguinte revela\u00e7\u00e3o libertadora:<em><strong> \u201cA sabedoria deste mundo \u00e9 loucura para Deus, porque Ele sabe que s\u00e3o pensamentos v\u00e3os\u201d.<\/strong><\/em><\/span><\/h2>\n<h2 style=\"text-align: center;\"><span style=\"color: #6d5094;\">Dizer que \u00e9 \u201cloucura para Deus\u201d \u00e9 \u201cfor\u00e7a de express\u00e3o\u201d, que objetiva nos levar a DESCRER das cren\u00e7as e das \u201capar\u00eancias\u201d do mundo! DEUS \u00c9 TUDO, E N\u00c3O V\u00ca LOUCURAS EM PARTE ALGUMA DE SI MESMO! Mas a cita\u00e7\u00e3o de Paulo ressalta sua ONISCI\u00caNCIA PERFEITA, que v\u00ea e reconhece unicamente a PERFEI\u00c7\u00c3O ONIPRESENTE como realidade AGORA evidenciada.<\/span><\/h2>\n<h2 style=\"text-align: center;\"><span style=\"color: #6d5094;\">Exemplificando, todo suposto \u201cdiagn\u00f3stico m\u00e9dico\u201d, apontando PROBLEMAS EM FILHOS DE DEUS \u00c9 \u201cLOUCURA PARA DEUS\u201d! \u00c9 \u201csabedoria do mundo\u201d, geradora de \u201cpensamentos v\u00e3os\u201d. N\u00e3o apenas \u201cproblemas de sa\u00fade\u201d, mas TODOS os tipos de problemas s\u00e3o \u201cpensamentos v\u00e3os\u201d, LOUCURAS PARA DEUS, nesta vis\u00e3o iluminada de Paulo.<\/span><\/h2>\n<h2 style=\"text-align: center;\"><span style=\"color: #6d5094;\"> A humanidade desconhece, ou conhece sem aceitar, que a revela\u00e7\u00e3o \u201cSOIS DEUSES\u201d seja VERDADE ABSOLUTA, e n\u00e3o mero \u201cenfeite b\u00edblico\u201d.<\/span><\/h2>\n<h2 style=\"text-align: center;\"><span style=\"color: #6d5094;\">Tanto no Budismo como no Cristianismo \u00e9 enfatizada a fal\u00e1cia do \u201ctestemunho dos sentidos humanos\u201d! Mas \u00e9 o que continua sendo aceito, ENQUANTO O \u201cTESTEMUNHO DE DEUS\u201d,\u00a0 que vem a ser o verdadeiro e permanente,\u00a0 \u00e9 sempre relegado a segundo plano, \u00e0\u00a0 espera de NOSSO CONVICTO ENDOSSO E RECONHECIMENTO!<\/span><\/h2>\n<h2 style=\"text-align: center;\"><span style=\"color: #6d5094;\">A <em>ilus\u00e3o<\/em> JAMAIS se exterioriza para assumir \u201cformas materiais ou carnais\u201d. A <em>\u201cmiragem\u201d<\/em> JAMAIS se exterioriza como real \u201co\u00e1sis no deserto\u201d. Um &#8220;sonho&#8221; JAMAIS se exterioriza como fato, no quarto de um sonhador!\u00a0 SOMENTE O QUE DEUS FAZ SE EXTERIORIZA COMO FORMAS REAIS E SUBSTANCIAIS! <strong><em>E SOMENTE O QUE DEUS FAZ, \u00c9 REALIDADE!<\/em><\/strong><\/span><\/h2>\n<h2 style=\"text-align: center;\"><span style=\"color: #6d5094;\">Empregar a \u201cMente de Cristo\u201d significa empregar a \u201cMENTE SEM ILUS\u00c3O\u201d, a Mente divina presente INDIVIDUALIZADA\u00a0 como a verdadeira Mente de TODOS N\u00d3S! Somos a Mente da UNIDADE PERFEITA, a Mente que contempla o Infinito que DEUS \u00c9, evidenciado como FORMAS SUBSTANCIAIS PERFEITAS E PERMANENTES!<\/span><\/h2>\n<h2 style=\"text-align: center;\"><span style=\"color: #6d5094;\">Quando ADOTAMOS O PONTO DE VISTA DE DEUS, deixamos de reconhecer a ilus\u00f3ria \u201cexist\u00eancia material&#8221;, ou &#8220;fenom\u00eanica\u201d, enaltecemos o fato de \u201cVERMOS DEUS FACE A FACE\u201d, E A CITA\u00c7\u00c3O DE PAULO \u00c9 POR N\u00d3S ACEITA, ENTENDIDA E PRATICADA: <strong><em>\u201cA SABEDORIA DO MUNDO \u00c9 LOUCURA PARA DEUS&#8221;.<br \/>\n<\/em><\/strong><\/span><\/h2>\n<h2 style=\"text-align: center;\"><span style=\"color: #6d5094;\">*<\/span><\/h2>\n","protected":false},"excerpt":{"rendered":"<p>\u201cA sabedoria deste mundo \u00e9 loucura para Deus, porque Ele sabe que s\u00e3o pensamentos v\u00e3os\u201d; 1 Cor. 3: 19, 20 O desconhecimento da Verdade faz com que a maioria acredite \u201cviver em mundo material\u201d e estar \u201cencarnado\u201d,\u00a0 enquanto DEUS \u00c9 TUDO, E \u00c9 ESP\u00cdRITO. A realidade, portanto, \u00e9 INVIS\u00cdVEL para a suposta \u201cmente humana\u201d, raz\u00e3o &hellip; <\/p>\n<p class=\"link-more\"><a href=\"https:\/\/www.fachodeluz.blog.br\/wp\/2018\/04\/06\/a-sabedoria-deste-mundo-e-loucura-para-deus\/\" class=\"more-link\">Leia mais<span class=\"screen-reader-text\"> &#8220;\u201cA SABEDORIA DESTE MUNDO \u00c9 LOUCURA PARA DEUS!\u201d&#8221;<\/span><\/a><\/p>\n","protected":false},"author":2,"featured_media":0,"comment_status":"open","ping_status":"closed","sticky":false,"template":"","format":"standard","meta":{"nf_dc_page":"","_crdt_document":"","footnotes":""},"categories":[10],"tags":[],"class_list":["post-22043","post","type-post","status-publish","format-standard","hentry","category-darcio-dezolt"],"featured_media_urls":[],"_links":{"self":[{"href":"https:\/\/www.fachodeluz.blog.br\/wp\/wp-json\/wp\/v2\/posts\/22043","targetHints":{"allow":["GET"]}}],"collection":[{"href":"https:\/\/www.fachodeluz.blog.br\/wp\/wp-json\/wp\/v2\/posts"}],"about":[{"href":"https:\/\/www.fachodeluz.blog.br\/wp\/wp-json\/wp\/v2\/types\/post"}],"author":[{"embeddable":true,"href":"https:\/\/www.fachodeluz.blog.br\/wp\/wp-json\/wp\/v2\/users\/2"}],"replies":[{"embeddable":true,"href":"https:\/\/www.fachodeluz.blog.br\/wp\/wp-json\/wp\/v2\/comments?post=22043"}],"version-history":[{"count":0,"href":"https:\/\/www.fachodeluz.blog.br\/wp\/wp-json\/wp\/v2\/posts\/22043\/revisions"}],"wp:attachment":[{"href":"https:\/\/www.fachodeluz.blog.br\/wp\/wp-json\/wp\/v2\/media?parent=22043"}],"wp:term":[{"taxonomy":"category","embeddable":true,"href":"https:\/\/www.fachodeluz.blog.br\/wp\/wp-json\/wp\/v2\/categories?post=22043"},{"taxonomy":"post_tag","embeddable":true,"href":"https:\/\/www.fachodeluz.blog.br\/wp\/wp-json\/wp\/v2\/tags?post=22043"}],"curies":[{"name":"wp","href":"https:\/\/api.w.org\/{rel}","templated":true}]}}