{"id":22124,"date":"2018-04-22T13:57:59","date_gmt":"2018-04-22T16:57:59","guid":{"rendered":"http:\/\/fachodeluz.blog.br\/wp\/?p=22124"},"modified":"2018-04-22T14:01:45","modified_gmt":"2018-04-22T17:01:45","slug":"o-livramento-do-cativeiro-chamado-depressao","status":"publish","type":"post","link":"https:\/\/www.fachodeluz.blog.br\/wp\/2018\/04\/22\/o-livramento-do-cativeiro-chamado-depressao\/","title":{"rendered":"O Livramento Divino Da Depress\u00e3o"},"content":{"rendered":"<h2 style=\"text-align: center;\"><span style=\"color: #634850;\"><a href=\"https:\/\/i0.wp.com\/fachodeluz.blog.br\/wp\/wp-content\/uploads\/2018\/04\/depress%C3%A3o-2.gif\"><img data-recalc-dims=\"1\" loading=\"lazy\" decoding=\"async\" loading=\"lazy\" class=\"aligncenter size-full wp-image-22125\" src=\"https:\/\/i0.wp.com\/fachodeluz.blog.br\/wp\/wp-content\/uploads\/2018\/04\/depress%C3%A3o-2.gif?resize=455%2C277\" alt=\"\" width=\"455\" height=\"277\" \/><\/a><\/span><\/h2>\n<h2 style=\"text-align: center;\"><span style=\"color: #634850;\">No mundo, h\u00e1 os que creem em Deus e h\u00e1 os que n\u00e3o creem. Por\u00e9m, o que realmente importa \u00e9 \u201cCONHECER A VERDADE\u201d, e n\u00e3o saber se algu\u00e9m acredita ou n\u00e3o em Deus. O Deus ensinado \u00e0 humanidade \u00e9 t\u00e3o distante do DEUS VERDADEIRO, que se algu\u00e9m disser \u201cter tido a Experi\u00eancia de Deus\u201d e relat\u00e1-la no que lhe for poss\u00edvel, dificilmente ser\u00e1 acreditado! Por qu\u00ea? PORQUE O DEUS ENSINADO PELAS RELIGI\u00d5ES N\u00c3O \u00c9 O DEUS EXPLICADO PELOS REVELADORES DA VERDADE!<\/span><\/h2>\n<h2 style=\"text-align: center;\"><span style=\"color: #634850;\">De Deus Mois\u00e9s ouviu:<strong><em> \u201cO EU SOU FALAR\u00c1 POR V\u00d3S!\u201d; assim,\u00a0<\/em><\/strong> ciente de SER A VOZ DE DEUS, \u00a0Mois\u00e9s libertou o povo hebreu do aparente jugo do fara\u00f3! <\/span><\/h2>\n<h2 style=\"text-align: center;\"><span style=\"color: #634850;\">Quando Jesus perguntou aos seus disc\u00edpulos: <em><strong>\u201cQuem voc\u00eas dizem que EU SOU?\u201d,<\/strong> <\/em>Pedro respondeu: <strong><em>\u201cO CRISTO! O FILHO DO DEUS VIVO!\u201d.<\/em><\/strong> E Jesus, concordando com ele, disse: <strong><em>\u201cVoc\u00ea \u00e9 bem-aventurado. Pedro, porque n\u00e3o lhe veio \u201cda carne\u201d a sua resposta, mas de meu Pai! Sobre ESTA PEDRA ERIGIREI A MINHA IGREJA!&#8221;.<\/em> <\/strong><\/span><\/h2>\n<h2 style=\"text-align: center;\"><span style=\"color: #634850;\">Traduzindo, <em><strong>A IGREJA DO CRISTO \u00c9 \u201cO CARNAL CALADO&#8221; COM O PAI SE EXPRESSANDO NO LUGAR DELE\u201d!<\/strong><\/em> \u00a0O Cristo, portanto, \u00e9 o FILHO UNO COM O PAI, E \u00c9 ESTA UNIDADE &#8211;\u00a0 RECONHECIDA &#8211; QUE CONSTITUI A \u201cVERDADE QUE LIBERTA\u201d!\u00a0 Assim Mois\u00e9s libertou seu povo, assim Jesus libertou os \u201ccativos\u201d, <em><strong>E ASSIM TODO FILHO DE DEUS SE LIBERTA DA CREN\u00c7A DE DEPRESS\u00c3O!<\/strong><\/em><\/span><\/h2>\n<h2 style=\"text-align: center;\"><span style=\"color: #634850;\">Suponhamos que algu\u00e9m se apresente aparentemente com sintomas de \u201cdepress\u00e3o\u201d: SE ACREDITAR SER \u201cDONO DELA\u201d, ASSIM LHE SER\u00c1! COMO\u00a0 PODERIA HAVER \u00a0UM FILHO DE DEUS \u00a0DEPRESSIVO? IMPOSS\u00cdVEL!\u00a0 MAS JESUS DISSE: \u201cCR\u00ca, SOMENTE, E SEJA-TE FEITO CONFORME TUA CREN\u00c7A\u201d. Explicava\u00a0 que AQUILO QUE APARECE COMO VIDA TERRENA n\u00e3o \u00e9 OBRA DE DEUS, MAS<strong><em> MANIFESTA\u00c7\u00c3O DAS CREN\u00c7AS DO MUNDO!<\/em> <\/strong><\/span><\/h2>\n<h2 style=\"text-align: center;\"><span style=\"color: #634850;\">QUEM ESCUTAR DE UM M\u00c9DICO QUE <strong><em>\u201cSOFRE DE DEPRESS\u00c3O\u201d,<\/em> <em>ESTA MENTIRA S\u00d3 CRIAR\u00c1 RA\u00cdZES NAQUELE QUE ACREDITAR NAS PALAVRAS DO M\u00c9DICO, OU SEJA,\u00a0 LHE SER\u00c1 FEITO SEGUNDO SUA CREN\u00c7A NO PROBLEMA.<\/em><\/strong> Portanto, Jesus ensinou que <em><strong>O PROBLEMA N\u00c3O \u00c9 O PROBLEMA: O PROBLEMA \u00c9 UM FILHO DE DEUS ACREDITAR NO PROBLEMA!<\/strong> <\/em><\/span><\/h2>\n<h2 style=\"text-align: center;\"><span style=\"color: #634850;\">Se ele ouvir do m\u00e9dico que \u201csofre de depress\u00e3o\u201d e DER RISADA, POR N\u00c3O ACREDITAR NEM ADMITIR ESTA CREN\u00c7A, N\u00c3O HAVER\u00c1 MAIS NELE \u201cLOCAL&#8221; PARA A<em><strong> ILUS\u00c3O DA DOEN\u00c7A SE MANIFESTAR!<\/strong><\/em><\/span><\/h2>\n<h2 style=\"text-align: center;\"><span style=\"color: #634850;\"><em>\u201cO EU QUE FALA POR MIM \u00c9 DEUS, E NUNCA A \u201cMENTE HUMANA\u201d!<\/em> Esta \u00e9 forma de realizarmos a MUDAN\u00c7A DE REFERENCIAL, e vivermos segundo A IGREJA DO CRISTO, CALANDO A \u201cVOZ DA CARNE\u201d, COMO FEZ PEDRO, PARA SERMOS BEM-AVENTURADOS COMO ELE,<em><strong> EXPRESSANDO A \u201cVOZ DO PAI\u201d!<\/strong> <\/em><\/span><\/h2>\n<h2 style=\"text-align: center;\"><span style=\"color: #634850;\">Para isso existe a \u201cPr\u00e1tica\u2019 do Sil\u00eancio\u201d, quando CONTEMPLAMOS A ONIPRESEN\u00c7A DE DEUS E O FILHO DE DEUS QUE SOMOS,\u00a0 NELA INCLUSO EM UNIDADE COM DEUS! E quando lidarmos1 com o mundo, AFIRMAMOS que SOMOS FILHOS PERFEITOS DO DEUS PERFEITO, E QUE, PARA N\u00d3S,\u00a0 <em><strong>DEPRESS\u00c3O N\u00c3O EXISTE!<\/strong><\/em><\/span><\/h2>\n<h2 style=\"text-align: center;\"><span style=\"color: #634850;\">Esta \u00e9 a VERDADE que, PRATICADA,\u00a0 nos liberta, n\u00e3o de \u201cproblemas\u201d, mas da &#8220;<em><strong>CREN\u00c7A EM PROBLEMAS&#8221;! DEUS \u00c9 TUDO!<\/strong> <\/em><\/span><\/h2>\n<h2 style=\"text-align: center;\"><span style=\"color: #634850;\">*<\/span><\/h2>\n","protected":false},"excerpt":{"rendered":"<p>No mundo, h\u00e1 os que creem em Deus e h\u00e1 os que n\u00e3o creem. Por\u00e9m, o que realmente importa \u00e9 \u201cCONHECER A VERDADE\u201d, e n\u00e3o saber se algu\u00e9m acredita ou n\u00e3o em Deus. O Deus ensinado \u00e0 humanidade \u00e9 t\u00e3o distante do DEUS VERDADEIRO, que se algu\u00e9m disser \u201cter tido a Experi\u00eancia de Deus\u201d e &hellip; <\/p>\n<p class=\"link-more\"><a href=\"https:\/\/www.fachodeluz.blog.br\/wp\/2018\/04\/22\/o-livramento-do-cativeiro-chamado-depressao\/\" class=\"more-link\">Leia mais<span class=\"screen-reader-text\"> &#8220;O Livramento Divino Da Depress\u00e3o&#8221;<\/span><\/a><\/p>\n","protected":false},"author":2,"featured_media":0,"comment_status":"open","ping_status":"closed","sticky":false,"template":"","format":"standard","meta":{"nf_dc_page":"","_crdt_document":"","footnotes":""},"categories":[10],"tags":[],"class_list":["post-22124","post","type-post","status-publish","format-standard","hentry","category-darcio-dezolt"],"featured_media_urls":[],"_links":{"self":[{"href":"https:\/\/www.fachodeluz.blog.br\/wp\/wp-json\/wp\/v2\/posts\/22124","targetHints":{"allow":["GET"]}}],"collection":[{"href":"https:\/\/www.fachodeluz.blog.br\/wp\/wp-json\/wp\/v2\/posts"}],"about":[{"href":"https:\/\/www.fachodeluz.blog.br\/wp\/wp-json\/wp\/v2\/types\/post"}],"author":[{"embeddable":true,"href":"https:\/\/www.fachodeluz.blog.br\/wp\/wp-json\/wp\/v2\/users\/2"}],"replies":[{"embeddable":true,"href":"https:\/\/www.fachodeluz.blog.br\/wp\/wp-json\/wp\/v2\/comments?post=22124"}],"version-history":[{"count":0,"href":"https:\/\/www.fachodeluz.blog.br\/wp\/wp-json\/wp\/v2\/posts\/22124\/revisions"}],"wp:attachment":[{"href":"https:\/\/www.fachodeluz.blog.br\/wp\/wp-json\/wp\/v2\/media?parent=22124"}],"wp:term":[{"taxonomy":"category","embeddable":true,"href":"https:\/\/www.fachodeluz.blog.br\/wp\/wp-json\/wp\/v2\/categories?post=22124"},{"taxonomy":"post_tag","embeddable":true,"href":"https:\/\/www.fachodeluz.blog.br\/wp\/wp-json\/wp\/v2\/tags?post=22124"}],"curies":[{"name":"wp","href":"https:\/\/api.w.org\/{rel}","templated":true}]}}