{"id":22174,"date":"2018-05-01T12:56:21","date_gmt":"2018-05-01T15:56:21","guid":{"rendered":"http:\/\/fachodeluz.blog.br\/wp\/?p=22174"},"modified":"2018-05-01T13:12:51","modified_gmt":"2018-05-01T16:12:51","slug":"o-tudo-divino-e-absoluto-que-voce-e","status":"publish","type":"post","link":"https:\/\/www.fachodeluz.blog.br\/wp\/2018\/05\/01\/o-tudo-divino-e-absoluto-que-voce-e\/","title":{"rendered":"O &#8220;Tudo&#8221; Divino E Absoluto Que Voc\u00ea \u00c9!"},"content":{"rendered":"<h2 style=\"text-align: center;\"><a href=\"https:\/\/i0.wp.com\/fachodeluz.blog.br\/wp\/wp-content\/uploads\/2018\/05\/OVELHAS-2.gif\"><img data-recalc-dims=\"1\" loading=\"lazy\" decoding=\"async\" loading=\"lazy\" class=\"aligncenter size-full wp-image-22177\" src=\"https:\/\/i0.wp.com\/fachodeluz.blog.br\/wp\/wp-content\/uploads\/2018\/05\/OVELHAS-2.gif?resize=455%2C341\" alt=\"\" width=\"455\" height=\"341\" \/><\/a><\/h2>\n<h2 style=\"text-align: center;\"><span style=\"color: #691d1d;\">Por que <strong><em>\u201cDeus \u00e9 TUDO\u201d<\/em> <\/strong>\u00e9 a premissa b\u00e1sica dos ensinamentos absolutistas? Por que o ap\u00f3stolo Paulo declarou que <strong><em>\u201cCristo \u00e9 TUDO em todos\u201d?<\/em> <\/strong>\u00c9 porque o voc\u00e1bulo \u201cTUDO\u201d exclui a ILUS\u00c3O como \u201calgo\u201d, como \u201calgu\u00e9m\u201d ou como \u201calguma presen\u00e7a\u201d, sen\u00e3o DEUS! TUDO quer dizer TUDO, e este TUDO, sendo entendido SER DEUS,\u00a0 e significando SER O CRISTO DIVINO Se evidenciando como VOC\u00ca! Tal percep\u00e7\u00e3o\u00a0 faz com que VOC\u00ca FIQUE SEM SEGUNDA OP\u00c7\u00c3O, sen\u00e3o ESTAR SENDO O &#8220;TUDO QUE DEUS \u00c9&#8221;, OU SENDO O CRISTO \u201cEM DEUS\u201d QUE VOC\u00ca \u00c9!<\/span><\/h2>\n<h2 style=\"text-align: center;\"><span style=\"color: #691d1d;\"><em><strong>\u201cEu sei que EM DEUS eu sou perfeito; por\u00e9m, na \u201capar\u00eancia\u201d estou longe desta perfei\u00e7\u00e3o! Se disser que sou perfeito, estarei mentindo!\u201d &#8211;<\/strong><\/em>\u00a0 esta \u00e9 a \u201cfala comum da ilus\u00e3o\u201d. ONDE FICOU A PREMISSA <em><strong>\u201cDEUS \u00c9 TUDO\u201d?<\/strong><\/em> ONDE FICOU A REVELA\u00c7\u00c3O DE PAULO, <strong><em>\u201cCRISTO \u00c9 TUDO EM TODOS\u201d?<\/em><\/strong> \u00a0AMBAS FICARAM ESCONDIDAS PELA <em><strong>ILUS\u00c3O<\/strong><\/em> DE QUE <strong><em>\u201cTUDO N\u00c3O SEJA TUDO\u201d!<\/em><\/strong><\/span><\/h2>\n<h2 style=\"text-align: center;\"><span style=\"color: #691d1d;\">A CREN\u00c7A HIPN\u00d3TICA QUER PREVALECER; MAS, INFELIZMENTE PARA ELA, N\u00c3O DISP\u00d5E DE PODER PARA \u201cSER ALGO AL\u00c9M DE DEUS\u201d! Desse modo, o m\u00e1ximo de que disp\u00f5e, \u00e9 <strong><em>EXIBIR SUGEST\u00d5ES MENTAIS AGRESSIVAS EM FORMA DE IMAGENS, \u201cSEM VERDADE E SEM VIDA\u201d, ID\u00caNTICAS \u00c0S \u201cVISTAS\u201d EM PESADELOS!<\/em><\/strong><\/span><\/h2>\n<h2 style=\"text-align: center;\"><span style=\"color: #691d1d;\">Para Jesus, DEUS ERA TUDO! E PARA TODOS N\u00d3S, DEUS \u00c9 TUDO! A\u00a0 diferen\u00e7a est\u00e1 em que <strong><em>\u201cele orava sem \u00a0cessar&#8221;,<\/em><\/strong> para permanecer no FOCO DA TOTALIDADE DE DEUS, enquanto a humanidade continua<em><strong> \u201cSERVINDO A DOIS SENHORES\u201d,<\/strong><\/em> o que a faz endossar <strong><em>\u201cDEUS E ILUS\u00c3O\u201d,<\/em><\/strong> postergando a dedica\u00e7\u00e3o \u00e0 ora\u00e7\u00e3o como ensinada e exemplificada por Jesus!<\/span><\/h2>\n<h2 style=\"text-align: center;\"><span style=\"color: #691d1d;\">E disse Deus:<em><strong> \u201cFa\u00e7amos o homem \u00e0 nossa imagem e semelhan\u00e7a e ele domine sobre tudo\u201d<\/strong> <\/em>(Gen. 1: 26. ESTE &#8220;<strong><em>HOMEM&#8221;<\/em><\/strong> \u00c9 O CRISTO EMANADO DE DEUS! E ESTE &#8220;<strong><em>DOM\u00cdNIO SOBRE TUDO&#8221;<\/em><\/strong> SIGNIFICA VOC\u00ca TER UM DEUS QUE \u00c9 TUDO, SER UM COM ELE, E SER UM COM TUDO! N\u00e3o se trata de um \u201ctudo na mat\u00e9ria\u201d! <em><strong>N\u00c3O EXISTE \u201cMAT\u00c9RIA\u201d!<\/strong><\/em><\/span><\/h2>\n<h2 style=\"text-align: center;\"><span style=\"color: #691d1d;\"> Tendo um DEUS que \u00e9 TUDO, <em><strong>VOC\u00ca SER\u00c1 TUDO QUE DEUS \u00c9,<\/strong><\/em> por estar em\u00a0 UNIDADE COM ELE! E, EM VISTA DISSO, ESTAR\u00c1 EM UNIDADE <strong><em>COM TODAS AS FORMA\u00c7\u00d5ES ESPIRITUAIS E ETERNAS CONTIDAS NA ONIPRESEN\u00c7A!<\/em><\/strong><\/span><\/h2>\n<h2 style=\"text-align: center;\"><span style=\"color: #691d1d;\"><em>Marie S. Watts<\/em> enfatiza o seguinte: &#8220;<strong><em>JAMAIS NEGUE A PRESEN\u00c7A DE ALGO OU DE ALGU\u00c9M NECESS\u00c1RIO AO SEU CUMPRIMENTO DE OBJETIVO!\u201d.<\/em><\/strong> Ela quer dizer o seguinte: ao perceber que algo lhe seja necess\u00e1rio, <em><strong>TOME POSSE DELE EM SUA CONSCI\u00caNCIA ESPIRITUAL! VEJA-O SENDO &#8220;UM\u00a0 COM VOC\u00ca&#8221;!\u00a0<\/strong><\/em> <\/span><\/h2>\n<h2 style=\"text-align: center;\"><span style=\"color: #691d1d;\">\u00c9 dessa forma que <strong><em>TER\u00c1 DOM\u00cdNIO SOBRE TUDO!<\/em> <\/strong>VOC\u00ca ADMITINDO \u201cSER TUDO\u201d, POR ESTAR NA <strong><em>\u201cUNIDADE ESPIRITUAL PERFEITA&#8221;,<\/em><\/strong> INDIVIS\u00cdVEL E <em><strong>SENDO TUDO!<\/strong><\/em><\/span><\/h2>\n<h2 style=\"text-align: center;\"><span style=\"color: #691d1d;\"><em><strong>O Cristo \u00e9 O &#8220;TUDO que DEUS \u00c9&#8221;,\u00a0 evidenciado como VOC\u00ca! Jamais NEGUE\u00a0 esta Verdade! <\/strong><\/em><\/span><\/h2>\n<h2 style=\"text-align: center;\"><em><strong><span style=\"color: #691d1d;\">*<\/span><br \/>\n<\/strong><\/em><\/h2>\n","protected":false},"excerpt":{"rendered":"<p>Por que \u201cDeus \u00e9 TUDO\u201d \u00e9 a premissa b\u00e1sica dos ensinamentos absolutistas? Por que o ap\u00f3stolo Paulo declarou que \u201cCristo \u00e9 TUDO em todos\u201d? \u00c9 porque o voc\u00e1bulo \u201cTUDO\u201d exclui a ILUS\u00c3O como \u201calgo\u201d, como \u201calgu\u00e9m\u201d ou como \u201calguma presen\u00e7a\u201d, sen\u00e3o DEUS! TUDO quer dizer TUDO, e este TUDO, sendo entendido SER DEUS,\u00a0 e significando &hellip; <\/p>\n<p class=\"link-more\"><a href=\"https:\/\/www.fachodeluz.blog.br\/wp\/2018\/05\/01\/o-tudo-divino-e-absoluto-que-voce-e\/\" class=\"more-link\">Leia mais<span class=\"screen-reader-text\"> &#8220;O &#8220;Tudo&#8221; Divino E Absoluto Que Voc\u00ea \u00c9!&#8221;<\/span><\/a><\/p>\n","protected":false},"author":2,"featured_media":0,"comment_status":"open","ping_status":"closed","sticky":false,"template":"","format":"standard","meta":{"nf_dc_page":"","_crdt_document":"","footnotes":""},"categories":[10],"tags":[],"class_list":["post-22174","post","type-post","status-publish","format-standard","hentry","category-darcio-dezolt"],"featured_media_urls":[],"_links":{"self":[{"href":"https:\/\/www.fachodeluz.blog.br\/wp\/wp-json\/wp\/v2\/posts\/22174","targetHints":{"allow":["GET"]}}],"collection":[{"href":"https:\/\/www.fachodeluz.blog.br\/wp\/wp-json\/wp\/v2\/posts"}],"about":[{"href":"https:\/\/www.fachodeluz.blog.br\/wp\/wp-json\/wp\/v2\/types\/post"}],"author":[{"embeddable":true,"href":"https:\/\/www.fachodeluz.blog.br\/wp\/wp-json\/wp\/v2\/users\/2"}],"replies":[{"embeddable":true,"href":"https:\/\/www.fachodeluz.blog.br\/wp\/wp-json\/wp\/v2\/comments?post=22174"}],"version-history":[{"count":0,"href":"https:\/\/www.fachodeluz.blog.br\/wp\/wp-json\/wp\/v2\/posts\/22174\/revisions"}],"wp:attachment":[{"href":"https:\/\/www.fachodeluz.blog.br\/wp\/wp-json\/wp\/v2\/media?parent=22174"}],"wp:term":[{"taxonomy":"category","embeddable":true,"href":"https:\/\/www.fachodeluz.blog.br\/wp\/wp-json\/wp\/v2\/categories?post=22174"},{"taxonomy":"post_tag","embeddable":true,"href":"https:\/\/www.fachodeluz.blog.br\/wp\/wp-json\/wp\/v2\/tags?post=22174"}],"curies":[{"name":"wp","href":"https:\/\/api.w.org\/{rel}","templated":true}]}}