{"id":22181,"date":"2018-05-02T11:34:38","date_gmt":"2018-05-02T14:34:38","guid":{"rendered":"http:\/\/fachodeluz.blog.br\/wp\/?p=22181"},"modified":"2018-05-02T20:05:17","modified_gmt":"2018-05-02T23:05:17","slug":"enalteca-teu-deus-em-ti-proprio","status":"publish","type":"post","link":"https:\/\/www.fachodeluz.blog.br\/wp\/2018\/05\/02\/enalteca-teu-deus-em-ti-proprio\/","title":{"rendered":"Enaltece &#8220;Teu Deus&#8221; Em Ti Pr\u00f3prio!"},"content":{"rendered":"<h2 style=\"text-align: center;\"><a href=\"https:\/\/i0.wp.com\/fachodeluz.blog.br\/wp\/wp-content\/uploads\/2018\/05\/CORPO-21.gif\"><img data-recalc-dims=\"1\" loading=\"lazy\" decoding=\"async\" loading=\"lazy\" class=\"aligncenter size-full wp-image-22184\" src=\"https:\/\/i0.wp.com\/fachodeluz.blog.br\/wp\/wp-content\/uploads\/2018\/05\/CORPO-21.gif?resize=455%2C359\" alt=\"\" width=\"455\" height=\"359\" \/><\/a><\/h2>\n<h2 style=\"text-align: center;\"><span style=\"color: #373791;\">Enaltecer a SI PR\u00d3PRIO como sendo \u00a0DEUS VIVENDO, e n\u00e3o \u201ccarnal nascido\u201d, \u00e9 exatamente o FOCO DO EVANGELHO, que constitui o chamado \u201cJU\u00cdZO JUSTO\u201d, e \u00e9, portanto, o FOCO de nossa adora\u00e7\u00e3o a Deus.<\/span><\/h2>\n<h2 style=\"text-align: center;\"><span style=\"color: #373791;\">Que \u00e9 o \u201cju\u00edzo justo\u201d?\u00a0 &#8220;<em>O FILHO SE HONRAR COMO HONRA O PAI\u201d.<\/em> \u00a0Em outras palavras, significa o seu total reconhecimento e endosso de que <em><strong>DEUS E O CRISTO QUE VOC\u00ca \u00c9, S\u00c3O UM E O MESMO!<\/strong><\/em>\u00a0 N\u00e3o h\u00e1 Filho de Deus SEPARADO de Deus e muito menos dotado de natureza DIFERENTE de Deus! SOMOS TODOS O \u201cFILHO UNIG\u00caNITO DE DEUS\u201d, o que quer dizer \u201cDE ID\u00caNTICA NATUREZA DO PAI&#8221;, o que possibilitou a Jesus afirmar: <em><strong>\u201cQUEM ME V\u00ca A MIM, V\u00ca O PAI\u201d!<\/strong><\/em><\/span><\/h2>\n<h2 style=\"text-align: center;\"><span style=\"color: #373791;\">Livrar-se da ILUS\u00c3O do \u201cJU\u00cdZO PELA CARNE\u201d \u00e9 a fun\u00e7\u00e3o de cada um, caso pretenda CONHECER A VERDADE!\u00a0 Buda, Jesus, Paulo, e tantos outros, somente se libertaram das \u201camarras ilus\u00f3rias da ilus\u00e3o\u201d\u00a0 <strong><em>ENALTECENDO A VIDA DE DEUS EM SI MESMOS!<\/em><\/strong> Sabiam ser a VERDADE v\u00e1lida para TODOS; por\u00e9m, tamb\u00e9m sabiam que CADA UM, assim como eles pr\u00f3prios, TERIAM DE RECONHEC\u00ca-LA DA MESMA FORMA, QUE \u00c9 <strong><em>\u201cEM SI MESMOS\u201d!<\/em><\/strong><\/span><\/h2>\n<h2 style=\"text-align: center;\"><span style=\"color: #373791;\">N\u00e3o h\u00e1 \u201cmais Deus\u201d em Jesus, em Buda ou em Krishna, <em><strong>do que H\u00c1 EM VOC\u00ca!<\/strong><\/em> DEUS \u00c9 ONIPRESENTE, raz\u00e3o pela qual todos os reveladores da Verdade apontam a mesma necessidade de todos em caminhar nesta dire\u00e7\u00e3o: <strong><em>HONRAR, ENALTECER, EXALTAR, GLORIFICAR E ADORAR A DEUS EM SI MESMOS!<\/em><\/strong><\/span><\/h2>\n<h2 style=\"text-align: center;\"><span style=\"color: #373791;\"><strong><em>\u201cQuem tem O FILHO, tem EM SI MESMO o testemunho\u201d,<\/em><\/strong> disse Jo\u00e3o. E Paulo, conhecendo a Verdade, afirmou: &#8220;<em><strong>O CRISTO VIVE EM MIM&#8221;!<\/strong><\/em><\/span><\/h2>\n<h2 style=\"text-align: center;\"><span style=\"color: #373791;\">As religi\u00f5es do mundo se desviaram por completo destes princ\u00edpios da Verdade! Sempre \u201cjulgaram a todos pela carne\u201d, e sempre personalizaram a VERDADE em seus reveladores! Felizmente, o ap\u00f3stolo Paulo nada aprendeu com tais religi\u00f5es apagadas, mas sim, por revela\u00e7\u00f5es diretas de Jesus. Desse modo, p\u00f4de declarar que <strong><em>&#8220;O CRISTO \u00c9 TUDO EM TODOS&#8221;,<\/em><\/strong> e p\u00f4de ensinar que devemos <em>\u00a0\u201cGLORIFICAR A DEUS EM NOSSO CORPO E EM NOSSO ESP\u00cdRITO\u201d,<\/em> justificando sua fala explicando que<strong><em> \u201cPERTENCEM A DEUS\u201d<\/em><\/strong> (1 Cor:, 6: 20).<\/span><\/h2>\n<h2 style=\"text-align: center;\"><span style=\"color: #373791;\">JAMAIS TOME POR FOCO DE ADORA\u00c7\u00c3O UM DEUS QUE N\u00c3O SEJA O <strong><em>\u201cTEU DEUS\u201d!<\/em><\/strong> N\u00c3O SE DESVIE DO CRISTO EMANADO DE DEUS, QUE \u00c9 O FILHO SENDO VOC\u00ca! <strong><em>\u201cQUEM TEM O FILHO TEM O PAI\u201d,<\/em><\/strong> diz a B\u00edblia! <\/span><\/h2>\n<h2 style=\"text-align: center;\"><span style=\"color: #373791;\"><em>HONRE, ENALTE\u00c7A, EXALTE, GLORIFIQUE E ADORE O PAI EM VOC\u00ca MESMO!<\/em><\/span><\/h2>\n<h2 style=\"text-align: center;\"><span style=\"color: #373791;\"> Vale aqui recordar a pergunta de Paulo:<em><strong> \u201cOU N\u00c3O SABEIS QUE SOIS O TEMPLO DE DEUS, E QUE O ESP\u00cdRITO DE DEUS HABITA EM V\u00d3S\u201d?<\/strong><\/em><\/span><\/h2>\n<h2 style=\"text-align: center;\"><span style=\"color: #373791;\">*<\/span><\/h2>\n","protected":false},"excerpt":{"rendered":"<p>Enaltecer a SI PR\u00d3PRIO como sendo \u00a0DEUS VIVENDO, e n\u00e3o \u201ccarnal nascido\u201d, \u00e9 exatamente o FOCO DO EVANGELHO, que constitui o chamado \u201cJU\u00cdZO JUSTO\u201d, e \u00e9, portanto, o FOCO de nossa adora\u00e7\u00e3o a Deus. Que \u00e9 o \u201cju\u00edzo justo\u201d?\u00a0 &#8220;O FILHO SE HONRAR COMO HONRA O PAI\u201d. \u00a0Em outras palavras, significa o seu total reconhecimento &hellip; <\/p>\n<p class=\"link-more\"><a href=\"https:\/\/www.fachodeluz.blog.br\/wp\/2018\/05\/02\/enalteca-teu-deus-em-ti-proprio\/\" class=\"more-link\">Leia mais<span class=\"screen-reader-text\"> &#8220;Enaltece &#8220;Teu Deus&#8221; Em Ti Pr\u00f3prio!&#8221;<\/span><\/a><\/p>\n","protected":false},"author":2,"featured_media":0,"comment_status":"open","ping_status":"closed","sticky":false,"template":"","format":"standard","meta":{"nf_dc_page":"","_crdt_document":"","footnotes":""},"categories":[10],"tags":[],"class_list":["post-22181","post","type-post","status-publish","format-standard","hentry","category-darcio-dezolt"],"featured_media_urls":[],"_links":{"self":[{"href":"https:\/\/www.fachodeluz.blog.br\/wp\/wp-json\/wp\/v2\/posts\/22181","targetHints":{"allow":["GET"]}}],"collection":[{"href":"https:\/\/www.fachodeluz.blog.br\/wp\/wp-json\/wp\/v2\/posts"}],"about":[{"href":"https:\/\/www.fachodeluz.blog.br\/wp\/wp-json\/wp\/v2\/types\/post"}],"author":[{"embeddable":true,"href":"https:\/\/www.fachodeluz.blog.br\/wp\/wp-json\/wp\/v2\/users\/2"}],"replies":[{"embeddable":true,"href":"https:\/\/www.fachodeluz.blog.br\/wp\/wp-json\/wp\/v2\/comments?post=22181"}],"version-history":[{"count":0,"href":"https:\/\/www.fachodeluz.blog.br\/wp\/wp-json\/wp\/v2\/posts\/22181\/revisions"}],"wp:attachment":[{"href":"https:\/\/www.fachodeluz.blog.br\/wp\/wp-json\/wp\/v2\/media?parent=22181"}],"wp:term":[{"taxonomy":"category","embeddable":true,"href":"https:\/\/www.fachodeluz.blog.br\/wp\/wp-json\/wp\/v2\/categories?post=22181"},{"taxonomy":"post_tag","embeddable":true,"href":"https:\/\/www.fachodeluz.blog.br\/wp\/wp-json\/wp\/v2\/tags?post=22181"}],"curies":[{"name":"wp","href":"https:\/\/api.w.org\/{rel}","templated":true}]}}