{"id":22246,"date":"2018-05-12T13:37:59","date_gmt":"2018-05-12T16:37:59","guid":{"rendered":"http:\/\/fachodeluz.blog.br\/wp\/?p=22246"},"modified":"2018-05-12T15:47:09","modified_gmt":"2018-05-12T18:47:09","slug":"melhorai-os-vossos-caminhos-e-as-suas-obras","status":"publish","type":"post","link":"https:\/\/www.fachodeluz.blog.br\/wp\/2018\/05\/12\/melhorai-os-vossos-caminhos-e-as-suas-obras\/","title":{"rendered":"&#8220;Melhorai Os Vossos Caminhos E As Vossas Obras!&#8221;"},"content":{"rendered":"<p style=\"text-align: center;\"><a href=\"https:\/\/i0.wp.com\/fachodeluz.blog.br\/wp\/wp-content\/uploads\/2018\/05\/Comunh%C3%A3o-AB.gif\"><img data-recalc-dims=\"1\" loading=\"lazy\" decoding=\"async\" loading=\"lazy\" class=\"aligncenter size-full wp-image-22250\" src=\"https:\/\/i0.wp.com\/fachodeluz.blog.br\/wp\/wp-content\/uploads\/2018\/05\/Comunh%C3%A3o-AB.gif?resize=455%2C269\" alt=\"\" width=\"455\" height=\"269\" \/><\/a><\/p>\n<h2 style=\"text-align: center;\"><span style=\"color: #705835;\">\u00c9 comum encontrarmos algu\u00e9m que, em \u00e9poca de \u201capar\u00eancias negativas\u201d, se\u00a0 mostre fervoroso \u201dpraticante da Verdade\u201d; por\u00e9m, t\u00e3o logo apare\u00e7a a solu\u00e7\u00e3o da quest\u00e3o, volta a demonstrar enorme interesse pelo mundo e pelas coisas do mundo.\u00a0 O oposto deveria ser verdadeiro, pois, tendo em si mesmo comprovado o al\u00edvio do aparente problema, mais deveria se motivar para levar mais a s\u00e9rio ainda a pr\u00e1tica dos princ\u00edpios revelados!<\/span><\/h2>\n<h2 style=\"text-align: center;\"><span style=\"color: #705835;\">Jeremias disse o seguinte:<em> \u201cMelhorai os vossos caminhos e as vossas obras e vos farei habitar em Minha Casa\u201d<\/em> (Jer. 7: 3). Estava expondo a Verdade que diz a Lei Mental:<strong><em> \u201cN\u00e3o te dou o que me pedes, mas sim, o que se sintoniza com a tua frequ\u00eancia mental\u201d.<\/em><\/strong> <\/span><\/h2>\n<h2 style=\"text-align: center;\"><span style=\"color: #705835;\">Por que a pessoa se viu tendo seu problema resolvido? Por ter mantido a sua frequ\u00eancia mental em sintonia com Deus!\u00a0 E por que seus problemas poderiam lhe ressurgir ? Por relaxar e deixar \u201cno baixo\u201d a sua frequ\u00eancia mental, deixando de enaltecer a Verdade, que \u00e9 \u201cTER A MENTE DE CRISTO\u201d, para se permitir iludir e<strong><em> ficar afinado com a \u201cmente carnal\u201d na maior parte de seu tempo.<\/em><\/strong><\/span><\/h2>\n<h2 style=\"text-align: center;\"><span style=\"color: #705835;\"><strong><em>\u201cMelhorai os vossos caminhos e as vossas obras\u201d,<\/em><\/strong> disse Jeremias. Com outros dizeres, o ap\u00f3stolo Paulo deixou=nos a mesma instru\u00e7\u00e3o: <em>\u201cPensai nas coisas que s\u00e3o de cima, e n\u00e3o nas que s\u00e3o da terra\u201d <\/em>(Col. 3: 2).<\/span><\/h2>\n<h2 style=\"text-align: center;\"><span style=\"color: #705835;\">N\u00e3o h\u00e1 como evitar em cem por cento o envolvimento mental com o mundo e seus habitantes; entretanto, se algu\u00e9m n\u00e3o se cuidar em proteger o seu \u201clar mental\u201d, n\u00e3o poder\u00e1 \u201cHABITAR EM MINHA CASA\u201d, que \u00e9 nosso real, \u00fanico e perfeito objetivo!<\/span><\/h2>\n<h2 style=\"text-align: center;\"><span style=\"color: #705835;\"> Sabemos que este \u201cobjetivo\u201d J\u00c1 EST\u00c1 CUMPRIDO, por reconhecermos que O CRISTO \u00c9 A NOSSA VIDA; mas, \u00e9 tamb\u00e9m sabido que \u201c se dermos enorme prioridade e aten\u00e7\u00e3o \u00e0s supostas \u201ccoisas terrenas\u201d, acabaremos por negar a Verdade de que DEUS <em><strong>\u00c9 <\/strong><\/em>TUDO! Em vista disso, estaremos aparentemente sob o jugo da Lei Mental citada, atraindo pessoas e fatos de mesma frequ\u00eancia mental! N\u00e3o adiantar\u00e1 reclamar, depois, que<em> \u201cmesmo meditando, se viu envolto por problemas\u201d!<\/em><\/span><\/h2>\n<h2 style=\"text-align: center;\"><span style=\"color: #705835;\">Certa vez, perguntaram a <em>Mary Baker Eddy<\/em> o\u00a0 motivo que a levava a manifestar a Verdade em\u00a0 aparente grau superior \u00e0 capacidade deles pr\u00f3prios. Ela disse o seguinte: <strong><em>\u201cOcorre que, quando o erro aparece \u00e0 minha porta, eu bato-lhe a porta na cara, enquanto voc\u00eas permitem a\u00a0 livre entrada dele\u201d.<\/em><\/strong><\/span><\/h2>\n<h2 style=\"text-align: center;\"><span style=\"color: #705835;\">O Bem Absoluto nos est\u00e1 dispon\u00edvel ininterruptamente! Assim, basta-nos viver AFINADOS COM ELE, <em><strong>BATENDO A PORTA NA CARA DO ERRO!<\/strong><\/em> E ISTO SEM ACHAR QUE NOS PRIVAMOS DE ALGUM BEM! Pelo contr\u00e1rio, ser\u00e1 como nos revelou Jeremias: <strong><em>DEUS NOS FAR\u00c1 \u00a0\u201cHABITAR EM SUA CASA\u201d, que \u00e9, de fato, A NOSSA CASA ETERNA! <\/em><\/strong><\/span><\/h2>\n<h2 style=\"text-align: center;\"><strong><em><span style=\"color: #705835;\">*<\/span><br \/>\n<\/em><\/strong><\/h2>\n","protected":false},"excerpt":{"rendered":"<p>\u00c9 comum encontrarmos algu\u00e9m que, em \u00e9poca de \u201capar\u00eancias negativas\u201d, se\u00a0 mostre fervoroso \u201dpraticante da Verdade\u201d; por\u00e9m, t\u00e3o logo apare\u00e7a a solu\u00e7\u00e3o da quest\u00e3o, volta a demonstrar enorme interesse pelo mundo e pelas coisas do mundo.\u00a0 O oposto deveria ser verdadeiro, pois, tendo em si mesmo comprovado o al\u00edvio do aparente problema, mais deveria se &hellip; <\/p>\n<p class=\"link-more\"><a href=\"https:\/\/www.fachodeluz.blog.br\/wp\/2018\/05\/12\/melhorai-os-vossos-caminhos-e-as-suas-obras\/\" class=\"more-link\">Leia mais<span class=\"screen-reader-text\"> &#8220;&#8220;Melhorai Os Vossos Caminhos E As Vossas Obras!&#8221;&#8221;<\/span><\/a><\/p>\n","protected":false},"author":2,"featured_media":0,"comment_status":"open","ping_status":"closed","sticky":false,"template":"","format":"standard","meta":{"nf_dc_page":"","_crdt_document":"","footnotes":""},"categories":[10],"tags":[],"class_list":["post-22246","post","type-post","status-publish","format-standard","hentry","category-darcio-dezolt"],"featured_media_urls":[],"_links":{"self":[{"href":"https:\/\/www.fachodeluz.blog.br\/wp\/wp-json\/wp\/v2\/posts\/22246","targetHints":{"allow":["GET"]}}],"collection":[{"href":"https:\/\/www.fachodeluz.blog.br\/wp\/wp-json\/wp\/v2\/posts"}],"about":[{"href":"https:\/\/www.fachodeluz.blog.br\/wp\/wp-json\/wp\/v2\/types\/post"}],"author":[{"embeddable":true,"href":"https:\/\/www.fachodeluz.blog.br\/wp\/wp-json\/wp\/v2\/users\/2"}],"replies":[{"embeddable":true,"href":"https:\/\/www.fachodeluz.blog.br\/wp\/wp-json\/wp\/v2\/comments?post=22246"}],"version-history":[{"count":0,"href":"https:\/\/www.fachodeluz.blog.br\/wp\/wp-json\/wp\/v2\/posts\/22246\/revisions"}],"wp:attachment":[{"href":"https:\/\/www.fachodeluz.blog.br\/wp\/wp-json\/wp\/v2\/media?parent=22246"}],"wp:term":[{"taxonomy":"category","embeddable":true,"href":"https:\/\/www.fachodeluz.blog.br\/wp\/wp-json\/wp\/v2\/categories?post=22246"},{"taxonomy":"post_tag","embeddable":true,"href":"https:\/\/www.fachodeluz.blog.br\/wp\/wp-json\/wp\/v2\/tags?post=22246"}],"curies":[{"name":"wp","href":"https:\/\/api.w.org\/{rel}","templated":true}]}}