{"id":22365,"date":"2018-06-02T13:04:46","date_gmt":"2018-06-02T16:04:46","guid":{"rendered":"http:\/\/fachodeluz.blog.br\/wp\/?p=22365"},"modified":"2018-06-02T14:55:58","modified_gmt":"2018-06-02T17:55:58","slug":"unicamente-deus-e-realidade-2","status":"publish","type":"post","link":"https:\/\/www.fachodeluz.blog.br\/wp\/2018\/06\/02\/unicamente-deus-e-realidade-2\/","title":{"rendered":"Unicamente Deus \u00c9 Realidade!"},"content":{"rendered":"<h2 style=\"text-align: center;\">\u00a0<a href=\"https:\/\/i0.wp.com\/fachodeluz.blog.br\/wp\/wp-content\/uploads\/2018\/06\/jesus-44-A.gif\"><img data-recalc-dims=\"1\" loading=\"lazy\" decoding=\"async\" loading=\"lazy\" class=\"aligncenter size-full wp-image-22366\" src=\"https:\/\/i0.wp.com\/fachodeluz.blog.br\/wp\/wp-content\/uploads\/2018\/06\/jesus-44-A.gif?resize=455%2C344\" alt=\"\" width=\"455\" height=\"344\" \/><\/a><\/h2>\n<h2 style=\"text-align: center;\"><span style=\"color: #8f2424;\">Se a B\u00edblia revela um Filho de Deus em manjedoura, representando seu \u201cnascimento\u201d, e tamb\u00e9m o revela numa cruz, representando a sua\u00a0 \u201cmorte\u201d, quando fala em \u201cressurrei\u00e7\u00e3o\u201d, a palavra n\u00e3o veio sendo compreendida! De fato, ela diz que \u201cnascimento e morte&#8221; JAMAIS existiram! A VIDA \u00c9 ETERNIDADE VIVA, SEM INTERRUP\u00c7\u00d5ES!<\/span><\/h2>\n<h2 style=\"text-align: center;\"><span style=\"color: #8f2424;\">A cren\u00e7a em \u201cressurrei\u00e7\u00e3o\u201d, como veio sendo passada\u00a0 \u00e0 humanidade, se deve unicamente \u00e0 cegueira da \u201cmente em ilus\u00e3o\u201d, a quem a REAL e DIVINA Exist\u00eancia, que Se expressa como \u201cUNIDADE PERFEITA\u201d,\u00a0\u00a0 passa ou por \u201ccompletamente desconhecida\u201d, ou \u00e9 &#8220;pessimamente traduzida&#8221;, atrav\u00e9s de \u201cimagens hipn\u00f3ticas\u201d , finitas, fugazes e temporais.<\/span><\/h2>\n<h2 style=\"text-align: center;\"><span style=\"color: #8f2424;\">A convic\u00e7\u00e3o de que \u201cEXISTE UNIVERSO MATERIAL\u201d impede que a VERDADE seja aceita, vivida e contemplada! De pouco adianta falarmos que VIVEMOS EM DEUS, se a convic\u00e7\u00e3o de que \u201cVIVEMOS ENCARNADOS\u201d fala mais alto! Entretanto, \u00e9\u00a0 uma tremenda MENTIRA que ter\u00e1 de ser deixada de lado!<\/span><\/h2>\n<h2 style=\"text-align: center;\"><span style=\"color: #8f2424;\">A maioria pouco ou nada se mexe, diante da VERDADE que poria fim \u00e0 \u201cmente carnal\u201d e \u00e0s suas CREN\u00c7AS MENTIROSAS E ABSURDAS! Se a Verdade \u00e9 percebida e anunciada, os que SONHAM COM EXIST\u00caNCIA MATERIAL acham que\u00a0 &#8220;SONHOU&#8221; FOI QUEM DISSE TER VISTO O REINO ILUMINADO E ESPIRITUAL! Esta DESCREN\u00c7A COLETIVA figura nas Escrituras como \u201ccora\u00e7\u00e3o endurecido\u201d, incapaz de parar, se silenciar, e perceber que UNICAMENTE DEUS \u00c9 REALIDADE!<\/span><\/h2>\n<h2 style=\"text-align: center;\"><span style=\"color: #8f2424;\"><strong><em>\u201cOs puros de cora\u00e7\u00e3o ver\u00e3o a Deus\u201d,<\/em><\/strong> diz a B\u00edblia, Como isto foi entendido? Como \u201ccarnais\u201d, viventes do mundo material, purificando passo a passo a \u201cmente ilus\u00f3ria\u2019\u201d, at\u00e9 que ela assim se mostre purificada, e VENDO DEUS! Todo absurdo se mostra como tal, quando \u00e9 vazio de consist\u00eancia e de exemplos vivos! Toda Revela\u00e7\u00e3o Absoluta chama algu\u00e9m DE IMEDIATO para O ABSOLUTO!\u00a0 O \u201cmundo fenom\u00eanico\u201d \u00e9 uma ILUS\u00c3O HIPN\u00d3TICA! Mas a &#8220;convic\u00e7\u00e3o coletiva&#8221;, de ser ele real, leva a maioria a entender as revela\u00e7\u00f5es a partir dele, o que, obviamente, faz com que elas\u00a0 n\u00e3o atuem como deveriam.<\/span><\/h2>\n<h2 style=\"text-align: center;\"><span style=\"color: #8f2424;\">DEUS \u00c9 TUDO E \u00c9, TAMB\u00c9M, O CRISTO CONSUMADO E ILUMINADO QUE SOMOS! Aquele que DESAFIAR A <strong><em>&#8220;CONVIC\u00c7\u00c3O COLETIVA&#8221;,<\/em><\/strong> IMPRIMINDO EM SI MESMO A ACEITA\u00c7\u00c3O DA VERDADE ABSOLUTA, SER\u00c1 QUEM ESTAR\u00c1 <em><strong>\u201cPRATICANDO E CUMPRINDO A PALAVRA!\u201d.<\/strong><\/em><\/span><\/h2>\n<h2 style=\"text-align: center;\"><span style=\"color: #8f2424;\">Jamais existiu \u201cvida na mat\u00e9ria\u201d. Medite e aceite DEUS SENDO O CRISTO DE DEUS QUE <em><strong>VOC\u00ca \u00c9,<\/strong><\/em> VIVENDO NO REINO DE DEUS! <\/span><\/h2>\n<h2 style=\"text-align: center;\"><span style=\"color: #8f2424;\"><strong><em>UNICAMENTE DEUS \u00c9 REALIDADE, APESAR DE TODAS AS CREN\u00c7AS E MENTIRAS EM CONTR\u00c1RIO!<\/em><\/strong><\/span><\/h2>\n<h2 style=\"text-align: center;\"><span style=\"color: #8f2424;\"><strong><em> *<\/em><\/strong><\/span><\/h2>\n","protected":false},"excerpt":{"rendered":"<p>\u00a0 Se a B\u00edblia revela um Filho de Deus em manjedoura, representando seu \u201cnascimento\u201d, e tamb\u00e9m o revela numa cruz, representando a sua\u00a0 \u201cmorte\u201d, quando fala em \u201cressurrei\u00e7\u00e3o\u201d, a palavra n\u00e3o veio sendo compreendida! De fato, ela diz que \u201cnascimento e morte&#8221; JAMAIS existiram! A VIDA \u00c9 ETERNIDADE VIVA, SEM INTERRUP\u00c7\u00d5ES! A cren\u00e7a em \u201cressurrei\u00e7\u00e3o\u201d, &hellip; <\/p>\n<p class=\"link-more\"><a href=\"https:\/\/www.fachodeluz.blog.br\/wp\/2018\/06\/02\/unicamente-deus-e-realidade-2\/\" class=\"more-link\">Leia mais<span class=\"screen-reader-text\"> &#8220;Unicamente Deus \u00c9 Realidade!&#8221;<\/span><\/a><\/p>\n","protected":false},"author":2,"featured_media":0,"comment_status":"open","ping_status":"closed","sticky":false,"template":"","format":"standard","meta":{"nf_dc_page":"","_crdt_document":"","footnotes":""},"categories":[10],"tags":[],"class_list":["post-22365","post","type-post","status-publish","format-standard","hentry","category-darcio-dezolt"],"featured_media_urls":[],"_links":{"self":[{"href":"https:\/\/www.fachodeluz.blog.br\/wp\/wp-json\/wp\/v2\/posts\/22365","targetHints":{"allow":["GET"]}}],"collection":[{"href":"https:\/\/www.fachodeluz.blog.br\/wp\/wp-json\/wp\/v2\/posts"}],"about":[{"href":"https:\/\/www.fachodeluz.blog.br\/wp\/wp-json\/wp\/v2\/types\/post"}],"author":[{"embeddable":true,"href":"https:\/\/www.fachodeluz.blog.br\/wp\/wp-json\/wp\/v2\/users\/2"}],"replies":[{"embeddable":true,"href":"https:\/\/www.fachodeluz.blog.br\/wp\/wp-json\/wp\/v2\/comments?post=22365"}],"version-history":[{"count":0,"href":"https:\/\/www.fachodeluz.blog.br\/wp\/wp-json\/wp\/v2\/posts\/22365\/revisions"}],"wp:attachment":[{"href":"https:\/\/www.fachodeluz.blog.br\/wp\/wp-json\/wp\/v2\/media?parent=22365"}],"wp:term":[{"taxonomy":"category","embeddable":true,"href":"https:\/\/www.fachodeluz.blog.br\/wp\/wp-json\/wp\/v2\/categories?post=22365"},{"taxonomy":"post_tag","embeddable":true,"href":"https:\/\/www.fachodeluz.blog.br\/wp\/wp-json\/wp\/v2\/tags?post=22365"}],"curies":[{"name":"wp","href":"https:\/\/api.w.org\/{rel}","templated":true}]}}