{"id":22393,"date":"2018-06-08T12:08:02","date_gmt":"2018-06-08T15:08:02","guid":{"rendered":"http:\/\/fachodeluz.blog.br\/wp\/?p=22393"},"modified":"2018-06-08T12:18:20","modified_gmt":"2018-06-08T15:18:20","slug":"esteja-uno-com-deus-entendendo-os-ajustes-no-mundo","status":"publish","type":"post","link":"https:\/\/www.fachodeluz.blog.br\/wp\/2018\/06\/08\/esteja-uno-com-deus-entendendo-os-ajustes-no-mundo\/","title":{"rendered":"Esteja Uno Com Deus, Entendendo Os &#8220;Ajustes&#8221; No Mundo!"},"content":{"rendered":"<p style=\"text-align: center;\"><span style=\"color: #592424;\"><a href=\"https:\/\/i0.wp.com\/fachodeluz.blog.br\/wp\/wp-content\/uploads\/2018\/06\/serpente.gif\"><img data-recalc-dims=\"1\" loading=\"lazy\" decoding=\"async\" loading=\"lazy\" class=\"aligncenter size-full wp-image-22394\" src=\"https:\/\/i0.wp.com\/fachodeluz.blog.br\/wp\/wp-content\/uploads\/2018\/06\/serpente.gif?resize=455%2C319\" alt=\"\" width=\"455\" height=\"319\" \/><\/a><\/span><\/p>\n<h2 style=\"text-align: center;\"><span style=\"color: #592424;\">A pr\u00e1tica da Verdade Absoluta acarreta uma reviravolta bem marcante no subconsciente da pessoa, por gerar ajustes e movimenta\u00e7\u00e3o nas CREN\u00c7AS COLETIVAS, ali estabelecidas h\u00e1 tempos sem serem incomodadas.<\/span><\/h2>\n<h2 style=\"text-align: center;\"><span style=\"color: #592424;\">Tais &#8220;mudan\u00e7as nas apar\u00eancias&#8221; ocorrem proporcionalmente ao interesse, assiduidade e dedica\u00e7\u00e3o de cada um em colocar em pr\u00e1tica os princ\u00edpios absolutos, sendo, portanto, &#8220;ajustes&#8221; notados individualmente. Isto quer dizer o seguinte: quanto mais s\u00e9ria, profunda e ass\u00eddua for a<em><strong> TROCA DE REFERENCIAL,<\/strong><\/em> que \u00e9 a TROCA DE QUE &#8220;SOMOS CARNAIS&#8221; PELA VERDADE DE QUE \u201cSOMOS O CRISTO\u201d, mais as CREN\u00c7AS ser\u00e3o sacudidas e alteradas! Desse modo, como o ilus\u00f3rio \u201cmundo fenom\u00eanico\u201d \u00e9 puramente uma manifesta\u00e7\u00e3o vis\u00edvel de CREN\u00c7AS,\u00a0 ele se mostrar\u00e1 como estando conturbado e sendo ajustado!<\/span><\/h2>\n<h2 style=\"text-align: center;\"><span style=\"color: #592424;\">O que \u00e9 preciso ficar bem claro \u00e9 o seguinte: ESTAMOS NOS IDENTIFICANDO COM A VERDADE, COM A NOSSA PRESEN\u00c7A NO REINO DE DEUS, E COM O FILHO PERFEITO DE DEUS QUE SOMOS; PORTANTO, AS ALTERA\u00c7\u00d5ES VIS\u00cdVEIS, DECORRENTES DA PR\u00c1TICA DA VERDADE, EM NADA MEXEM COM O CRISTO QUE SOMOS, MAS SIM COM A \u201cMENTE CARNAL\u201d E COM O EMBUSTE CHAMADO &#8220;EGO&#8221;, QUE SE FAZIA PASSAR POR NOSSA LEG\u00cdTIMA E DIVINA IDENTIDADE!<\/span><\/h2>\n<h2 style=\"text-align: center;\"><span style=\"color: #592424;\">Se Tomarmos a B\u00edblia como refer\u00eancia, veremos como Jesus orava e, depois, participava do mundo agindo e causando &#8220;ajustes&#8221; de todos os tipos! Respeitava a Verdade, e n\u00e3o a \u201cmente carnal\u201d com seu ego ilus\u00f3rio! Chamava Pedro de Satan\u00e1s, os doutores da lei de \u201cra\u00e7a de v\u00edboras\u201d, os fariseus de \u201cfilhos do diabo\u201d, \u00a0lidava com os salteadores do templo dando-lhes chibatadas, etc.. Em outras palavras,<strong><em> &#8220;AGIA PELO N\u00c3O AGIR&#8221;,<\/em><\/strong> inspirado pelas ora\u00e7\u00f5es, em que se via na <strong><em>Onia\u00e7\u00e3o divina,<\/em><\/strong> e n\u00e3o no mundo!<\/span><\/h2>\n<h2 style=\"text-align: center;\"><span style=\"color: #592424;\">Ap\u00f3s o rearranjo no subconsciente, provocado pela TROCA DE REFERENCIAL, a mente vai se mostrando refeita em seu equil\u00edbrio e harmonia,\u00a0 e, mesmo havendo novos \u00a0 \u201cajustes fenom\u00eanicos\u201d, eles ser\u00e3o mais suaves e de menor turbul\u00eancia.<\/span><\/h2>\n<h2 style=\"text-align: center;\"><span style=\"color: #592424;\">\u00c9 conhecido o ditado popular, que diz: <strong><em>\u201cQuanto mais eu rezo, mais o diabo me aparece\u201d!<\/em> <\/strong>Mas, \u00e9 esperado e desej\u00e1vel\u00a0 este desmoronamento de CREN\u00c7AS, q<em><strong>uando a Verdade reconhecida se mostra destruindo a ILUS\u00c3O em nossa experi\u00eancia.<\/strong><\/em><\/span><\/h2>\n<h2 style=\"text-align: center;\"><span style=\"color: #592424;\">Grave bem:\u00a0 JAMAIS SE IDENTIFIQUE COM &#8220;EGO HUMANO&#8221; EM DESINTEGRA\u00c7\u00c3O! <strong><em>VOC\u00ca \u00c9 SEMPRE A \u201cOBRA PERMANENTE E PERFEITA DE DEUS\u201d, O CRISTO ETERNO, QUE JAMAIS NASCE, JAMAIS SOFRE AJUSTES, JAMAIS MUDA E JAMAIS MORRE!<\/em> <\/strong><\/span><\/h2>\n<h2 style=\"text-align: center;\"><span style=\"color: #592424;\">*<\/span><\/h2>\n","protected":false},"excerpt":{"rendered":"<p>A pr\u00e1tica da Verdade Absoluta acarreta uma reviravolta bem marcante no subconsciente da pessoa, por gerar ajustes e movimenta\u00e7\u00e3o nas CREN\u00c7AS COLETIVAS, ali estabelecidas h\u00e1 tempos sem serem incomodadas. Tais &#8220;mudan\u00e7as nas apar\u00eancias&#8221; ocorrem proporcionalmente ao interesse, assiduidade e dedica\u00e7\u00e3o de cada um em colocar em pr\u00e1tica os princ\u00edpios absolutos, sendo, portanto, &#8220;ajustes&#8221; notados individualmente. &hellip; <\/p>\n<p class=\"link-more\"><a href=\"https:\/\/www.fachodeluz.blog.br\/wp\/2018\/06\/08\/esteja-uno-com-deus-entendendo-os-ajustes-no-mundo\/\" class=\"more-link\">Leia mais<span class=\"screen-reader-text\"> &#8220;Esteja Uno Com Deus, Entendendo Os &#8220;Ajustes&#8221; No Mundo!&#8221;<\/span><\/a><\/p>\n","protected":false},"author":2,"featured_media":0,"comment_status":"open","ping_status":"closed","sticky":false,"template":"","format":"standard","meta":{"nf_dc_page":"","_crdt_document":"","footnotes":""},"categories":[10],"tags":[],"class_list":["post-22393","post","type-post","status-publish","format-standard","hentry","category-darcio-dezolt"],"featured_media_urls":[],"_links":{"self":[{"href":"https:\/\/www.fachodeluz.blog.br\/wp\/wp-json\/wp\/v2\/posts\/22393","targetHints":{"allow":["GET"]}}],"collection":[{"href":"https:\/\/www.fachodeluz.blog.br\/wp\/wp-json\/wp\/v2\/posts"}],"about":[{"href":"https:\/\/www.fachodeluz.blog.br\/wp\/wp-json\/wp\/v2\/types\/post"}],"author":[{"embeddable":true,"href":"https:\/\/www.fachodeluz.blog.br\/wp\/wp-json\/wp\/v2\/users\/2"}],"replies":[{"embeddable":true,"href":"https:\/\/www.fachodeluz.blog.br\/wp\/wp-json\/wp\/v2\/comments?post=22393"}],"version-history":[{"count":0,"href":"https:\/\/www.fachodeluz.blog.br\/wp\/wp-json\/wp\/v2\/posts\/22393\/revisions"}],"wp:attachment":[{"href":"https:\/\/www.fachodeluz.blog.br\/wp\/wp-json\/wp\/v2\/media?parent=22393"}],"wp:term":[{"taxonomy":"category","embeddable":true,"href":"https:\/\/www.fachodeluz.blog.br\/wp\/wp-json\/wp\/v2\/categories?post=22393"},{"taxonomy":"post_tag","embeddable":true,"href":"https:\/\/www.fachodeluz.blog.br\/wp\/wp-json\/wp\/v2\/tags?post=22393"}],"curies":[{"name":"wp","href":"https:\/\/api.w.org\/{rel}","templated":true}]}}