{"id":22403,"date":"2018-06-10T12:34:05","date_gmt":"2018-06-10T15:34:05","guid":{"rendered":"http:\/\/fachodeluz.blog.br\/wp\/?p=22403"},"modified":"2018-06-10T12:34:52","modified_gmt":"2018-06-10T15:34:52","slug":"vinde-benditos-de-meu-pai","status":"publish","type":"post","link":"https:\/\/www.fachodeluz.blog.br\/wp\/2018\/06\/10\/vinde-benditos-de-meu-pai\/","title":{"rendered":"&#8220;Vinde, Benditos De Meu Pai!&#8221;"},"content":{"rendered":"<p style=\"text-align: center;\"><span style=\"color: #96661e;\"><a href=\"https:\/\/i0.wp.com\/fachodeluz.blog.br\/wp\/wp-content\/uploads\/2018\/06\/ovelha6.gif\"><img data-recalc-dims=\"1\" loading=\"lazy\" decoding=\"async\" loading=\"lazy\" class=\"aligncenter size-full wp-image-22404\" src=\"https:\/\/i0.wp.com\/fachodeluz.blog.br\/wp\/wp-content\/uploads\/2018\/06\/ovelha6.gif?resize=455%2C436\" alt=\"\" width=\"455\" height=\"436\" \/><\/a><\/span><\/p>\n<h3 style=\"text-align: center;\"><span style=\"color: #96661e;\"><em>\u201cE quando o Filho do homem vier em sua gl\u00f3ria, e todos os santos anjos com ele, ent\u00e3o se assentar\u00e1 no trono da sua gl\u00f3ria;<\/em><\/span><br \/>\n<span style=\"color: #96661e;\"><em> E todas as na\u00e7\u00f5es ser\u00e3o reunidas diante dele, e apartar\u00e1 uns dos outros, como o pastor aparta dos bodes as ovelhas;<\/em><\/span><br \/>\n<span style=\"color: #96661e;\"><em> E por\u00e1 as ovelhas \u00e0 sua direita, mas os bodes \u00e0 esquerda.<\/em><\/span><br \/>\n<span style=\"color: #96661e;\"><em> Ent\u00e3o dir\u00e1 o Rei aos que estiverem \u00e0 sua direita: Vinde, benditos de meu Pai, possu\u00ed por heran\u00e7a o reino que vos est\u00e1 preparado desde a funda\u00e7\u00e3o do mundo\u201d.<\/em><\/span><\/h3>\n<h3 style=\"text-align: center;\"><span style=\"color: #96661e;\"> Mateus 25: 31-34.;<\/span><\/h3>\n<h2 style=\"text-align: center;\"><span style=\"color: #96661e;\">Os fundamentos essenciais da Verdade Absoluta est\u00e3o na PERCEP\u00c7\u00c3O DE QUE TUDO\u00a0 EST\u00c1 CONSUMADO, QUE DEUS \u00c9 ESTE TUDO, E QUE, PORTANTO, TUDO \u00c9 ESP\u00cdRITO! \u00c9 nesta REALIDADE ESPIRITUAL, sem nascimentos e sem mortes, que <em><strong>\u201cVIVEMOS, NOS MOVEMOS E EXISTIMOS\u201d.<\/strong><\/em><\/span><\/h2>\n<h2 style=\"text-align: center;\"><span style=\"color: #96661e;\">A \u201ccren\u00e7a coletiva fraudulenta&#8221;, de que<em> \u201csomos carnais em mundo material\u201d,<\/em> faz com que a mensagem da Verdade, anunciada pelos seus reveladores, seja uma \u201cconvoca\u00e7\u00e3o de seres humanos\u201d, para que &#8220;RETORNEM&#8221; AO REINO DE DEUS! <\/span><\/h2>\n<h2 style=\"text-align: center;\"><span style=\"color: #96661e;\">N\u00c3O PODERIA HAVER ENTENDIMENTO MAIS ERR\u00d4NEO, ABSURDO E CONTR\u00c1RIO \u00c0 VERDADE DO QUE ESTE! POR QU\u00ca? <em><strong>PELO SEGUINTE MOTIVO: ALGU\u00c9M QUE, NA RUA, FOSSE HIPNOTIZADO PARA\u00a0 SE VER DENTRO DE CASA, JAMAIS PODERIA &#8220;RETORNAR \u00c0 RUA&#8221;!<\/strong><\/em><\/span><\/h2>\n<h2 style=\"text-align: center;\"><span style=\"color: #96661e;\">Assim disse Jesus: &#8220;Ent\u00e3o dir\u00e1 o Rei aos que estiverem \u00e0 sua direita:<strong><em> \u201cVinde, benditos de meu Pai, possu\u00ed por heran\u00e7a o reino que vos est\u00e1 preparado desde a funda\u00e7\u00e3o do mundo\u201d<\/em><\/strong> (Mateus 25: 34). Jesus conclama os FILHOS CONSUMADOS E ESPIRITUAIS DE DEUS A <em><strong>\u201cTEREM OLHOS PARA VER\u201d<\/strong> <\/em>QUEM REALMENTE S\u00c3O E ONDE REALMENTE EST\u00c3O!\u00a0 S\u00e3o estes os que est\u00e3o \u00c0 DIREITA e que s\u00e3o AS OVELHAS!<\/span><\/h2>\n<h2 style=\"text-align: center;\"><span style=\"color: #96661e;\"><strong><em>\u201cE quando o Filho do homem vier em sua gl\u00f3ria, e todos os santos anjos com ele, ent\u00e3o se assentar\u00e1 no trono da sua gl\u00f3ria;E todas as na\u00e7\u00f5es ser\u00e3o reunidas diante dele, e apartar\u00e1 uns dos outros, como o pastor aparta dos bodes as ovelhas&#8221;.<\/em><\/strong><\/span><\/h2>\n<h2 style=\"text-align: center;\"><span style=\"color: #96661e;\">Quem seriam os BODES, \u00c0 ESQUERDA? S\u00e3o a ilus\u00e3o! Os supostos \u201ccarnais\u201d, que jamais estiveram na Onipresen\u00e7a de Deus nem jamais nela entrar\u00e3o! <em><strong>\u201cCarne e sangue n\u00e3o herdam o Reino de Deus\u201d,<\/strong> <\/em>disse Paulo! <em>S\u00c3O OS BODES! \u201cZEROS \u00c0 ESQUERDA\u201d! NADAS!<br \/>\n<\/em><\/span><\/h2>\n<h2 style=\"text-align: center;\"><span style=\"color: #96661e;\">O convite de Jesus, portanto, visa ao RENASCIMENTO ESPIRITUAL, em que se d\u00e1 a PERCEP\u00c7\u00c3O de que TODOS SOMOS OVELHAS DO &#8220;APRISCO DIVINO&#8221;!<\/span><\/h2>\n<h2 style=\"text-align: center;\"><span style=\"color: #96661e;\">\u201cCarnais\u201d, portanto, s\u00e3o \u201covelhas vestidas de bode\u201d! <strong><em>O \u201cFilho do homem\u201d vem \u00e0 &#8220;SUA GL\u00d3RIA\u201d quando O CRISTO, em VOC\u00ca, \u00e9 percebido como COMPONENTE DA UNIDADE PERFEITA! <\/em><\/strong><\/span><\/h2>\n<h2 style=\"text-align: center;\"><span style=\"color: #96661e;\"><strong><em>&#8220;Quando CRISTO, que \u00e9 a nossa VIDA, se manifestar, tamb\u00e9m v\u00f3s vos manifestareis com ele em gl\u00f3ria&#8221; (Col. 1:4).<br \/>\n<\/em><\/strong><\/span><\/h2>\n<h2 style=\"text-align: center;\"><span style=\"color: #96661e;\">*<\/span><\/h2>\n","protected":false},"excerpt":{"rendered":"<p>\u201cE quando o Filho do homem vier em sua gl\u00f3ria, e todos os santos anjos com ele, ent\u00e3o se assentar\u00e1 no trono da sua gl\u00f3ria; E todas as na\u00e7\u00f5es ser\u00e3o reunidas diante dele, e apartar\u00e1 uns dos outros, como o pastor aparta dos bodes as ovelhas; E por\u00e1 as ovelhas \u00e0 sua direita, mas os &hellip; <\/p>\n<p class=\"link-more\"><a href=\"https:\/\/www.fachodeluz.blog.br\/wp\/2018\/06\/10\/vinde-benditos-de-meu-pai\/\" class=\"more-link\">Leia mais<span class=\"screen-reader-text\"> &#8220;&#8220;Vinde, Benditos De Meu Pai!&#8221;&#8221;<\/span><\/a><\/p>\n","protected":false},"author":2,"featured_media":0,"comment_status":"open","ping_status":"closed","sticky":false,"template":"","format":"standard","meta":{"nf_dc_page":"","_crdt_document":"","footnotes":""},"categories":[10],"tags":[],"class_list":["post-22403","post","type-post","status-publish","format-standard","hentry","category-darcio-dezolt"],"featured_media_urls":[],"_links":{"self":[{"href":"https:\/\/www.fachodeluz.blog.br\/wp\/wp-json\/wp\/v2\/posts\/22403","targetHints":{"allow":["GET"]}}],"collection":[{"href":"https:\/\/www.fachodeluz.blog.br\/wp\/wp-json\/wp\/v2\/posts"}],"about":[{"href":"https:\/\/www.fachodeluz.blog.br\/wp\/wp-json\/wp\/v2\/types\/post"}],"author":[{"embeddable":true,"href":"https:\/\/www.fachodeluz.blog.br\/wp\/wp-json\/wp\/v2\/users\/2"}],"replies":[{"embeddable":true,"href":"https:\/\/www.fachodeluz.blog.br\/wp\/wp-json\/wp\/v2\/comments?post=22403"}],"version-history":[{"count":0,"href":"https:\/\/www.fachodeluz.blog.br\/wp\/wp-json\/wp\/v2\/posts\/22403\/revisions"}],"wp:attachment":[{"href":"https:\/\/www.fachodeluz.blog.br\/wp\/wp-json\/wp\/v2\/media?parent=22403"}],"wp:term":[{"taxonomy":"category","embeddable":true,"href":"https:\/\/www.fachodeluz.blog.br\/wp\/wp-json\/wp\/v2\/categories?post=22403"},{"taxonomy":"post_tag","embeddable":true,"href":"https:\/\/www.fachodeluz.blog.br\/wp\/wp-json\/wp\/v2\/tags?post=22403"}],"curies":[{"name":"wp","href":"https:\/\/api.w.org\/{rel}","templated":true}]}}