{"id":22447,"date":"2018-06-19T12:28:19","date_gmt":"2018-06-19T15:28:19","guid":{"rendered":"http:\/\/fachodeluz.blog.br\/wp\/?p=22447"},"modified":"2018-06-19T12:28:19","modified_gmt":"2018-06-19T15:28:19","slug":"sendo-maiores-do-que-joao","status":"publish","type":"post","link":"https:\/\/www.fachodeluz.blog.br\/wp\/2018\/06\/19\/sendo-maiores-do-que-joao\/","title":{"rendered":"&#8220;Sendo Maiores Do Que Jo\u00e3o!&#8221;"},"content":{"rendered":"<h3 style=\"text-align: center;\"><a href=\"https:\/\/i0.wp.com\/fachodeluz.blog.br\/wp\/wp-content\/uploads\/2018\/06\/jo%C3%A3o-e-Jesus.gif\"><img data-recalc-dims=\"1\" loading=\"lazy\" decoding=\"async\" loading=\"lazy\" class=\"aligncenter size-full wp-image-22448\" src=\"https:\/\/i0.wp.com\/fachodeluz.blog.br\/wp\/wp-content\/uploads\/2018\/06\/jo%C3%A3o-e-Jesus.gif?resize=455%2C331\" alt=\"\" width=\"455\" height=\"331\" \/><\/a><\/h3>\n<h3 style=\"text-align: center;\"><span style=\"color: #8537bd;\"><em>Disse Jesus: desde Jo\u00e3o Batista n\u00e3o h\u00e1 ningu\u00e9m maior entre os nascidos de mulher do que Jo\u00e3o Batista, porque seus olhos n\u00e3o foram violados. Mas eu disse: aquele que entre v\u00f3s se tornar pequeno conhecer\u00e1 o Reino e ser\u00e1 maior do que Jo\u00e3o.<\/em><\/span><\/h3>\n<h3 style=\"text-align: center;\"><span style=\"color: #8537bd;\">Evangelho \u00a0de Tom\u00e9<\/span><\/h3>\n<h2 style=\"text-align: center;\"><span style=\"color: #8537bd;\">\u201cTornar-se pequeno\u201d, no linguajar de Jesus, significa \u201crenascer espiritualmente\u201d, algu\u00e9m \u00a0deixar de se exaltar humanamente, deixar de acreditar que de si mesmo fa\u00e7a algo ou se vanglorie, sem reconhecer que <em><strong>\u201cSEM MIM, NADA PODEIS FAZER\u201d,<\/strong> <\/em>ou seja, sem conhecer a Verdade de que <strong><em>DEUS, EM SUA ONIA\u00c7\u00c3O, \u00c9 TUDO!<\/em><\/strong><\/span><\/h2>\n<h2 style=\"text-align: center;\"><span style=\"color: #8537bd;\">Jesus deu exemplo desta atitude iluminada, dizendo:<strong><em> \u201cO Pai em MIM faz as obras\u201d!<\/em> <\/strong>N\u00e3o se via como \u201cpe\u00e7a solta\u201d da &#8220;Engrenagem Divina&#8221;; antes, sabia ser componente da UNIDADE PERFEITA, assim como todos n\u00f3s igualmente somos, desde que compreendamos esta Verdade e \u201cnos tornemos pequenos,\u201d como \u201cpersonalidades humanas\u201d, para deixarmos espa\u00e7o livre para conhecermos a Verdade de que <strong><em>SOMOS DEUSES N\u00c3O NASCIDOS, SERES PERFEITOS COMO DEUS, \u201cUM COM DEUS\u201d!<\/em><\/strong><\/span><\/h2>\n<h2 style=\"text-align: center;\"><span style=\"color: #8537bd;\">\u201cJo\u00e3o Batista\u201d representa\u2019 o \u201cBatismo com \u00e1gua\u201d, a vida de algu\u00e9m conhecedor da &#8220;Letra da Verdade&#8221; e que, mesmo assim, ainda se identifica com \u201cnascido de mulher\u201d. \u00a0<strong><em>\u201cAquele que se torna pequeno\u201d<\/em> <\/strong>se posiciona na condi\u00e7\u00e3o ideal para poder vivenciar o BATISMO COM FOGO, a experi\u00eancia viva de SER O CRISTO, <strong><em>A LUZ DIVINA,<\/em><\/strong> EXPRESSA COMO SER INDIVIDUAL.<\/span><\/h2>\n<h2 style=\"text-align: center;\"><span style=\"color: #8537bd;\">O &#8220;Batismo com \u00e1gua&#8221; se fundamenta na aceita\u00e7\u00e3o mental de que DEUS \u00c9 TUDO, ou seja, enfatiza que \u201cNASCIDOS DE MULHER\u201d JAMAIS EXISTIRAM, a n\u00e3o ser como CREN\u00c7A HIPN\u00d3TICA FALSA\u00a0 da tamb\u00e9m ilus\u00f3ria \u201cmente carnal\u201d. Esta ILUS\u00c3O, aceita pela humanidade como realidade, \u00e9 dissipada pela pr\u00e1tica do reconhecimento da TOTALIDADE DE DEUS e com a <em><strong>IDENTIFICA\u00c7\u00c3O DE CADA UM COM ELA.<\/strong><\/em><\/span><\/h2>\n<h2 style=\"text-align: center;\"><span style=\"color: #8537bd;\">As \u201ccontempla\u00e7\u00f5es absolutas\u201d, aliadas \u00e0 <em>Ci\u00eancia Mental,<\/em> fazem com que NEGUEMOS AS CREN\u00c7AS DE QUE SOMOS MORTAIS E CONFIRMEMOS A LETRA DA VERDADE COMO SENDO A VERDADE ETERNA QUE SOMOS! EM OUTRAS PALAVRAS, FAZEM COM QUE <strong><em>\u201cNOS TORNEMOS PEQUENOS\u201d,<\/em> <\/strong>EM TERMOS DE ENVOLVIMENTO COM AS CREN\u00c7AS COLETIVAS E SEUS <strong><em>CONCEITOS FRAUDULENTOS<\/em><\/strong> SOBRE QUEM SOMOS!<\/span><\/h2>\n<h2 style=\"text-align: center;\"><span style=\"color: #8537bd;\">Quanto maior for nosso interesse e dedica\u00e7\u00e3o nessa dire\u00e7\u00e3o, de que &#8220;DEUS \u00c9 TUDO\u201d, e,\u00a0 por conseguinte, concordemos que <strong><em>\u201cSEM MIM, NADA PODEMOS FAZER\u201d,<\/em> <\/strong>maior ser\u00e1 o nosso entendimento de que N\u00c3O H\u00c1 VIDA NA MAT\u00c9RIA, NEM QUE \u201cNAS\u00c7A\u201d NEM QUE MORRA! E ENT\u00c3O, O REINO DE DEUS SER\u00c1 CONHECIDO, E NOS VEREMOS NA <em><strong>\u201cUNIDADE PERFEITA&#8221;,<\/strong> <\/em>SENDO QUEM VERDADEIRAMENTE SOMOS, <strong><em>\u201cDESDE O PRINC\u00cdPIO\u201d,<\/em> <\/strong>\u00a0E, COMO DISSE JESUS, SENDO\u00a0 <strong><em>\u201cMAIORES DO QUE JO\u00c3O\u201d!<\/em><\/strong><\/span><\/h2>\n<h2 style=\"text-align: center;\"><span style=\"color: #8537bd;\">*<\/span><\/h2>\n","protected":false},"excerpt":{"rendered":"<p>Disse Jesus: desde Jo\u00e3o Batista n\u00e3o h\u00e1 ningu\u00e9m maior entre os nascidos de mulher do que Jo\u00e3o Batista, porque seus olhos n\u00e3o foram violados. Mas eu disse: aquele que entre v\u00f3s se tornar pequeno conhecer\u00e1 o Reino e ser\u00e1 maior do que Jo\u00e3o. Evangelho \u00a0de Tom\u00e9 \u201cTornar-se pequeno\u201d, no linguajar de Jesus, significa \u201crenascer espiritualmente\u201d, &hellip; <\/p>\n<p class=\"link-more\"><a href=\"https:\/\/www.fachodeluz.blog.br\/wp\/2018\/06\/19\/sendo-maiores-do-que-joao\/\" class=\"more-link\">Leia mais<span class=\"screen-reader-text\"> &#8220;&#8220;Sendo Maiores Do Que Jo\u00e3o!&#8221;&#8221;<\/span><\/a><\/p>\n","protected":false},"author":2,"featured_media":0,"comment_status":"open","ping_status":"closed","sticky":false,"template":"","format":"standard","meta":{"nf_dc_page":"","_crdt_document":"","footnotes":""},"categories":[10],"tags":[],"class_list":["post-22447","post","type-post","status-publish","format-standard","hentry","category-darcio-dezolt"],"featured_media_urls":[],"_links":{"self":[{"href":"https:\/\/www.fachodeluz.blog.br\/wp\/wp-json\/wp\/v2\/posts\/22447","targetHints":{"allow":["GET"]}}],"collection":[{"href":"https:\/\/www.fachodeluz.blog.br\/wp\/wp-json\/wp\/v2\/posts"}],"about":[{"href":"https:\/\/www.fachodeluz.blog.br\/wp\/wp-json\/wp\/v2\/types\/post"}],"author":[{"embeddable":true,"href":"https:\/\/www.fachodeluz.blog.br\/wp\/wp-json\/wp\/v2\/users\/2"}],"replies":[{"embeddable":true,"href":"https:\/\/www.fachodeluz.blog.br\/wp\/wp-json\/wp\/v2\/comments?post=22447"}],"version-history":[{"count":0,"href":"https:\/\/www.fachodeluz.blog.br\/wp\/wp-json\/wp\/v2\/posts\/22447\/revisions"}],"wp:attachment":[{"href":"https:\/\/www.fachodeluz.blog.br\/wp\/wp-json\/wp\/v2\/media?parent=22447"}],"wp:term":[{"taxonomy":"category","embeddable":true,"href":"https:\/\/www.fachodeluz.blog.br\/wp\/wp-json\/wp\/v2\/categories?post=22447"},{"taxonomy":"post_tag","embeddable":true,"href":"https:\/\/www.fachodeluz.blog.br\/wp\/wp-json\/wp\/v2\/tags?post=22447"}],"curies":[{"name":"wp","href":"https:\/\/api.w.org\/{rel}","templated":true}]}}