{"id":22553,"date":"2018-07-11T13:22:30","date_gmt":"2018-07-11T16:22:30","guid":{"rendered":"http:\/\/fachodeluz.blog.br\/wp\/?p=22553"},"modified":"2018-07-11T13:53:58","modified_gmt":"2018-07-11T16:53:58","slug":"destrua-a-crenca-de-seres-nascidos","status":"publish","type":"post","link":"https:\/\/www.fachodeluz.blog.br\/wp\/2018\/07\/11\/destrua-a-crenca-de-seres-nascidos\/","title":{"rendered":"Destrua A Cren\u00e7a De &#8220;Seres Nascidos&#8221;!"},"content":{"rendered":"<h2 style=\"text-align: center;\"><span style=\"color: #3d2121;\"><a href=\"https:\/\/i0.wp.com\/fachodeluz.blog.br\/wp\/wp-content\/uploads\/2018\/07\/glorioso3.gif\"><img data-recalc-dims=\"1\" loading=\"lazy\" decoding=\"async\" loading=\"lazy\" class=\"aligncenter size-full wp-image-22554\" src=\"https:\/\/i0.wp.com\/fachodeluz.blog.br\/wp\/wp-content\/uploads\/2018\/07\/glorioso3.gif?resize=455%2C369\" alt=\"\" width=\"455\" height=\"369\" \/><\/a><\/span><\/h2>\n<h2 style=\"text-align: center;\"><span style=\"color: #3d2121;\">As Escrituras enfatizam as Verdades reveladas como sendo, como disse Jo\u00e3o, <em>\u201co que era desde o princ\u00edpio\u201d,<\/em> uma forma de explicar o indiz\u00edvel, &#8220;aquilo que sempre \u00c9\u201d. Este \u201cPrinc\u00edpio\u201d nada tem a ver com \u201calgo temporal\u201d ou que &#8220;tenha tido come\u00e7o\u201d! Pelo contr\u00e1rio, testifica a Verdade que \u00e9 Deus, algo acima do ilus\u00f3rio entendimento humano! <\/span><\/h2>\n<h2 style=\"text-align: center;\"><span style=\"color: #3d2121;\"><em><strong>\u201cEu SOU o Princ\u00edpio e o Fim\u201d,<\/strong> <\/em>diz a B\u00edblia. Para nos vermos integrados nesta Realidade, teremos de desmascarar a ilus\u00f3ria \u201cmente carnal\u201d para assumirmos a \u201cMente divina\u201d, a Mente que percebe a nossa Presen\u00e7a na Onipresen\u00e7a divina, ou seja, <strong><em>a Mente que PERCEBE NOSSA UNIDADE COM DEUS!<\/em><\/strong><\/span><\/h2>\n<h2 style=\"text-align: center;\"><span style=\"color: #3d2121;\">Jesus disse ter vindo para DAR TESTEMUNHO DA VERDADE, DAQUILO QUE \u00c9! Para isso, procurou DESMENTIR a \u201cmente ilus\u00f3ria\u201d com seus mentirosos fundamentos, aceitos como se fossem verdadeiros! Por que h\u00e1 pessoas \u201ccomemorando nascimentos\u201d e, por outro lado, \u201clamentando mortes\u201d?\u00a0 DEVIDO AO DESCONHECIMENTO da Verdade <strong><em>\u201cEU SOU O PRINC\u00cdPIO E O FIM\u201d,<\/em> <\/strong>em seu sentido \u2018absoluto:\u00a0 <em><strong>&#8220;EU SOU O QUE \u00c9! EU SOU AQUELE QUE SOU\u201d!<\/strong> <\/em><\/span><\/h2>\n<h2 style=\"text-align: center;\"><span style=\"color: #3d2121;\">Para este CONHECIMENTO se mostrar PRESENTE, as \u201cmentiras\u201d ter\u00e3o de ser NEGADAS! E \u00e9 nessa dire\u00e7\u00e3o que JESUS nos passou a \u201cDOUTRINA DO PAI\u201d,\u00a0 sempre afirmando a Verdade e negando as \u201cmentiras\u201d.<\/span><\/h2>\n<h2 style=\"text-align: center;\"><span style=\"color: #3d2121;\"><strong><em>\u201cNEGUE-SE A SI MESMO\u201d<\/em> <\/strong>\u2013 disse Jesus. O sentido \u00e9: <strong><em>DESTRUA A CREN\u00c7A DE QUE VOC\u00ca \u00c9 CARNAL\u201d!<\/em><\/strong> Como fazer isto? <strong><em>\u201cRENASCENDO\u201d,\u00a0<\/em> <\/strong>ou, como aqui tem sido colocado, <em><strong>\u201cDESNASCENDO\u201d!\u00a0<\/strong><\/em> <\/span><\/h2>\n<h2 style=\"text-align: center;\"><span style=\"color: #3d2121;\">A CREN\u00c7A DE NASCIMENTOS PRECISA SER DESTRU\u00cdDA! Jesus cortou esta MENTIRA eliminando pela\u00a0 raiz a ILUS\u00c3O de que HAJA PAI E M\u00c3E \u00a0VINCULADOS CONOSCO NUM ILUS\u00d3RIO \u201cMUNDO MATERIAL\u201d!\u00a0 <strong><em>\u201cN\u00e3o chameis de pai a NINGU\u00c9M sobre a face da terra, porque UM S\u00d3 \u00c9 O VOSSO PAI, o qual est\u00e1 NOS C\u00c9US\u201d!\u00a0<\/em> <\/strong><\/span><\/h2>\n<h2 style=\"text-align: center;\"><span style=\"color: #3d2121;\">N\u00e3o h\u00e1 Verdade maior! E ela se completa, quando Jesus responde \u00e0 mulher da multid\u00e3o, que a ele gritara<em>: <\/em><em>&#8220;Bem-aventurado o ventre que te portou e os seios que te nutriram\u201d. Qual foi sua resposta? <\/em>A seguinte<em>:<strong> \u201cPois vir\u00e3o dias em que direis:&#8221;Bem-aventurado o ventre que n\u00e3o concebeu, e os seios que n\u00e3o amamentaram\u201d.<\/strong><\/em><\/span><\/h2>\n<h2 style=\"text-align: center;\"><span style=\"color: #3d2121;\"><em>\u00a0<\/em><\/span><span style=\"color: #3d2121;\">VOC\u00ca \u00c9 O SER HABITANTE \u201cDOS C\u00c9US\u201d E \u201cFRUTO ETERNO\u201d DO \u201cVENTRE QUE N\u00c3O CONCEBE&#8221;, que \u00e9 o \u201cVENTRE QUE SEMPRE \u00c9\u201d \u2013 sem mudan\u00e7a, sem come\u00e7o e sem fim! Vem deste Fato permanente a revela\u00e7\u00e3o de Jesus:<strong><em> \u201cESTIVESTES COMIGO DESDE O PRINC\u00cdPIO\u201d!<\/em><\/strong><\/span><\/h2>\n<h2 style=\"text-align: center;\"><span style=\"color: #3d2121;\"><em>\u00a0<\/em><\/span><span style=\"color: #3d2121;\"><em>DEUS \u00c9 TUDO,\u00a0 raz\u00e3o pela qual <strong>\u201csomos o que DEUS \u00c9, tudo que DEUS \u00c9 e somente o que DEUS \u00c9&#8221;!<\/strong> Perceber isto significa PERCEBER O EVANGELHO REVELADO A JESUS PELO PAI! E SIGNIFICA PERCEBER QUE, REALMENTE, \u201cN\u00c3O SOMOS DO MUNDO\u201d, PORQUE, COMO DISSE PAULO, \u201cEM DEUS VIVEMOS, NOS MOVEMOS E TEMOS O NOSSO SER\u201d! <\/em><\/span><\/h2>\n<h2 style=\"text-align: center;\"><span style=\"color: #3d2121;\"><em>DEUS JAMAIS NASCE, JAMAIS MORRE! DEUS \u00c9!<br \/>\n<\/em><\/span><\/h2>\n<h2 style=\"text-align: center;\"><span style=\"color: #3d2121;\"><em>\u00a0<\/em><\/span><\/h2>\n<h2 style=\"text-align: center;\"><span style=\"color: #3d2121;\"><em>*<\/em><\/span><\/h2>\n","protected":false},"excerpt":{"rendered":"<p>As Escrituras enfatizam as Verdades reveladas como sendo, como disse Jo\u00e3o, \u201co que era desde o princ\u00edpio\u201d, uma forma de explicar o indiz\u00edvel, &#8220;aquilo que sempre \u00c9\u201d. Este \u201cPrinc\u00edpio\u201d nada tem a ver com \u201calgo temporal\u201d ou que &#8220;tenha tido come\u00e7o\u201d! Pelo contr\u00e1rio, testifica a Verdade que \u00e9 Deus, algo acima do ilus\u00f3rio entendimento humano! &hellip; <\/p>\n<p class=\"link-more\"><a href=\"https:\/\/www.fachodeluz.blog.br\/wp\/2018\/07\/11\/destrua-a-crenca-de-seres-nascidos\/\" class=\"more-link\">Leia mais<span class=\"screen-reader-text\"> &#8220;Destrua A Cren\u00e7a De &#8220;Seres Nascidos&#8221;!&#8221;<\/span><\/a><\/p>\n","protected":false},"author":2,"featured_media":0,"comment_status":"open","ping_status":"closed","sticky":false,"template":"","format":"standard","meta":{"nf_dc_page":"","_crdt_document":"","footnotes":""},"categories":[10],"tags":[],"class_list":["post-22553","post","type-post","status-publish","format-standard","hentry","category-darcio-dezolt"],"featured_media_urls":[],"_links":{"self":[{"href":"https:\/\/www.fachodeluz.blog.br\/wp\/wp-json\/wp\/v2\/posts\/22553","targetHints":{"allow":["GET"]}}],"collection":[{"href":"https:\/\/www.fachodeluz.blog.br\/wp\/wp-json\/wp\/v2\/posts"}],"about":[{"href":"https:\/\/www.fachodeluz.blog.br\/wp\/wp-json\/wp\/v2\/types\/post"}],"author":[{"embeddable":true,"href":"https:\/\/www.fachodeluz.blog.br\/wp\/wp-json\/wp\/v2\/users\/2"}],"replies":[{"embeddable":true,"href":"https:\/\/www.fachodeluz.blog.br\/wp\/wp-json\/wp\/v2\/comments?post=22553"}],"version-history":[{"count":0,"href":"https:\/\/www.fachodeluz.blog.br\/wp\/wp-json\/wp\/v2\/posts\/22553\/revisions"}],"wp:attachment":[{"href":"https:\/\/www.fachodeluz.blog.br\/wp\/wp-json\/wp\/v2\/media?parent=22553"}],"wp:term":[{"taxonomy":"category","embeddable":true,"href":"https:\/\/www.fachodeluz.blog.br\/wp\/wp-json\/wp\/v2\/categories?post=22553"},{"taxonomy":"post_tag","embeddable":true,"href":"https:\/\/www.fachodeluz.blog.br\/wp\/wp-json\/wp\/v2\/tags?post=22553"}],"curies":[{"name":"wp","href":"https:\/\/api.w.org\/{rel}","templated":true}]}}