{"id":22570,"date":"2018-07-14T12:35:29","date_gmt":"2018-07-14T15:35:29","guid":{"rendered":"http:\/\/fachodeluz.blog.br\/wp\/?p=22570"},"modified":"2018-07-14T12:38:06","modified_gmt":"2018-07-14T15:38:06","slug":"o-dia-em-que-jesus-nao-rogara-ao-pai-por-voce","status":"publish","type":"post","link":"https:\/\/www.fachodeluz.blog.br\/wp\/2018\/07\/14\/o-dia-em-que-jesus-nao-rogara-ao-pai-por-voce\/","title":{"rendered":"\u201cO Dia Em Que Jesus N\u00e3o Rogar\u00e1 Ao Pai Por Voc\u00ea!\u201d"},"content":{"rendered":"<p>&nbsp;<\/p>\n<h3 style=\"text-align: center;\"><em><a href=\"https:\/\/i0.wp.com\/fachodeluz.blog.br\/wp\/wp-content\/uploads\/2018\/07\/jesus-mosaic.gif\"><img data-recalc-dims=\"1\" loading=\"lazy\" decoding=\"async\" loading=\"lazy\" class=\"aligncenter size-full wp-image-22571\" src=\"https:\/\/i0.wp.com\/fachodeluz.blog.br\/wp\/wp-content\/uploads\/2018\/07\/jesus-mosaic.gif?resize=455%2C341\" alt=\"\" width=\"455\" height=\"341\" \/><\/a><\/em><\/h3>\n<h3 style=\"text-align: center;\"><span style=\"color: #993300;\"><em>\u201cOutra vez os verei, e o vosso cora\u00e7\u00e3o se alegrar\u00e1, e a vossa alegria ningu\u00e9m vo-la tirar\u00e1. E naquele dia, nada me perguntareis. Na verdade, na verdade vos digo que tudo quanto pedirdes a meu Pai em meu nome, ele vo-lo h\u00e1 de dar. At\u00e9 agora, nada pedistes em meu nome; pedi, e recebereis, para que o vosso gozo se cumpra. Disse-vos isso por par\u00e1bolas; chega, por\u00e9m, a hora em que n\u00e3o mais vos falarei por par\u00e1bolas, mas abertamente vos falarei acerca do Pai. Naquele dia, pedireis em meu nome, e n\u00e3o vos digo que eu rogarei por v\u00f3s ao Pai. Pois o o mesmo Pai vos ama, visto como v\u00f3s me amastes e crestes que sa\u00ed de Deus\u201d <\/em><\/span><\/h3>\n<h3 style=\"text-align: center;\"><span style=\"color: #993300;\">Jo\u00e3o 16: 22-27<\/span><\/h3>\n<h2 style=\"text-align: center;\"><span style=\"color: #993300;\">Creio que a maioria do povo crist\u00e3o j\u00e1 ouviu, leu ou conheceu a frase de Jesus, que diz: <strong><em>\u201cTudo quanto pedirdes a meu Pai EM MEU NOME, Ele vo-lo h\u00e1 de dar\u201d.<\/em> <\/strong>Nas muitas d\u00e9cadas em que passei \u00e0 humanidade a revela\u00e7\u00e3o e a experi\u00eancia vivida, de que DEUS \u00c9 TUDO, LUZ ONIPRESENTE, sempre me apareceu algu\u00e9m refutando as mensagens, dizendo que o Evangelho se fundamenta em \u201cvivermos pedindo tudo em nome de Jesus\u201d, que Jesus n\u00e3o era exaltado nas mensagens, e coisas do tipo. Um crente passou um ano e meio me escrevendo, dizendo que as <em>Mensagens da Verdade<\/em> n\u00e3o eram a Verdade! Tudo, para ele, era para ser pedido<em> \u201cem nome de Jesus\u201d!<\/em> E quando lhe explicava o REAL EVANGELHO DE JESUS, \u00a0a idolatria absurda o tornava cego e surdo. <em><strong>Sua \u201cpr\u00e1tica da Verdade\u201d se reduzia a \u201cpedir tudo em nome de Jesus\u201d e em \u201caguardar ser arrebatado por ele\u201d!<\/strong><\/em><\/span><\/h2>\n<h2 style=\"text-align: center;\"><span style=\"color: #993300;\">Assim disse Jesus: \u201c<em>Disse-vos isso por par\u00e1bolas; chega, por\u00e9m, a hora em que n\u00e3o mais vos falarei por par\u00e1bolas, mas abertamente vos falarei acerca do Pai. <strong>Naquele dia, pedireis em meu nome, e n\u00e3o vos digo que eu rogarei por v\u00f3s ao Pai. Pois o MESMO PAI VOS AMA, visto como v\u00f3s me amastes e crestes que sa\u00ed de Deus\u201d .<\/strong><\/em><\/span><\/h2>\n<h2 style=\"text-align: center;\"><span style=\"color: #993300;\"><em>As Mensagens do Facho de Luz <\/em><strong>FALAM ABERTAMENTE ACERCA DO PAI, E SOMENTE EMPREGAM AS \u201cPAR\u00c1BOLAS\u201d COM ESSE FIM, QUE \u00c9 \u00a0O DE REVELAR QUEM SOMOS E ONDE \u00c9 QUE ESTAMOS.<\/strong> <\/span><\/h2>\n<h2 style=\"text-align: center;\"><span style=\"color: #993300;\"><em>S\u00e3o estes os ensinamentos essenciais de Jesus! \u201cN\u00e3o recebo honra de homens!\u201d; \u201cBuscai em primeiro lugar o Reino de Deus\u201d; &#8220;Negue-se a si mesmo, tome sua cruz e me siga\u201d!; &#8220;Por que me chamas bom? Bom s\u00f3 h\u00e1 um, que \u00e9 Deus!&#8221;.<br \/>\n<\/em><\/span><\/h2>\n<h2 style=\"text-align: center;\"><span style=\"color: #993300;\">O Evangelho todo est\u00e1 voltado ao<em> \u201crenascimento\u201d, quando nos despimos do falso \u201ceu nascido\u201d para entender que, como disse Paulo, <strong>\u201co CRISTO vive em MIM\u201d!<\/strong><\/em><\/span><\/h2>\n<h2 style=\"text-align: center;\"><span style=\"color: #993300;\"><em>\u201cNaquele dia, pedireis em meu nome, <strong>e n\u00e3o vos digo que eu rogarei por v\u00f3s ao Pai.<\/strong> Pois o MESMO PAI VOS AMA, visto como v\u00f3s me amastes e crestes que sa\u00ed de Deus\u201d . <\/em><\/span><\/h2>\n<h2 style=\"text-align: center;\"><span style=\"color: #993300;\"><em>Este DIA, citado por Jesus, \u00e9 O <\/em><strong>AGORA ABSOLUTO<\/strong><em>\u00a0 em que cada um PERCEBE O AMOR DO PAI POR SI E EM SI MESMO, SEM NECESSITAR DE INTERMEDIA\u00c7\u00d5ES DE NINGU\u00c9M! Quem DESCONHECER este FATO, viver\u00e1 &#8220;nas par\u00e1bolas&#8221;, somente \u201cpedindo em nome de Jesus\u201d, sem CONHECER A VERDADE revelada por ele! Qual Verdade? A seguinte: <strong>\u201cDei-lhes a gl\u00f3ria para SEREM UM, como n\u00f3s, \u00f3 Pai, SOMOS UM \u2013 PERFEITOS EM UNIDADE!\u201d.<\/strong> <\/em><\/span><\/h2>\n<h2 style=\"text-align: center;\"><span style=\"color: #993300;\"><em>Sem esta percep\u00e7\u00e3o, a humanidade viver\u00e1 como \u201cparasita da Luz de Jesus&#8221;, sem ter LUZ PR\u00d3PRIA para ser \u201ccolocada no Alto\u201d, e sem cumprir em SI MESMA a Verdade declarada por Jo\u00e3o: \u201cQUEM CR\u00ca NO FILHO, TEM EM SI MESMO O TESTEMUNHO\u201d. Este \u00e9, portanto, o REAL OBJETIVO da &#8220;vinda de Jesus&#8221;, DECLARADO POR ELE PR\u00d3PRIO:<\/em><\/span><\/h2>\n<h2 style=\"text-align: center;\"><span style=\"color: #993300;\"><em><strong>&#8220;Naquele dia, pedireis em meu nome, e n\u00e3o vos digo que eu rogarei por v\u00f3s ao Pai. Pois o MESMO PAI VOS AMA, visto como v\u00f3s me amastes e crestes que sa\u00ed de Deus\u201d . <\/strong><\/em><\/span><\/h2>\n<h2 style=\"text-align: center;\"><span style=\"color: #993300;\"><em><strong>*<br \/>\n<\/strong><\/em><\/span><\/h2>\n<h2 style=\"text-align: center;\"><span style=\"color: #993300;\"><em>\u00a0<\/em><\/span><\/h2>\n<p>&nbsp;<\/p>\n","protected":false},"excerpt":{"rendered":"<p>&nbsp; \u201cOutra vez os verei, e o vosso cora\u00e7\u00e3o se alegrar\u00e1, e a vossa alegria ningu\u00e9m vo-la tirar\u00e1. E naquele dia, nada me perguntareis. Na verdade, na verdade vos digo que tudo quanto pedirdes a meu Pai em meu nome, ele vo-lo h\u00e1 de dar. At\u00e9 agora, nada pedistes em meu nome; pedi, e recebereis, &hellip; <\/p>\n<p class=\"link-more\"><a href=\"https:\/\/www.fachodeluz.blog.br\/wp\/2018\/07\/14\/o-dia-em-que-jesus-nao-rogara-ao-pai-por-voce\/\" class=\"more-link\">Leia mais<span class=\"screen-reader-text\"> &#8220;\u201cO Dia Em Que Jesus N\u00e3o Rogar\u00e1 Ao Pai Por Voc\u00ea!\u201d&#8221;<\/span><\/a><\/p>\n","protected":false},"author":2,"featured_media":0,"comment_status":"open","ping_status":"closed","sticky":false,"template":"","format":"standard","meta":{"nf_dc_page":"","_crdt_document":"","footnotes":""},"categories":[10],"tags":[],"class_list":["post-22570","post","type-post","status-publish","format-standard","hentry","category-darcio-dezolt"],"featured_media_urls":[],"_links":{"self":[{"href":"https:\/\/www.fachodeluz.blog.br\/wp\/wp-json\/wp\/v2\/posts\/22570","targetHints":{"allow":["GET"]}}],"collection":[{"href":"https:\/\/www.fachodeluz.blog.br\/wp\/wp-json\/wp\/v2\/posts"}],"about":[{"href":"https:\/\/www.fachodeluz.blog.br\/wp\/wp-json\/wp\/v2\/types\/post"}],"author":[{"embeddable":true,"href":"https:\/\/www.fachodeluz.blog.br\/wp\/wp-json\/wp\/v2\/users\/2"}],"replies":[{"embeddable":true,"href":"https:\/\/www.fachodeluz.blog.br\/wp\/wp-json\/wp\/v2\/comments?post=22570"}],"version-history":[{"count":0,"href":"https:\/\/www.fachodeluz.blog.br\/wp\/wp-json\/wp\/v2\/posts\/22570\/revisions"}],"wp:attachment":[{"href":"https:\/\/www.fachodeluz.blog.br\/wp\/wp-json\/wp\/v2\/media?parent=22570"}],"wp:term":[{"taxonomy":"category","embeddable":true,"href":"https:\/\/www.fachodeluz.blog.br\/wp\/wp-json\/wp\/v2\/categories?post=22570"},{"taxonomy":"post_tag","embeddable":true,"href":"https:\/\/www.fachodeluz.blog.br\/wp\/wp-json\/wp\/v2\/tags?post=22570"}],"curies":[{"name":"wp","href":"https:\/\/api.w.org\/{rel}","templated":true}]}}