{"id":22659,"date":"2018-07-29T09:28:24","date_gmt":"2018-07-29T12:28:24","guid":{"rendered":"http:\/\/fachodeluz.blog.br\/wp\/?p=22659"},"modified":"2018-07-29T09:28:24","modified_gmt":"2018-07-29T12:28:24","slug":"comentarios-sobre-expulsai-os-demonios-5","status":"publish","type":"post","link":"https:\/\/www.fachodeluz.blog.br\/wp\/2018\/07\/29\/comentarios-sobre-expulsai-os-demonios-5\/","title":{"rendered":"Coment\u00e1rios Sobre \u201cExpulsai Os Dem\u00f4nios\u201d-5"},"content":{"rendered":"<h2 style=\"text-align: center;\"><strong>&#8220;EXPULSAI OS DEM\u00d4NIOS&#8221;<\/strong><\/h2>\n<p>&nbsp;<\/p>\n<h2 style=\"text-align: center;\"><strong><em>O grande realismo permanece intacto. A Mente ou Consci\u00eancia \u00fanica que temos, \u00e9 aquela que \u00e9 Deus. Logo n\u00e3o pode haver, e n\u00e3o h\u00e1 mesmo, nenhuma forma real discordante; nenhum pensar err\u00f4neo; nenhuma outra mente, vida ou exist\u00eancia.<\/em><\/strong><\/h2>\n<h2 style=\"text-align: center;\"><strong>Lillian De Waters<\/strong><\/h2>\n<h2 style=\"text-align: center;\"><a href=\"https:\/\/i0.wp.com\/fachodeluz.blog.br\/wp\/wp-content\/uploads\/2018\/07\/EXP-4a-1.gif\"><img data-recalc-dims=\"1\" loading=\"lazy\" decoding=\"async\" loading=\"lazy\" class=\"aligncenter size-full wp-image-22660\" src=\"https:\/\/i0.wp.com\/fachodeluz.blog.br\/wp\/wp-content\/uploads\/2018\/07\/EXP-4a-1.gif?resize=430%2C384\" alt=\"\" width=\"430\" height=\"384\" \/><\/a><span style=\"color: #800000;\"><strong>5<\/strong><\/span><\/h2>\n<h2 style=\"text-align: center;\"><span style=\"color: #800000;\"><strong>Quando nos atemos \u00e0s revela\u00e7\u00f5es absolutas das Escrituras, deixando de lado os ensinamentos menores e dualistas, paramos de endossar falsidades e passamos a ser conscientemente o que eternamente somos: Consci\u00eancia iluminada! <em>&#8220;A Mente ou Consci\u00eancia \u00fanica que temos, \u00e9 aquela que \u00e9 Deus&#8221;. <\/em>O Universo \u00e9 Consci\u00eancia Infinita. Por este motivo <em>&#8220;o grande Realismo permanece intacto&#8221;.<\/em><\/strong><\/span><\/h2>\n<h2 style=\"text-align: center;\"><span style=\"color: #800000;\"><strong>A Consci\u00eancia universal Se mant\u00e9m! Logo, n\u00e3o pode haver, e n\u00e3o h\u00e1 mesmo, nenhuma forma real discordante; nenhum pensar err\u00f4neo; nenhuma <em>outra<\/em> mente, vida ou exist\u00eancia.<\/strong><\/span><\/h2>\n<h2 style=\"text-align: center;\"><strong><span style=\"color: #800000;\">Contemple estas Revela\u00e7\u00f5es:<\/span><\/strong><\/h2>\n<h2 style=\"text-align: center;\"><span style=\"color: #800000;\"><strong><em>Vivo, aqui e agora, na Realidade perfeita mantida inc\u00f3lume por Deus. Sei que &#8220;o grande Realismo est\u00e1 intacto&#8221;. Minha consci\u00eancia desta Verdade \u00e9 a Consci\u00eancia que \u00e9 Deus, pois inexiste qualquer outra. Minha Consci\u00eancia \u00fanica \u00e9 Deus! Iluminada! <\/em><\/strong><\/span><\/h2>\n<h2 style=\"text-align: center;\"><span style=\"color: #800000;\"><strong><em>Em Autopercep\u00e7\u00e3o , somente reconhe\u00e7o a Perfei\u00e7\u00e3o absoluta, onipresente, infinita e eterna que &#8220;Eu Sou&#8221;.<\/em><\/strong><\/span><\/h2>\n<h4 style=\"text-align: center;\"><span style=\"color: #800000;\"><strong>(Permanecer durante alguns minutos, sem esfor\u00e7o algum, nesta contempla\u00e7\u00e3o)<\/strong><\/span><\/h4>\n<h2 style=\"text-align: center;\"><\/h2>\n<h4 style=\"text-align: right;\"><span style=\"color: #800000;\"><strong><em>Continua no pr\u00f3ximo domingo&#8230;&gt;<\/em><\/strong><\/span><\/h4>\n","protected":false},"excerpt":{"rendered":"<p>&#8220;EXPULSAI OS DEM\u00d4NIOS&#8221; &nbsp; O grande realismo permanece intacto. A Mente ou Consci\u00eancia \u00fanica que temos, \u00e9 aquela que \u00e9 Deus. Logo n\u00e3o pode haver, e n\u00e3o h\u00e1 mesmo, nenhuma forma real discordante; nenhum pensar err\u00f4neo; nenhuma outra mente, vida ou exist\u00eancia. Lillian De Waters 5 Quando nos atemos \u00e0s revela\u00e7\u00f5es absolutas das Escrituras, deixando &hellip; <\/p>\n<p class=\"link-more\"><a href=\"https:\/\/www.fachodeluz.blog.br\/wp\/2018\/07\/29\/comentarios-sobre-expulsai-os-demonios-5\/\" class=\"more-link\">Leia mais<span class=\"screen-reader-text\"> &#8220;Coment\u00e1rios Sobre \u201cExpulsai Os Dem\u00f4nios\u201d-5&#8221;<\/span><\/a><\/p>\n","protected":false},"author":2,"featured_media":0,"comment_status":"open","ping_status":"closed","sticky":false,"template":"","format":"standard","meta":{"nf_dc_page":"","_crdt_document":"","footnotes":""},"categories":[10],"tags":[],"class_list":["post-22659","post","type-post","status-publish","format-standard","hentry","category-darcio-dezolt"],"featured_media_urls":[],"_links":{"self":[{"href":"https:\/\/www.fachodeluz.blog.br\/wp\/wp-json\/wp\/v2\/posts\/22659","targetHints":{"allow":["GET"]}}],"collection":[{"href":"https:\/\/www.fachodeluz.blog.br\/wp\/wp-json\/wp\/v2\/posts"}],"about":[{"href":"https:\/\/www.fachodeluz.blog.br\/wp\/wp-json\/wp\/v2\/types\/post"}],"author":[{"embeddable":true,"href":"https:\/\/www.fachodeluz.blog.br\/wp\/wp-json\/wp\/v2\/users\/2"}],"replies":[{"embeddable":true,"href":"https:\/\/www.fachodeluz.blog.br\/wp\/wp-json\/wp\/v2\/comments?post=22659"}],"version-history":[{"count":0,"href":"https:\/\/www.fachodeluz.blog.br\/wp\/wp-json\/wp\/v2\/posts\/22659\/revisions"}],"wp:attachment":[{"href":"https:\/\/www.fachodeluz.blog.br\/wp\/wp-json\/wp\/v2\/media?parent=22659"}],"wp:term":[{"taxonomy":"category","embeddable":true,"href":"https:\/\/www.fachodeluz.blog.br\/wp\/wp-json\/wp\/v2\/categories?post=22659"},{"taxonomy":"post_tag","embeddable":true,"href":"https:\/\/www.fachodeluz.blog.br\/wp\/wp-json\/wp\/v2\/tags?post=22659"}],"curies":[{"name":"wp","href":"https:\/\/api.w.org\/{rel}","templated":true}]}}