{"id":22809,"date":"2018-08-11T14:18:09","date_gmt":"2018-08-11T17:18:09","guid":{"rendered":"http:\/\/fachodeluz.blog.br\/wp\/?p=22809"},"modified":"2018-08-11T15:17:27","modified_gmt":"2018-08-11T18:17:27","slug":"a-totalidade-e-a-unicidade-de-deus","status":"publish","type":"post","link":"https:\/\/www.fachodeluz.blog.br\/wp\/2018\/08\/11\/a-totalidade-e-a-unicidade-de-deus\/","title":{"rendered":"A TOTALIDADE E A UNICIDADE DE DEUS!"},"content":{"rendered":"<p style=\"text-align: center;\"><span style=\"color: #0000ff;\"><a style=\"color: #0000ff;\" href=\"https:\/\/i0.wp.com\/fachodeluz.blog.br\/wp\/wp-content\/uploads\/2018\/08\/CORPO-ETERNO-A.jpg\"><img data-recalc-dims=\"1\" loading=\"lazy\" decoding=\"async\" loading=\"lazy\" class=\"aligncenter size-full wp-image-22810\" src=\"https:\/\/i0.wp.com\/fachodeluz.blog.br\/wp\/wp-content\/uploads\/2018\/08\/CORPO-ETERNO-A.jpg?resize=455%2C255\" alt=\"\" width=\"455\" height=\"255\" srcset=\"https:\/\/i0.wp.com\/www.fachodeluz.blog.br\/wp\/wp-content\/uploads\/2018\/08\/CORPO-ETERNO-A.jpg?w=455&amp;ssl=1 455w, https:\/\/i0.wp.com\/www.fachodeluz.blog.br\/wp\/wp-content\/uploads\/2018\/08\/CORPO-ETERNO-A.jpg?resize=300%2C168&amp;ssl=1 300w\" sizes=\"auto, (max-width: 455px) 100vw, 455px\" \/><\/a><\/span><\/p>\n<h2 style=\"text-align: center; padding-left: 30px;\"><span style=\"color: #0000ff;\">De todas as mensagens sobre \u201ca pr\u00e1tica da Verdade\u201d, as mais importantes s\u00e3o as que apontam DEUS COMO TUDO e COMO \u00daNICO, pois eliminam todas as demais op\u00e7\u00f5es ilus\u00f3rias referentes ao SER QUE <em>PERMANENTEMENTE\u00a0<\/em> SOMOS! <\/span><\/h2>\n<h2 style=\"text-align: center; padding-left: 30px;\"><span style=\"color: #0000ff;\">\u201cConhecer a Verdade\u201d \u00e9 perceber e nos identificarmos com a TOTALIDADE e com a UNICIDADE DE DEUS! Por isso, assim disse Isa\u00edas: <em><strong>\u201cFORA DE MIM, N\u00c3O H\u00c1 SALVADOR\u201d.<\/strong> <\/em><\/span><\/h2>\n<h2 style=\"text-align: center; padding-left: 30px;\"><span style=\"color: #0000ff;\">Pelo mesmo motivo,\u00a0 assim orou Jesus:<strong><em> &#8220;DEI-LHES A GL\u00d3RIA PARA SEREM UM, ASSIM COMO N\u00d3S, \u00d3 PAI, SOMOS UM, PERFEITOS EM UNIDADE!&#8221;.<\/em><\/strong><\/span><\/h2>\n<h2 style=\"text-align: center; padding-left: 30px;\"><span style=\"color: #0000ff;\">As prega\u00e7\u00f5es das igrejas tradicionais deixaram \u201cmorrer\u201d a ess\u00eancia das revela\u00e7\u00f5es absolutas, por enaltecerem e endeusarem um \u201cJesus separado do Pai\u201d. Por\u00e9m, o Evangelho dista infinitamente desta idolatria sem nexo, que enfatiza que s\u00f3 Jesus \u00e9 Deus, mesmo que seja considerado um Deus apartado do Pai! <\/span><\/h2>\n<h2 style=\"text-align: center; padding-left: 30px;\"><span style=\"color: #0000ff;\">Quando comentei este erro com um crente, perguntando a ele o motivo pelo qual Jesus n\u00e3o aceitou ser chamado de \u201cBom Mestre\u201d, respondendo que <strong><em>\u201cBOM SOMENTE H\u00c1 UM, QUE \u00c9 DEUS\u201d,<\/em> <\/strong>disse-me ele que Jesus assim disse por ser \u201chumilde\u201d! N\u00c3O DEMONSTROU TER CONHECIMENTO REAL ALGUM DO EVANGELHO! E ISTO PODE SER EXTRAPOLADO OU ESTENDIDO \u00c0\u00a0 MAIORIA DOS SUPOSTOS CRIST\u00c3OS\u00a0 \u201cCARNAIS NASCIDOS\u201d, seres jamais existentes e que desaparecem segundo suas pr\u00f3prias CREN\u00c7AS SEM LEGITIMIDADE!<\/span><\/h2>\n<h2><\/h2>\n<h2 style=\"text-align: center; padding-left: 30px;\"><span style=\"color: #0000ff;\"><em><strong>\u201cSEM MIM, NADA PODEIS FAZER\u201d<\/strong> <\/em>\u2013 disse Jesus. Explicava a TOTALIDADE E UNICIDADE DE DEUS, por saber que \u00c9 NESTA VERDADE que existimos ou vivemos!<\/span><\/h2>\n<h2 style=\"text-align: center; padding-left: 30px;\"><span style=\"color: #0000ff;\"><strong><em>\u201cO pr\u00edncipe deste mundo \u00e9 Satan\u00e1s; mentiroso e pai da mentira\u201d!<\/em><\/strong> FOI ENTENDIDA ESTA REVELA\u00c7\u00c3O? N\u00c3O! FOI LEVADA EM CONTA COMO \u201cALGO MALIGNO E INIMIGO DA VERDADE&#8221;! POR QUE JESUS DECLAROU SER O \u201cPAI DA MENTIRA\u201d? POR <em><strong>APARENTAR SER \u201cALGO\u201d<\/strong> <\/em>QUE N\u00c3O FOSSE\u00a0 DEUS! <\/span><\/h2>\n<h2 style=\"text-align: center; padding-left: 30px;\"><span style=\"color: #0000ff;\">No \u201cmundo do pai da mentira\u201d, diariamente, vemos a m\u00eddia afirmando que <strong><em>\u201cFulano foi enterrado aqui, e que\u00a0 um outro foi enterrado acol\u00e1\u201d!<\/em>\u00a0 ENTRETANTO, <\/strong>O QUE FOI \u201cENTERRADA\u201d\u00a0 \u00c9 A <strong><em>VERDADE!<\/em><\/strong><\/span><\/h2>\n<h2 style=\"text-align: center; padding-left: 30px;\"><span style=\"color: #0000ff;\">Quando DEUS for reconhecido em SUA <em><strong>TOTALIDADE<\/strong><\/em> e <strong><em>UNICIDADE,<\/em> <\/strong>todas as \u201cmentiras do mundo do pai da mentira\u201d se desfar\u00e3o e se revelar\u00e3o como NADAS! E O CRISTO, O\u00a0 <em><strong>&#8220;EU&#8221;<\/strong><\/em>\u00a0 QUE <em><strong>&#8220;VOC\u00ca ERA, \u00c9,\u00a0 E H\u00c1 DE VIR&#8221;,<\/strong> <\/em>SER\u00c1 <em><strong>TRAZIDO \u00c0 LUZ!<\/strong><\/em> <\/span><\/h2>\n<h2><\/h2>\n<h2 style=\"text-align: center; padding-left: 30px;\"><span style=\"color: #0000ff;\"><strong><em>\u201cE V\u00d3S TAMB\u00c9M TESTIFICAREIS, POIS, ESTIVESTES COMIGO DESDE O PRINC\u00cdPIO\u201d. <\/em><\/strong><\/span><\/h2>\n<h2 style=\"text-align: center; padding-left: 30px;\"><span style=\"color: #0000ff;\"><strong><em>*<br \/>\n<\/em><\/strong><\/span><\/h2>\n<p>&nbsp;<\/p>\n<p>&nbsp;<\/p>\n<p>&nbsp;<\/p>\n","protected":false},"excerpt":{"rendered":"<p>De todas as mensagens sobre \u201ca pr\u00e1tica da Verdade\u201d, as mais importantes s\u00e3o as que apontam DEUS COMO TUDO e COMO \u00daNICO, pois eliminam todas as demais op\u00e7\u00f5es ilus\u00f3rias referentes ao SER QUE PERMANENTEMENTE\u00a0 SOMOS! \u201cConhecer a Verdade\u201d \u00e9 perceber e nos identificarmos com a TOTALIDADE e com a UNICIDADE DE DEUS! Por isso, assim &hellip; <\/p>\n<p class=\"link-more\"><a href=\"https:\/\/www.fachodeluz.blog.br\/wp\/2018\/08\/11\/a-totalidade-e-a-unicidade-de-deus\/\" class=\"more-link\">Leia mais<span class=\"screen-reader-text\"> &#8220;A TOTALIDADE E A UNICIDADE DE DEUS!&#8221;<\/span><\/a><\/p>\n","protected":false},"author":2,"featured_media":0,"comment_status":"open","ping_status":"closed","sticky":false,"template":"","format":"standard","meta":{"nf_dc_page":"","_crdt_document":"","footnotes":""},"categories":[10],"tags":[],"class_list":["post-22809","post","type-post","status-publish","format-standard","hentry","category-darcio-dezolt"],"featured_media_urls":[],"_links":{"self":[{"href":"https:\/\/www.fachodeluz.blog.br\/wp\/wp-json\/wp\/v2\/posts\/22809","targetHints":{"allow":["GET"]}}],"collection":[{"href":"https:\/\/www.fachodeluz.blog.br\/wp\/wp-json\/wp\/v2\/posts"}],"about":[{"href":"https:\/\/www.fachodeluz.blog.br\/wp\/wp-json\/wp\/v2\/types\/post"}],"author":[{"embeddable":true,"href":"https:\/\/www.fachodeluz.blog.br\/wp\/wp-json\/wp\/v2\/users\/2"}],"replies":[{"embeddable":true,"href":"https:\/\/www.fachodeluz.blog.br\/wp\/wp-json\/wp\/v2\/comments?post=22809"}],"version-history":[{"count":0,"href":"https:\/\/www.fachodeluz.blog.br\/wp\/wp-json\/wp\/v2\/posts\/22809\/revisions"}],"wp:attachment":[{"href":"https:\/\/www.fachodeluz.blog.br\/wp\/wp-json\/wp\/v2\/media?parent=22809"}],"wp:term":[{"taxonomy":"category","embeddable":true,"href":"https:\/\/www.fachodeluz.blog.br\/wp\/wp-json\/wp\/v2\/categories?post=22809"},{"taxonomy":"post_tag","embeddable":true,"href":"https:\/\/www.fachodeluz.blog.br\/wp\/wp-json\/wp\/v2\/tags?post=22809"}],"curies":[{"name":"wp","href":"https:\/\/api.w.org\/{rel}","templated":true}]}}