{"id":22838,"date":"2018-08-17T14:22:47","date_gmt":"2018-08-17T17:22:47","guid":{"rendered":"http:\/\/fachodeluz.blog.br\/wp\/?p=22838"},"modified":"2018-08-17T14:37:13","modified_gmt":"2018-08-17T17:37:13","slug":"recebemos-tambem-de-sua-plenitude-e-graca-sobre-graca","status":"publish","type":"post","link":"https:\/\/www.fachodeluz.blog.br\/wp\/2018\/08\/17\/recebemos-tambem-de-sua-plenitude-e-graca-sobre-graca\/","title":{"rendered":"RECEBEMOS TAMB\u00c9M DE SUA PLENITUDE, E GRA\u00c7A SOBRE GRA\u00c7A!"},"content":{"rendered":"<h2 style=\"text-align: center;\"><span style=\"color: #2a334f;\"><a style=\"color: #2a334f;\" href=\"https:\/\/i0.wp.com\/fachodeluz.blog.br\/wp\/wp-content\/uploads\/2018\/08\/ARREPENDEI-VOS-12.jpg\"><img data-recalc-dims=\"1\" loading=\"lazy\" decoding=\"async\" loading=\"lazy\" class=\"aligncenter size-full wp-image-22839\" src=\"https:\/\/i0.wp.com\/fachodeluz.blog.br\/wp\/wp-content\/uploads\/2018\/08\/ARREPENDEI-VOS-12.jpg?resize=455%2C319\" alt=\"\" width=\"455\" height=\"319\" srcset=\"https:\/\/i0.wp.com\/www.fachodeluz.blog.br\/wp\/wp-content\/uploads\/2018\/08\/ARREPENDEI-VOS-12.jpg?w=455&amp;ssl=1 455w, https:\/\/i0.wp.com\/www.fachodeluz.blog.br\/wp\/wp-content\/uploads\/2018\/08\/ARREPENDEI-VOS-12.jpg?resize=300%2C210&amp;ssl=1 300w\" sizes=\"auto, (max-width: 455px) 100vw, 455px\" \/><\/a><\/span><\/h2>\n<h2 style=\"text-align: center;\"><span style=\"color: #2a334f;\">Jo\u00e3o Batista anunciava, em sua \u00e9poca, o<strong><em>\u201dadvento do Cristo e de seu Reino da Verdade\u201d.<\/em><\/strong> Ocorre, por\u00e9m, que n\u00e3o se tratava de \u201calgo temporal\u201d, mas sim, de &#8220;algo permanente\u201d, de \u201calgo acima de todas as \u00e9pocas\u201d, sempre \u201cACONTECENDO AGORA\u201d, que \u00e9 DEUS SENDO TUDO!<\/span><\/h2>\n<h2 style=\"text-align: center;\"><span style=\"color: #2a334f;\"><em><strong>\u201cArrependei-vos; \u00e9 chegado o Reino de Deus\u201d,<\/strong><\/em> bradava Jo\u00e3o Batista. Este \u201carrependimento\u201d era no sentido de que se \u201cdesligassem\u201d da FARSA de vida terrena, a fim de que se capacitassem a PERCEBER O <strong><em>ESPLENDOROSO REINO DE DEUS<\/em> <\/strong>EM QUE\u00a0 TODOS VIVIAM, POR\u00c9M, QUE \u201cN\u00c3O VIAM\u201d, POR ACREDITAREM PIAMENTE NO HIPN\u00d3TICO \u201cMUNDO MATERIAL\u201d.<\/span><\/h2>\n<h2 style=\"text-align: center;\"><span style=\"color: #2a334f;\">Jo\u00e3o batizava com \u201c\u00e1gua\u2019\u201d, palavra que simboliza \u201ccren\u00e7a\u201d. Suas prega\u00e7\u00f5es eram a LETRA DA VERDADE sendo anunciada como \u201cant\u00eddoto\u201d da MENTIRA coletivamente aceita, \u00a0de que \u201ctemos vida na mat\u00e9ria\u201d, n\u00e3o em Deus.<\/span><\/h2>\n<h2 style=\"text-align: center;\"><span style=\"color: #2a334f;\">Jo\u00e3o testificou do Cristo, dizendo:\u00a0 <em><strong>\u201cEste era aquele de quem eu dizia: o que vem depois de mim, \u00e9 antes de mim, porque foi primeiro do que eu. E<\/strong><strong> TODOS N\u00d3S\u00a0<\/strong><strong> RECEBEMOS TAMB\u00c9M DE SUA PLENITUDE, E GRA\u00c7A SOBRE GRA\u00c7A.<\/strong><\/em><\/span><\/h2>\n<h2 style=\"text-align: center;\"><span style=\"color: #2a334f;\"><em><strong>PORQUE A LEI FOI DADA POR MOIS\u00c9S; A GRA\u00c7A E A VERDADE VIERAM POR JESUS CRISTO\u201d<\/strong><\/em> (Jo\u00e3o 1: 15-17).<\/span><\/h2>\n<h2><\/h2>\n<h2 style=\"text-align: center;\"><span style=\"color: #2a334f;\"><strong><em>\u201cO que vem DEPOIS de mim, \u00e9 ANTES de mim\u201d<\/em> <\/strong>&#8211; eis a revela\u00e7\u00e3o atemporal e absoluta da Verdade de que UNICAMENTE ESTE <em><strong>EU ABSOLUTO,<\/strong> <\/em>que VEM ap\u00f3s o \u201crenascimento\u201d , \u00e9 o EU que j\u00e1 somos, antes do \u201crenascimento\u201d. Em outras palavras, DEUS \u00c9 O \u201cMIM\u201d, O EU SOU PERMANENTE, enquanto o temporal <strong><em>\u201cmim terreno&#8221;<\/em> <\/strong>jamais esteve existindo realmente!<\/span><\/h2>\n<h2 style=\"text-align: center;\"><span style=\"color: #2a334f;\">Que diferen\u00e7a havia entre Jesus e Jo\u00e3o? Jesus tinha um s\u00f3 \u201cMIM\u201d, enquanto Jo\u00e3o ainda retinha DOIS, um \u201cMim\u201d imut\u00e1vel e divino, e outro \u201cmim\u201d mut\u00e1vel e terreno, com o qual se identificava. Por isso Jesus assim \u00a0disse:<strong><em> \u201cEu vos afirmo que dentre os nascidos de mulher n\u00e3o h\u00e1 um ser humano maior do que Jo\u00e3o. Todavia, o menor no Reino de Deus \u00e9 maior do que ele\u201d<\/em> <\/strong>(Lucas 7: 28).<\/span><\/h2>\n<h2><\/h2>\n<h2 style=\"text-align: center;\"><span style=\"color: #2a334f;\">Grave bem estas falas de Jo\u00e3o Batista:<strong><em> \u201c E TODOS N\u00d3S RECEBEMOS TAMB\u00c9M DE SUA PLENITUDE, E GRA\u00c7A SOBRE GRA\u00c7A. PORQUE A LEI FOI DADA POR MOIS\u00c9S; A GRA\u00c7A E A VERDADE VIERAM POR JESUS CRISTO\u201d.<\/em> <\/strong><\/span><\/h2>\n<h2 style=\"text-align: center;\"><span style=\"color: #2a334f;\">Este \u00e9 o FOCO do ensinamento absoluto: N\u00c3O ACEITA V\u00cdNCULOS COM CARNAIS,\u00a0 COM A MAT\u00c9RIA E COM LEI DE MOIS\u00c9S! AFIRMA A VERDADE ABSOLUTA DE QUE \u201cSOMOS DEUSES\u201d, <em><strong>RECEBEDORES DA PLENITUDE E DA GL\u00d3RIA,\u00a0<\/strong> <\/em>BEM COMO <em><strong>DA VIDA PELA GRA\u00c7A SOBRE GRA\u00c7A!<\/strong><\/em><\/span><\/h2>\n<h2 style=\"text-align: center;\"><span style=\"color: #2a334f;\"><em><strong>\u00a0*<\/strong><\/em>*<\/span><\/h2>\n","protected":false},"excerpt":{"rendered":"<p>Jo\u00e3o Batista anunciava, em sua \u00e9poca, o\u201dadvento do Cristo e de seu Reino da Verdade\u201d. Ocorre, por\u00e9m, que n\u00e3o se tratava de \u201calgo temporal\u201d, mas sim, de &#8220;algo permanente\u201d, de \u201calgo acima de todas as \u00e9pocas\u201d, sempre \u201cACONTECENDO AGORA\u201d, que \u00e9 DEUS SENDO TUDO! \u201cArrependei-vos; \u00e9 chegado o Reino de Deus\u201d, bradava Jo\u00e3o Batista. Este &hellip; <\/p>\n<p class=\"link-more\"><a href=\"https:\/\/www.fachodeluz.blog.br\/wp\/2018\/08\/17\/recebemos-tambem-de-sua-plenitude-e-graca-sobre-graca\/\" class=\"more-link\">Leia mais<span class=\"screen-reader-text\"> &#8220;RECEBEMOS TAMB\u00c9M DE SUA PLENITUDE, E GRA\u00c7A SOBRE GRA\u00c7A!&#8221;<\/span><\/a><\/p>\n","protected":false},"author":2,"featured_media":0,"comment_status":"open","ping_status":"closed","sticky":false,"template":"","format":"standard","meta":{"nf_dc_page":"","_crdt_document":"","footnotes":""},"categories":[10],"tags":[],"class_list":["post-22838","post","type-post","status-publish","format-standard","hentry","category-darcio-dezolt"],"featured_media_urls":[],"_links":{"self":[{"href":"https:\/\/www.fachodeluz.blog.br\/wp\/wp-json\/wp\/v2\/posts\/22838","targetHints":{"allow":["GET"]}}],"collection":[{"href":"https:\/\/www.fachodeluz.blog.br\/wp\/wp-json\/wp\/v2\/posts"}],"about":[{"href":"https:\/\/www.fachodeluz.blog.br\/wp\/wp-json\/wp\/v2\/types\/post"}],"author":[{"embeddable":true,"href":"https:\/\/www.fachodeluz.blog.br\/wp\/wp-json\/wp\/v2\/users\/2"}],"replies":[{"embeddable":true,"href":"https:\/\/www.fachodeluz.blog.br\/wp\/wp-json\/wp\/v2\/comments?post=22838"}],"version-history":[{"count":0,"href":"https:\/\/www.fachodeluz.blog.br\/wp\/wp-json\/wp\/v2\/posts\/22838\/revisions"}],"wp:attachment":[{"href":"https:\/\/www.fachodeluz.blog.br\/wp\/wp-json\/wp\/v2\/media?parent=22838"}],"wp:term":[{"taxonomy":"category","embeddable":true,"href":"https:\/\/www.fachodeluz.blog.br\/wp\/wp-json\/wp\/v2\/categories?post=22838"},{"taxonomy":"post_tag","embeddable":true,"href":"https:\/\/www.fachodeluz.blog.br\/wp\/wp-json\/wp\/v2\/tags?post=22838"}],"curies":[{"name":"wp","href":"https:\/\/api.w.org\/{rel}","templated":true}]}}