{"id":22885,"date":"2018-08-23T12:30:03","date_gmt":"2018-08-23T15:30:03","guid":{"rendered":"http:\/\/fachodeluz.blog.br\/wp\/?p=22885"},"modified":"2018-08-23T14:53:52","modified_gmt":"2018-08-23T17:53:52","slug":"estar-abracadp-por-deus-e-se-perceber-na-unidade-perfeita","status":"publish","type":"post","link":"https:\/\/www.fachodeluz.blog.br\/wp\/2018\/08\/23\/estar-abracadp-por-deus-e-se-perceber-na-unidade-perfeita\/","title":{"rendered":"Estar Abra\u00e7ado Por Deus \u00c9 Se Perceber Na &#8220;Unidade Perfeita&#8221;!"},"content":{"rendered":"<p style=\"text-align: center;\"><span style=\"color: #445e21;\"><a style=\"color: #445e21;\" href=\"https:\/\/i0.wp.com\/fachodeluz.blog.br\/wp\/wp-content\/uploads\/2018\/08\/relacionamento-1.jpg\"><img data-recalc-dims=\"1\" loading=\"lazy\" decoding=\"async\" loading=\"lazy\" class=\"aligncenter size-full wp-image-22886\" src=\"https:\/\/i0.wp.com\/fachodeluz.blog.br\/wp\/wp-content\/uploads\/2018\/08\/relacionamento-1.jpg?resize=455%2C323\" alt=\"\" width=\"455\" height=\"323\" srcset=\"https:\/\/i0.wp.com\/www.fachodeluz.blog.br\/wp\/wp-content\/uploads\/2018\/08\/relacionamento-1.jpg?w=455&amp;ssl=1 455w, https:\/\/i0.wp.com\/www.fachodeluz.blog.br\/wp\/wp-content\/uploads\/2018\/08\/relacionamento-1.jpg?resize=300%2C213&amp;ssl=1 300w\" sizes=\"auto, (max-width: 455px) 100vw, 455px\" \/><\/a><\/span><\/p>\n<h2 style=\"text-align: center;\"><span style=\"color: #445e21;\">No \u201cmundo de apar\u00eancias\u201d, quando dois seres se abra\u00e7am, simbolizam a VERDADE de serem UM! Dois corpos abra\u00e7ados demonstram serem \u201cum s\u00f3 corpo\u201d, pela afinidade de ideias e de pensamentos. E quando esta afinidade, por qualquer motivo, deixa de existir, os abra\u00e7os deixam de ocorrer, pela manifesta\u00e7\u00e3o de \u201cduas mentes pessoais\u201d.<\/span><\/h2>\n<h2 style=\"text-align: center;\"><span style=\"color: #445e21;\">A\u00a0 B\u00edblia di<em><strong>z: \u201cPor baixo est\u00e3o os bra\u00e7os eternos\u201d,<\/strong> <\/em>ou seja, subjacente ao \u201cmundo de apar\u00eancias\u201d, permanentemente somos todos a UNIDADE ESPIRITUAL PERFEITA, em que SOMOS TODOS, SEM EXCE\u00c7\u00c3O, ABRA\u00c7ADOS POR DEUS, COM A MENTE DE DEUS E IMERSOS NO AMOR DE DEUS!<\/span><\/h2>\n<h2 style=\"text-align: center;\"><span style=\"color: #445e21;\">N\u00e3o h\u00e1 realidade em \u201cmundo de apar\u00eancias\u201d; por isso, s\u00e3o &#8220;vistos&#8221; nele separa\u00e7\u00f5es, desarmonias e conflitos entre pessoas, inclusive entre\u00a0 supostos familiares. POR SER ACREDITADA A ILUS\u00c3O DE &#8220;<strong><em>HAVER VIDA NA MAT\u00c9RIA\u201d,<\/em><\/strong> QUANDO AS \u201cAPAR\u00caNCIAS\u201d SE MOSTRAM DESARM\u00d4NICAS, AS PESSOAS\u00a0 ENVOLVIDAS SE SENTEM \u201cSEM CH\u00c3O\u201d, inseguras, receosas e desamparadas, buscando ajuda em drogas e em terapeutas de toda esp\u00e9cie, por desconhecerem A VERDADE de que est\u00e3o, ininterruptamente, SENDO ABRA\u00c7ADAS POR DEUS!<\/span><\/h2>\n<h2 style=\"text-align: center;\"><span style=\"color: #445e21;\">Quando o REFERENCIAL DE DEUS \u00e9 adotado por algu\u00e9m,\u00a0 unicamente a HARMONIA ABSOLUTA E INQUEBRANT\u00c1VEL \u00e9 reconhecida e focalizada! Quer isto dizer, por exemplo, que um \u201ccasal&#8221; visto nas &#8220;apar\u00eancias\u201d permanecer\u00e1 unido para sempre? N\u00c3O! Quer isto dizer que algu\u00e9m que se visse trabalhando numa profiss\u00e3o, ou numa empresa, ficaria sempre \u201cabra\u00e7ado&#8221; \u00e0quela conviv\u00eancia terrena? N\u00c3O! TUDO DEPENDE DE ESTAR, NO MUNDO, MANIFESTADA OU N\u00c3O A HARMONIA DIVINA REFLETIDA!<\/span><\/h2>\n<h2 style=\"text-align: center;\"><span style=\"color: #445e21;\">Quando veio ao Brasil, o Papa Jo\u00e3o Paulo II, em suas prega\u00e7\u00f5es, falando sobre o casamento, assim disse: <em><strong>\u201cN\u00e3o separe o homem o que Deus uniu!\u201d.<\/strong> <\/em>Seria verdadeira a frase? SIM E N\u00c3O, DEPENDENDO\u00a0 DO &#8220;REFERENCIAL DE EXIST\u00caNCIA&#8221; LEVADO EM CONTA! SE O REINO DO ABSOLUTO ESTIVER SENDO O REINO FOCALIZADO, SER\u00c1 &#8220;SIM&#8221;! MAS SE O \u201cMUNDO DE APAR\u00caNCIAS\u201d ESTIVER SENDO CONSIDERADO, SER\u00c1 &#8220;N\u00c3O&#8221;! NO ABSOLUTO, TUDO QUE DEUS UNE, ETERNAMENTE FICA UNIDO! POR\u00c9M, NO \u201cMUNDO DE APAR\u00caNCIAS\u201d, REGIDO PELAS CREN\u00c7AS NO BEM E NO MAL, NADA \u00c9 PERMANENTE! QUERER FORJAR HARMONIA CONJUGAL <em><strong>DIRETAMENTE<\/strong><\/em> NO MUNDO, \u00c9 GERAR RELACIONAMENTOS DE FACHADA, A N\u00c3O SER QUANDO FOREM UNI\u00d5ES QUE REFLITAM A HARMONIA DO ABSOLUTO!<\/span><\/h2>\n<h2><\/h2>\n<h2 style=\"text-align: center;\"><span style=\"color: #445e21;\"><strong><em>\u201cBuscai o REINO DE DEUS em primeiro lugar\u201d<\/em><\/strong> \u2013 disse Jesus! Infelizmente, n\u00e3o foi obedecido pelo grosso da humanidade! Desse modo, com \u201cmentes pessoais\u201d trabalhando livres e soltas, os diversos relacionamentos humanos n\u00e3o se d\u00e3o com RESPALDO DO ABSOLUTO!\u00a0 E ent\u00e3o, ou as pessoas viram v\u00edtimas do ambiente que humanamente criaram, ou optam por BUSCAR A DEUS E SEU REINO, colocando em pr\u00e1tica a Verdade Absoluta. Assim agindo, a Verdade lhes \u201cvem \u00e0 luz\u201d como \u201cbens acrescentados\u201d, com tudo se amoldando \u00e0 harmonia, atrav\u00e9s de \u201cajustes sequenciais\u201d adequados, que culminam em \u201cvida fenom\u00eanica\u201d refletindo a Vontade de Deus.<\/span><\/h2>\n<h2 style=\"text-align: center;\"><span style=\"color: #445e21;\"> *<\/span><\/h2>\n","protected":false},"excerpt":{"rendered":"<p>No \u201cmundo de apar\u00eancias\u201d, quando dois seres se abra\u00e7am, simbolizam a VERDADE de serem UM! Dois corpos abra\u00e7ados demonstram serem \u201cum s\u00f3 corpo\u201d, pela afinidade de ideias e de pensamentos. E quando esta afinidade, por qualquer motivo, deixa de existir, os abra\u00e7os deixam de ocorrer, pela manifesta\u00e7\u00e3o de \u201cduas mentes pessoais\u201d. A\u00a0 B\u00edblia diz: \u201cPor &hellip; <\/p>\n<p class=\"link-more\"><a href=\"https:\/\/www.fachodeluz.blog.br\/wp\/2018\/08\/23\/estar-abracadp-por-deus-e-se-perceber-na-unidade-perfeita\/\" class=\"more-link\">Leia mais<span class=\"screen-reader-text\"> &#8220;Estar Abra\u00e7ado Por Deus \u00c9 Se Perceber Na &#8220;Unidade Perfeita&#8221;!&#8221;<\/span><\/a><\/p>\n","protected":false},"author":2,"featured_media":0,"comment_status":"open","ping_status":"closed","sticky":false,"template":"","format":"standard","meta":{"nf_dc_page":"","_crdt_document":"","footnotes":""},"categories":[10],"tags":[],"class_list":["post-22885","post","type-post","status-publish","format-standard","hentry","category-darcio-dezolt"],"featured_media_urls":[],"_links":{"self":[{"href":"https:\/\/www.fachodeluz.blog.br\/wp\/wp-json\/wp\/v2\/posts\/22885","targetHints":{"allow":["GET"]}}],"collection":[{"href":"https:\/\/www.fachodeluz.blog.br\/wp\/wp-json\/wp\/v2\/posts"}],"about":[{"href":"https:\/\/www.fachodeluz.blog.br\/wp\/wp-json\/wp\/v2\/types\/post"}],"author":[{"embeddable":true,"href":"https:\/\/www.fachodeluz.blog.br\/wp\/wp-json\/wp\/v2\/users\/2"}],"replies":[{"embeddable":true,"href":"https:\/\/www.fachodeluz.blog.br\/wp\/wp-json\/wp\/v2\/comments?post=22885"}],"version-history":[{"count":0,"href":"https:\/\/www.fachodeluz.blog.br\/wp\/wp-json\/wp\/v2\/posts\/22885\/revisions"}],"wp:attachment":[{"href":"https:\/\/www.fachodeluz.blog.br\/wp\/wp-json\/wp\/v2\/media?parent=22885"}],"wp:term":[{"taxonomy":"category","embeddable":true,"href":"https:\/\/www.fachodeluz.blog.br\/wp\/wp-json\/wp\/v2\/categories?post=22885"},{"taxonomy":"post_tag","embeddable":true,"href":"https:\/\/www.fachodeluz.blog.br\/wp\/wp-json\/wp\/v2\/tags?post=22885"}],"curies":[{"name":"wp","href":"https:\/\/api.w.org\/{rel}","templated":true}]}}