{"id":22917,"date":"2018-08-27T12:49:49","date_gmt":"2018-08-27T15:49:49","guid":{"rendered":"http:\/\/fachodeluz.blog.br\/wp\/?p=22917"},"modified":"2018-08-27T12:54:54","modified_gmt":"2018-08-27T15:54:54","slug":"comentarios-sobre-para-obter-a-cura-1","status":"publish","type":"post","link":"https:\/\/www.fachodeluz.blog.br\/wp\/2018\/08\/27\/comentarios-sobre-para-obter-a-cura-1\/","title":{"rendered":"Coment\u00e1rios Sobre &#8220;Para Obter A Cura&#8221;&#8230; &#8211; 1"},"content":{"rendered":"<h2 style=\"text-align: center;\"><span style=\"color: #962c2c;\">COMENT\u00c1RIOS SOBRE<\/span><\/h2>\n<h4 style=\"text-align: center;\"><span style=\"color: #962c2c;\"><strong>&#8220;PARA OBTER A CURA: PONHA SEU PESO NO PRATO CERTO&#8221;<\/strong><\/span><\/h4>\n<p style=\"text-align: center;\"><span style=\"color: #962c2c;\">Patricia T,\u00a0 Hyatt<\/span><\/p>\n<h4 style=\"text-align: center;\"><span style=\"color: #0000ff;\">NOTA: Este texto da Ci\u00eancia Crist\u00e3 \u00e9 um dos meus prediletos, dentre todos os demais. Claro, pr\u00e1tico e profundo, explica com precis\u00e3o os princ\u00edpios divinos e sua aplica\u00e7\u00e3o em nossa vida di\u00e1ria. Se apenas for lido, sem maior envolvimento, n\u00e3o cumprir\u00e1 sua finalidade! Os textos mais profundos requerem nosso total envolvimento! Todos os demais objetivos do mundo dever\u00e3o ficar em segundo lugar, durante os estudos, para que a Verdade realmente seja lida, entendida, estudada, assimilada e, em seguida, contemplada. A suposta mente humana desejar\u00e1 atrapalhar este objetivo espiritual, lembrando-o de obriga\u00e7\u00f5es, ocupa\u00e7\u00f5es e h\u00e1bitos de vida; entretanto, se voc\u00ea partir da admiss\u00e3o radical de &#8220;ter a Mente de Cristo&#8221;, o mesmerismo ser\u00e1 vencido e seu estudo poder\u00e1 ser feito como deve: com o seu total envolvimento com seus princ\u00edpios. <\/span><\/h4>\n<h4 style=\"text-align: center;\"><span style=\"color: #0000ff;\">Boas leituras e boas contempla\u00e7\u00f5es&#8230;<\/span><\/h4>\n<h4 style=\"text-align: center;\"><span style=\"color: #0000ff;\">D\u00e1rcio<\/span><\/h4>\n<h4 style=\"text-align: center;\"><a href=\"https:\/\/i0.wp.com\/fachodeluz.blog.br\/wp\/wp-content\/uploads\/2018\/08\/PC01.png\"><img data-recalc-dims=\"1\" loading=\"lazy\" decoding=\"async\" loading=\"lazy\" class=\"aligncenter wp-image-22918\" src=\"https:\/\/i0.wp.com\/fachodeluz.blog.br\/wp\/wp-content\/uploads\/2018\/08\/PC01.png?resize=448%2C534\" alt=\"\" width=\"448\" height=\"534\" srcset=\"https:\/\/i0.wp.com\/www.fachodeluz.blog.br\/wp\/wp-content\/uploads\/2018\/08\/PC01.png?w=400&amp;ssl=1 400w, https:\/\/i0.wp.com\/www.fachodeluz.blog.br\/wp\/wp-content\/uploads\/2018\/08\/PC01.png?resize=252%2C300&amp;ssl=1 252w\" sizes=\"auto, (max-width: 448px) 100vw, 448px\" \/><\/a><strong><span style=\"color: #800080;\">PARTE\u00a0 <\/span><\/strong><\/h4>\n<h2 style=\"text-align: center;\"><strong><span style=\"color: #800080;\">I<\/span><\/strong><\/h2>\n<h2 style=\"text-align: center;\"><span style=\"color: #800080;\"><em>Compreender que um problema \u00e9 apenas uma falsa pretens\u00e3o, n\u00e3o basta. Saber que \u00e9 uma falsa pretens\u00e3o nos conforta e nos prepara para orar ainda mais, mas n\u00e3o basta para efetuar a cura. \u00c9 preciso continuar o racioc\u00ednio em ora\u00e7\u00e3o, at\u00e9 compreendermos que n\u00e3o existe tal pretens\u00e3o!<\/em><\/span><\/h2>\n<h2 style=\"text-align: center;\"><span style=\"color: #800080;\"><em>Deus \u00e9 Tudo\u2014\u00e9 a \u00fanica consci\u00eancia. Como Deus \u00e9 a Mente divina, Deus expressa Sua sabedoria no homem. Uma vez que a a\u00e7\u00e3o criativa da Mente \u00e9 \u201csaber\u201d, nada se cria\u2014n\u00e3o existe\u2014a n\u00e3o ser que Deus o conhe\u00e7a. O homem, como uma imagem na Mente divina, sabe apenas o que a Mente lhe faz saber pela lei do reflexo. Deus \u00e9 onipresente, onipotente, onisciente\u2014\u00e9 Tudo-em-Tudo. Portanto, nada h\u00e1 para proclamar uma pretens\u00e3o contr\u00e1ria! Como Cristo Jesus o disse, o erro, o mal, \u00e9 \u201cmentiroso e pai da mentira\u201d. A cren\u00e7a em qualquer forma de materialidade \u00e9 uma falsidade em si pr\u00f3pria, n\u00e3o tem origem nem lugar para existir, n\u00e3o tem ningu\u00e9m para conhec\u00ea-la nem tem nenhum efeito. Ci\u00eancia e Sa\u00fade deixa claro o nada do erro, nas seguintes palavras: \u201cA ilus\u00e3o, o pecado, a doen\u00e7a e a morte resultam do falso testemunho do sentido material, o qual, de um ponto de vista hipot\u00e9tico fora da dist\u00e2ncia focal do Esp\u00edrito infinito, apresenta uma imagem invertida da Mente e da Subst\u00e2ncia, onde tudo se apresenta de cabe\u00e7a para baixo\u201d. Imagine-se o falso testemunho apresentando uma imagem invertida baseada num suposto ponto de vista fora da dist\u00e2ncia focal do Esp\u00edrito infinito! Est\u00e1 claro que n\u00e3o pode haver aranhas nem crente mesmerizado! N\u00e3o pode haver nenhum ataque card\u00edaco nem a pretens\u00e3o de que haja algum! A mente mortal \u00e9 \u201cmentirosa\u201d e \u00e9 o \u201cpai da mentira!\u201d.<\/em><\/span><\/h2>\n<p>&nbsp;<\/p>\n<h2 style=\"text-align: center;\"><span style=\"color: #0000ff;\"><strong>-COMENT\u00c1RIOS-<\/strong><\/span><\/h2>\n<h2 style=\"text-align: center;\"><span style=\"color: #0000ff;\">O que a autora aqui explica, \u00e9 que &#8220;o problema \u00e9 ilus\u00e3o&#8221;, e que meramente\u00a0 trocar o seu nome n\u00e3o \u00e9 a pr\u00e1tica da Verdade. Sendo &#8220;ilus\u00e3o&#8221;, o problema n\u00e3o est\u00e1 presente, mas ausente! O nada sendo visto pela mente que \u00e9 nada. Entenda este ponto: o &#8220;problema&#8221;, que a mente diz estar presente, est\u00e1 ausente! Como miragem, apenas aparenta existir, mas n\u00e3o existe! Al\u00e9m disso, ele aparenta existir para a mente que tamb\u00e9m n\u00e3o existe! Por isso, na sequ\u00eancia, a autora passa a revelar a Mente de Deus como sendo a Mente verdadeira daquele que aparentemente usava mente humana para ver aus\u00eancia como presen\u00e7a.<\/span><\/h2>\n<h2 style=\"text-align: center;\"><span style=\"color: #0000ff;\">&#8220;Deus \u00e9 TUDO &#8211; a \u00fanica consci\u00eancia&#8221; &#8211; assim, o artigo explica a Verdade de que a Mente do homem conhece unicamente o que Deus conhece, e, como a Mente divina n\u00e3o pode conhecer &#8220;outra coisa&#8221;, sen\u00e3o a perfei\u00e7\u00e3o, o homem n\u00e3o pode estar frente a uma pretens\u00e3o contr\u00e1ria \u00e0 Verdade. Nesse ponto, voc\u00ea deve se envolver a fundo nestas revela\u00e7\u00f5es! Desacredite do problema, desacredite da mente que v\u00ea problema, e admita que sua Mente \u00e9 a Mente que reconhece unicamente o que Deus v\u00ea, sua perfei\u00e7\u00e3o e perman\u00eancia absolutas. <em>&#8220;A cren\u00e7a em materialidade \u00e9 uma falsidade em si pr\u00f3pria, n\u00e3o tem origem nem lugar para existir, n\u00e3o tem ningu\u00e9m para conhec\u00ea-la nem tem nenhum efeito&#8221;.<\/em> Que \u00e9 esta parte do texto? O AUTOTRATAMENTO! \u00c9 quando o lido passa a ser vivido, de fato, em termos de aceita\u00e7\u00e3o e percep\u00e7\u00e3o!<\/span><\/h2>\n<h2 style=\"text-align: center;\"><span style=\"color: #0000ff;\">A seguir, a autora coloca a seguinte cita\u00e7\u00e3o de Mary Baker Eddy:<\/span><\/h2>\n<h2 style=\"text-align: center;\"><em><span style=\"color: #0000ff;\">\u201cA ilus\u00e3o, o pecado, a doen\u00e7a e a morte resultam do falso testemunho do sentido material, o qual, de um ponto de vista hipot\u00e9tico fora da dist\u00e2ncia focal do Esp\u00edrito infinito, apresenta uma imagem invertida da Mente e da Subst\u00e2ncia, onde tudo se apresenta de cabe\u00e7a para baixo\u201d.<\/span><\/em><\/h2>\n<h2 style=\"text-align: center;\"><span style=\"color: #0000ff;\">Analise esta cita\u00e7\u00e3o, que revela o nada do erro,\u00a0 e a fa\u00e7a tomar parte das suas\u00a0 &#8220;contempla\u00e7\u00f5es&#8221;. Para isso, leia-a seguidamente, at\u00e9 assimilar a fundo o seu conte\u00fado! De nada adianta prosseguir na leitura, sem primeiro captar em profundidade o que j\u00e1 foi exposto e lido em termos de princ\u00edpios.<\/span><\/h2>\n<h2 style=\"text-align: center;\"><\/h2>\n<h4 style=\"text-align: right;\"><span style=\"color: #800080;\"><em>Continua..&gt;<\/em><\/span><\/h4>\n","protected":false},"excerpt":{"rendered":"<p>COMENT\u00c1RIOS SOBRE &#8220;PARA OBTER A CURA: PONHA SEU PESO NO PRATO CERTO&#8221; Patricia T,\u00a0 Hyatt NOTA: Este texto da Ci\u00eancia Crist\u00e3 \u00e9 um dos meus prediletos, dentre todos os demais. Claro, pr\u00e1tico e profundo, explica com precis\u00e3o os princ\u00edpios divinos e sua aplica\u00e7\u00e3o em nossa vida di\u00e1ria. Se apenas for lido, sem maior envolvimento, n\u00e3o &hellip; <\/p>\n<p class=\"link-more\"><a href=\"https:\/\/www.fachodeluz.blog.br\/wp\/2018\/08\/27\/comentarios-sobre-para-obter-a-cura-1\/\" class=\"more-link\">Leia mais<span class=\"screen-reader-text\"> &#8220;Coment\u00e1rios Sobre &#8220;Para Obter A Cura&#8221;&#8230; &#8211; 1&#8243;<\/span><\/a><\/p>\n","protected":false},"author":2,"featured_media":0,"comment_status":"open","ping_status":"closed","sticky":false,"template":"","format":"standard","meta":{"nf_dc_page":"","_crdt_document":"","footnotes":""},"categories":[10],"tags":[],"class_list":["post-22917","post","type-post","status-publish","format-standard","hentry","category-darcio-dezolt"],"featured_media_urls":[],"_links":{"self":[{"href":"https:\/\/www.fachodeluz.blog.br\/wp\/wp-json\/wp\/v2\/posts\/22917","targetHints":{"allow":["GET"]}}],"collection":[{"href":"https:\/\/www.fachodeluz.blog.br\/wp\/wp-json\/wp\/v2\/posts"}],"about":[{"href":"https:\/\/www.fachodeluz.blog.br\/wp\/wp-json\/wp\/v2\/types\/post"}],"author":[{"embeddable":true,"href":"https:\/\/www.fachodeluz.blog.br\/wp\/wp-json\/wp\/v2\/users\/2"}],"replies":[{"embeddable":true,"href":"https:\/\/www.fachodeluz.blog.br\/wp\/wp-json\/wp\/v2\/comments?post=22917"}],"version-history":[{"count":0,"href":"https:\/\/www.fachodeluz.blog.br\/wp\/wp-json\/wp\/v2\/posts\/22917\/revisions"}],"wp:attachment":[{"href":"https:\/\/www.fachodeluz.blog.br\/wp\/wp-json\/wp\/v2\/media?parent=22917"}],"wp:term":[{"taxonomy":"category","embeddable":true,"href":"https:\/\/www.fachodeluz.blog.br\/wp\/wp-json\/wp\/v2\/categories?post=22917"},{"taxonomy":"post_tag","embeddable":true,"href":"https:\/\/www.fachodeluz.blog.br\/wp\/wp-json\/wp\/v2\/tags?post=22917"}],"curies":[{"name":"wp","href":"https:\/\/api.w.org\/{rel}","templated":true}]}}