{"id":22937,"date":"2018-08-30T10:38:28","date_gmt":"2018-08-30T13:38:28","guid":{"rendered":"http:\/\/fachodeluz.blog.br\/wp\/?p=22937"},"modified":"2018-08-30T10:50:17","modified_gmt":"2018-08-30T13:50:17","slug":"22937","status":"publish","type":"post","link":"https:\/\/www.fachodeluz.blog.br\/wp\/2018\/08\/30\/22937\/","title":{"rendered":"Coment\u00e1rios Sobre \u201cPara Obter A Cura\u201d\u2026 \u2013 4"},"content":{"rendered":"<h2 style=\"text-align: center;\"><span style=\"color: #ba2b2b;\"><strong>COMENT\u00c1RIOS SOBRE<\/strong><\/span><\/h2>\n<h2 style=\"text-align: center;\"><span style=\"color: #ba2b2b;\"><strong>O ARTIGO<\/strong><\/span><\/h2>\n<h2 style=\"text-align: center;\"><span style=\"color: #592020;\"><strong><em>&#8220;PARA OBTER A CURA: PONHA SEU PESO NO PRATO CERTO&#8221;<\/em><\/strong><\/span><\/h2>\n<h4 style=\"text-align: center;\"><span style=\"color: #9e3131;\">Patr\u00edcia Tupper Hyatt<\/span><\/h4>\n<h2 style=\"text-align: center;\"><span style=\"color: #800000;\"><strong><em>A atra\u00e7\u00e3o hipn\u00f3tica e magn\u00e9tica da falsa cren\u00e7a na morte est\u00e1 entre os m\u00e9todos da mente carnal que nos induzem a lan\u00e7ar peso no prato errado da balan\u00e7a. Dificilmente algu\u00e9m aceitaria a rid\u00edcula sugest\u00e3o de que lhe seria melhor estar aleijado ou de que mais f\u00e1cil seria para ele e para todos se ficasse cego; mas talvez se deixaria levar pela cren\u00e7a mesm\u00e9rica de que para ele a morte seria uma b\u00ean\u00e7\u00e3o ou facilitaria as coisas para a sua fam\u00edlia. Este tipo de racioc\u00ednio predomina na sociedade. Nos hospitais, os pacientes com diagn\u00f3stico de doen\u00e7as terminais, por exemplo, seguidamente acompanham sess\u00f5es de aconselhamento visando a ajud\u00e1-los a aceitar a morte como parte natural da vida. N\u00e3o obstante, desde o ponto de vista da Ci\u00eancia Crist\u00e3, a morte n\u00e3o pode ser parte da vida. As duas s\u00e3o exatamente opostas. A realidade \u00e9 a Vida divina e sua express\u00e3o; a morte n\u00e3o tem exist\u00eancia\u2014\u00e9 uma contradi\u00e7\u00e3o.<\/em><\/strong><\/span><\/h2>\n<h2 style=\"text-align: center;\"><a href=\"https:\/\/i0.wp.com\/fachodeluz.blog.br\/wp\/wp-content\/uploads\/2018\/08\/untitled.png\"><img data-recalc-dims=\"1\" loading=\"lazy\" decoding=\"async\" loading=\"lazy\" class=\"aligncenter wp-image-22938\" src=\"https:\/\/i0.wp.com\/fachodeluz.blog.br\/wp\/wp-content\/uploads\/2018\/08\/untitled.png?resize=544%2C495\" alt=\"\" width=\"544\" height=\"495\" srcset=\"https:\/\/i0.wp.com\/www.fachodeluz.blog.br\/wp\/wp-content\/uploads\/2018\/08\/untitled.png?w=500&amp;ssl=1 500w, https:\/\/i0.wp.com\/www.fachodeluz.blog.br\/wp\/wp-content\/uploads\/2018\/08\/untitled.png?resize=300%2C273&amp;ssl=1 300w\" sizes=\"auto, (max-width: 544px) 100vw, 544px\" \/><\/a><span style=\"color: #008000;\">PARTE<\/span><\/h2>\n<h2 style=\"text-align: center;\"><span style=\"color: #008000;\">I<strong>V<\/strong><\/span><\/h2>\n<h2 style=\"text-align: center;\"><strong><span style=\"color: #008000;\">-COMENT\u00c1RIOS-<\/span><\/strong><\/h2>\n<h2 style=\"text-align: center;\"><span style=\"color: #0000ff;\"><strong>A compreens\u00e3o de que n\u00e3o existe morte decorre naturalmente da admiss\u00e3o incondicional das Verdades reveladas, e a principal dentre elas\u00a0 \u00e9 a\u00a0 de que n\u00e3o h\u00e1 nascimentos.<em> &#8220;As obras de Deus s\u00e3o permanentes&#8221;,<\/em> e tem sido repetida esta base do estudo do Absoluto seguidamente,\u00a0 nas postagens deste site.<br \/>\n<\/strong><\/span><\/h2>\n<h2 style=\"text-align: center;\"><span style=\"color: #0000ff;\"><strong><em>&#8220;A atra\u00e7\u00e3o hipn\u00f3tica e magn\u00e9tica da falsa cren\u00e7a na morte est\u00e1 entre os m\u00e9todos da mente carnal que nos induzem a lan\u00e7ar peso no prato errado da balan\u00e7a. Dificilmente algu\u00e9m aceitaria a rid\u00edcula sugest\u00e3o de que lhe seria melhor estar aleijado ou de que mais f\u00e1cil seria para ele e para todos se ficasse cego; mas talvez se deixaria levar pela cren\u00e7a mesm\u00e9rica de que para ele a morte seria uma b\u00ean\u00e7\u00e3o ou facilitaria as coisas para a sua fam\u00edlia&#8221;.<\/em><\/strong> <\/span><\/h2>\n<h2 style=\"text-align: center;\"><span style=\"color: #0000ff;\"><strong>Diante de supostos casos desse tipo, quando h\u00e1 esta cren\u00e7a de que &#8220;a morte&#8221; seria a melhor solu\u00e7\u00e3o, devemos nos desapegar das ideias de nascimento, de morte ou de curas, voltando-nos \u00e0 contempla\u00e7\u00e3o da &#8220;perman\u00eancia do Universo de Deus&#8221; e da perman\u00eancia da pr\u00f3pria Vida, que \u00e9 unicamente Deus em todos os seres. A autora nos alerta para n\u00e3o endossarmos a <em>tend\u00eancia mesm\u00e9rica coletiva<\/em> que, atraindo nossa aten\u00e7\u00e3o para as<em> apar\u00eancias, <\/em>faz com que nos resignemos com a chamada &#8220;morte&#8221; a ponto de at\u00e9 mesmo\u00a0 consider\u00e1-la um &#8220;bem&#8221; ou, como ela diz, como &#8220;parte natural da vida&#8221;. <\/strong><\/span><\/h2>\n<h2 style=\"text-align: center;\"><span style=\"color: #0000ff;\"><strong><em>&#8220;Eu sou o Caminho, a Verdade e a Vida&#8221; &#8211;<\/em><\/strong><strong> disse Jesus. Revelava a Verdade universalmente v\u00e1lida, aqui e agora, para todos os seres, que s\u00e3o a realidade absoluta:<em> a Vida divina e Sua express\u00e3o.<\/em> Partindo deste &#8220;Referencial da Luz&#8221;, e jamais do ilus\u00f3rio &#8220;referencial da mente humana&#8221;, facilmente discerniremos <em>(na Pr\u00e1tica do Sil\u00eancio),<\/em> como diz o texto, que <em>&#8220;a morte n\u00e3o tem exist\u00eancia &#8211; \u00e9 uma contradi\u00e7\u00e3o&#8221;.<\/em><\/strong><\/span><\/h2>\n<h4 style=\"text-align: right;\"><span style=\"color: #800000;\"><strong><em>Continua&#8230;&gt;<\/em><\/strong><\/span><\/h4>\n","protected":false},"excerpt":{"rendered":"<p>COMENT\u00c1RIOS SOBRE O ARTIGO &#8220;PARA OBTER A CURA: PONHA SEU PESO NO PRATO CERTO&#8221; Patr\u00edcia Tupper Hyatt A atra\u00e7\u00e3o hipn\u00f3tica e magn\u00e9tica da falsa cren\u00e7a na morte est\u00e1 entre os m\u00e9todos da mente carnal que nos induzem a lan\u00e7ar peso no prato errado da balan\u00e7a. Dificilmente algu\u00e9m aceitaria a rid\u00edcula sugest\u00e3o de que lhe seria &hellip; <\/p>\n<p class=\"link-more\"><a href=\"https:\/\/www.fachodeluz.blog.br\/wp\/2018\/08\/30\/22937\/\" class=\"more-link\">Leia mais<span class=\"screen-reader-text\"> &#8220;Coment\u00e1rios Sobre \u201cPara Obter A Cura\u201d\u2026 \u2013 4&#8221;<\/span><\/a><\/p>\n","protected":false},"author":2,"featured_media":0,"comment_status":"open","ping_status":"closed","sticky":false,"template":"","format":"standard","meta":{"nf_dc_page":"","_crdt_document":"","footnotes":""},"categories":[10],"tags":[],"class_list":["post-22937","post","type-post","status-publish","format-standard","hentry","category-darcio-dezolt"],"featured_media_urls":[],"_links":{"self":[{"href":"https:\/\/www.fachodeluz.blog.br\/wp\/wp-json\/wp\/v2\/posts\/22937","targetHints":{"allow":["GET"]}}],"collection":[{"href":"https:\/\/www.fachodeluz.blog.br\/wp\/wp-json\/wp\/v2\/posts"}],"about":[{"href":"https:\/\/www.fachodeluz.blog.br\/wp\/wp-json\/wp\/v2\/types\/post"}],"author":[{"embeddable":true,"href":"https:\/\/www.fachodeluz.blog.br\/wp\/wp-json\/wp\/v2\/users\/2"}],"replies":[{"embeddable":true,"href":"https:\/\/www.fachodeluz.blog.br\/wp\/wp-json\/wp\/v2\/comments?post=22937"}],"version-history":[{"count":0,"href":"https:\/\/www.fachodeluz.blog.br\/wp\/wp-json\/wp\/v2\/posts\/22937\/revisions"}],"wp:attachment":[{"href":"https:\/\/www.fachodeluz.blog.br\/wp\/wp-json\/wp\/v2\/media?parent=22937"}],"wp:term":[{"taxonomy":"category","embeddable":true,"href":"https:\/\/www.fachodeluz.blog.br\/wp\/wp-json\/wp\/v2\/categories?post=22937"},{"taxonomy":"post_tag","embeddable":true,"href":"https:\/\/www.fachodeluz.blog.br\/wp\/wp-json\/wp\/v2\/tags?post=22937"}],"curies":[{"name":"wp","href":"https:\/\/api.w.org\/{rel}","templated":true}]}}