{"id":22978,"date":"2018-09-06T13:35:50","date_gmt":"2018-09-06T16:35:50","guid":{"rendered":"http:\/\/fachodeluz.blog.br\/wp\/?p=22978"},"modified":"2018-09-07T00:05:54","modified_gmt":"2018-09-07T03:05:54","slug":"eu-nao-sou-aquele-que-nao-sou","status":"publish","type":"post","link":"https:\/\/www.fachodeluz.blog.br\/wp\/2018\/09\/06\/eu-nao-sou-aquele-que-nao-sou\/","title":{"rendered":"&#8220;EU N\u00c3O SOU AQUELE QUE N\u00c3O SOU!&#8221;"},"content":{"rendered":"<h2 style=\"text-align: center;\"><span style=\"color: #345057;\">\u00a0\u00a0<a style=\"color: #345057;\" href=\"https:\/\/i0.wp.com\/fachodeluz.blog.br\/wp\/wp-content\/uploads\/2018\/09\/MOSES-55.jpg\"><img data-recalc-dims=\"1\" loading=\"lazy\" decoding=\"async\" loading=\"lazy\" class=\"aligncenter wp-image-22979\" src=\"https:\/\/i0.wp.com\/fachodeluz.blog.br\/wp\/wp-content\/uploads\/2018\/09\/MOSES-55.jpg?resize=621%2C419\" alt=\"\" width=\"621\" height=\"419\" srcset=\"https:\/\/i0.wp.com\/www.fachodeluz.blog.br\/wp\/wp-content\/uploads\/2018\/09\/MOSES-55.jpg?w=455&amp;ssl=1 455w, https:\/\/i0.wp.com\/www.fachodeluz.blog.br\/wp\/wp-content\/uploads\/2018\/09\/MOSES-55.jpg?resize=300%2C202&amp;ssl=1 300w\" sizes=\"auto, (max-width: 621px) 100vw, 621px\" \/><\/a><\/span><\/h2>\n<h2 style=\"text-align: center;\"><span style=\"color: #345057;\">Tendo a revela\u00e7\u00e3o divina, Mois\u00e9s se viu em \u201csolo santo\u201d, sem a \u201cmente carnal\u201d que o iludia para que se visse no ilus\u00f3rio \u201cMonte Sinai\u201d. Ao ouvir o chamado de Deus, Mois\u00e9s achou que ele lhe vinha &#8220;de fora dele\u201d, e tentou caminhar para &#8220;mais se aproximar de Deus\u201d,\u00a0 no que foi corrigido! DEUS ESTAVA NO EXATO LUGAR EM QUE J\u00c1 SE ENCONTRAVA ELE ! E ent\u00e3o, Mois\u00e9s ouviu a Autorrevela\u00e7\u00e3o: <em><strong>\u201cEU SOU AQUELE QUE EU SOU\u201d!<\/strong><\/em><\/span><\/h2>\n<h2 style=\"text-align: center;\"><span style=\"color: #345057;\">Aparentemente, esta Autorrevela\u00e7\u00e3o havia se dado \u00a0s\u00f3 para Mois\u00e9s, e isto por ser empregado o &#8220;referencial do mundo&#8221;, e n\u00e3o o de Deus. O enfoque absoluto da Verdade desmente esta cren\u00e7a fraudulenta e <em><strong>endossa a Verdade de que \u201cDeus n\u00e3o faz acep\u00e7\u00e3o de pessoas\u201d.<\/strong><\/em> Esta <em><strong>ILUS\u00c3O<\/strong><\/em> n\u00e3o passa de uma &#8220;miragem&#8221; sugerida pela irreal \u201cmente carnal\u201d.<\/span><\/h2>\n<h2 style=\"text-align: center;\"><span style=\"color: #345057;\">A ilus\u00e3o hipn\u00f3tica sugere o seu \u201creferencial do mundo\u201d, e ent\u00e3o projeta ali as suas cren\u00e7as em \u201cmentes pessoais\u201d. Aquele que se sujeitar a estas mentiras se ver\u00e1 frente a frente com o \u201cmundo do pai da mentira\u201d, assim rotulado por Jesus, por ser meramente um \u201cquadro hipn\u00f3tico\u201d, sem subst\u00e2ncia, sem realidade e sem poder. O pr\u00f3prio Jesus passou por esta experi\u00eancia de ser \u201cvisto\u201d pelo &#8220;referencial da mentira&#8221;; e exemplo disso foi aparentar ter vivido\u00a0 a experi\u00eancia similar \u00e0 de Mois\u00e9s. Enquanto Jo\u00e3o Batista o batizava, Jesus tamb\u00e9m ouvia Deus a lhe revelar: <strong><em>\u201cTu \u00e9s o meu filho amado, em quem me comprazo\u201d.<\/em><\/strong><\/span><\/h2>\n<h2 style=\"text-align: center;\"><span style=\"color: #345057;\">Desse modo, nem a experi\u00eancia de Mois\u00e9s nem a de Jesus foram o que aparentaram ser; antes, ambas simbolizavam a VERDADE ABSOLUTA de que. AQUI E AGORA, <em><strong>estamos todos SOB ID\u00caNTICA AUTORREVELA\u00c7\u00c3O DIVINA!<\/strong>\u00a0 <\/em>Por que pareciam ser \u201cexperi\u00eancias pessoais&#8221; de Mois\u00e9s ou de Jesus? Por serem testemunhadas pela ilus\u00f3ria \u201cmente carnal\u201d. O FATO REAL ERA OUTRO! DEUS SENDO O<em><strong> \u201cEU SOU AQUELE QUE SOU\u201d<\/strong> <\/em>COMO MOIS\u00c9S, COMO JESUS E COMO O CRISTO QUE N\u00d3S TODOS AGORA SOMOS!\u00a0 NA &#8220;UNIDADE PERFEITA&#8221;!<\/span><\/h2>\n<h2 style=\"text-align: center;\"><span style=\"color: #345057;\">O\u00a0 conhecimento da Verdade est\u00e1 nesta <strong><em>aceita\u00e7\u00e3o incondicional<\/em> <\/strong>de que <strong><em>DEUS \u00c9 TUDO COMO TUDO!<\/em><\/strong>\u00a0 Por isso, se Mois\u00e9s e Jesus se conheceram sendo Deus, significa\u00a0 que, de alguma forma<em><strong>, \u201cse negaram a si mesmos como carnais\u201d,<\/strong>\u00a0 <\/em>para ficarem\u00a0 <em><strong>abertos \u00e0s Autorrevela\u00e7\u00f5es!<\/strong><\/em><\/span><\/h2>\n<h2 style=\"text-align: center;\"><span style=\"color: #345057;\">Voc\u00ea perceber\u00e1 que O EU QUE VOC\u00ca \u00c9, <strong><em>\u00c9 O EU SOU AQUELE QUE SOU,<\/em> <\/strong>O <strong><em>UNO,<\/em><\/strong> EVIDENCIADO COMO MOIS\u00c9S E JESUS <strong><em>E COMO TODOS OS DEMAIS QUE SE PERCEBERAM ESTANDO ILUMINADOS,<\/em><\/strong><\/span><\/h2>\n<h2 style=\"text-align: center;\"><span style=\"color: #345057;\">POR\u00a0 TEREM <em><strong>NEGADO TERMINANTEMENTE\u00a0<\/strong><\/em> O &#8220;REFERENCIAL DO MUNDO&#8221;\u00a0 POR ADOTAREM O &#8220;REFERENCIAL DA LUZ&#8221;.<\/span><\/h2>\n<h2 style=\"text-align: center;\"><span style=\"color: #345057;\">Aceite com &#8220;cora\u00e7\u00e3o de menino&#8221;: <\/span><\/h2>\n<h2 style=\"text-align: center;\"><span style=\"color: #345057;\"><em><strong>EU N\u00c3O SOU AQUELE QUE N\u00c3O SOU!<\/strong> <\/em>PELO CONTR\u00c1RIO, <em><strong>EU SOU AQUELE QUE SOU!<\/strong>\u00a0 <\/em>LUZ, VERDADE, INTEGRALIDADE, SABEDORIA, VIDA, AMOR E ETERNIDADE!<\/span><\/h2>\n<h2 style=\"text-align: center;\"><span style=\"color: #345057;\">Contemple estas Verdades e se veja ILUMINADO, aqui e agora!\u00a0 <em><strong>DEUS \u00c9 \u00daNICO!<\/strong>\u00a0 <\/em>EVIDENCIA-SE COMO REINO ONIPRESENTE E COMO TODOS OS FILHOS\u00a0 &#8211; EM <em><strong>UNIDADE PERFEITA!<\/strong>\u00a0 <\/em>PORTANTO, JAMAIS SE VEJA COMO \u201cESCURID\u00c3O BUSCANDO LUZ&#8221;! <em><strong>VOC\u00ca \u00c9 A LUZ QUE DESCONHECE\u00a0 ESCURID\u00c3O!<br \/>\n<\/strong><\/em><\/span><\/h2>\n<h2><\/h2>\n<h2 style=\"text-align: center;\"><span style=\"color: #345057;\">AFIRME E RECONHE\u00c7A A VERDADE:<\/span><\/h2>\n<h2 style=\"text-align: center;\"><span style=\"color: #345057;\"><em><strong> &#8220;EU N\u00c3O SOU AQUELE QUE N\u00c3O SOU&#8221;<\/strong><\/em> &#8211; CARNAL NASCIDO- PORQUE <em><strong>&#8220;EU SOU AQUELE QUE SOU&#8221; &#8211;\u00a0<\/strong> <strong>DEUS EVIDENCIADO COMO O CRISTO C\u00d3SMICO!<\/strong><\/em><\/span><\/h2>\n<h2 style=\"text-align: center;\"><span style=\"color: #345057;\">*<\/span><\/h2>\n","protected":false},"excerpt":{"rendered":"<p>\u00a0\u00a0 Tendo a revela\u00e7\u00e3o divina, Mois\u00e9s se viu em \u201csolo santo\u201d, sem a \u201cmente carnal\u201d que o iludia para que se visse no ilus\u00f3rio \u201cMonte Sinai\u201d. Ao ouvir o chamado de Deus, Mois\u00e9s achou que ele lhe vinha &#8220;de fora dele\u201d, e tentou caminhar para &#8220;mais se aproximar de Deus\u201d,\u00a0 no que foi corrigido! DEUS &hellip; <\/p>\n<p class=\"link-more\"><a href=\"https:\/\/www.fachodeluz.blog.br\/wp\/2018\/09\/06\/eu-nao-sou-aquele-que-nao-sou\/\" class=\"more-link\">Leia mais<span class=\"screen-reader-text\"> &#8220;&#8220;EU N\u00c3O SOU AQUELE QUE N\u00c3O SOU!&#8221;&#8221;<\/span><\/a><\/p>\n","protected":false},"author":2,"featured_media":0,"comment_status":"open","ping_status":"closed","sticky":false,"template":"","format":"standard","meta":{"nf_dc_page":"","_crdt_document":"","footnotes":""},"categories":[10],"tags":[],"class_list":["post-22978","post","type-post","status-publish","format-standard","hentry","category-darcio-dezolt"],"featured_media_urls":[],"_links":{"self":[{"href":"https:\/\/www.fachodeluz.blog.br\/wp\/wp-json\/wp\/v2\/posts\/22978","targetHints":{"allow":["GET"]}}],"collection":[{"href":"https:\/\/www.fachodeluz.blog.br\/wp\/wp-json\/wp\/v2\/posts"}],"about":[{"href":"https:\/\/www.fachodeluz.blog.br\/wp\/wp-json\/wp\/v2\/types\/post"}],"author":[{"embeddable":true,"href":"https:\/\/www.fachodeluz.blog.br\/wp\/wp-json\/wp\/v2\/users\/2"}],"replies":[{"embeddable":true,"href":"https:\/\/www.fachodeluz.blog.br\/wp\/wp-json\/wp\/v2\/comments?post=22978"}],"version-history":[{"count":0,"href":"https:\/\/www.fachodeluz.blog.br\/wp\/wp-json\/wp\/v2\/posts\/22978\/revisions"}],"wp:attachment":[{"href":"https:\/\/www.fachodeluz.blog.br\/wp\/wp-json\/wp\/v2\/media?parent=22978"}],"wp:term":[{"taxonomy":"category","embeddable":true,"href":"https:\/\/www.fachodeluz.blog.br\/wp\/wp-json\/wp\/v2\/categories?post=22978"},{"taxonomy":"post_tag","embeddable":true,"href":"https:\/\/www.fachodeluz.blog.br\/wp\/wp-json\/wp\/v2\/tags?post=22978"}],"curies":[{"name":"wp","href":"https:\/\/api.w.org\/{rel}","templated":true}]}}