{"id":23049,"date":"2018-09-18T12:49:29","date_gmt":"2018-09-18T15:49:29","guid":{"rendered":"http:\/\/fachodeluz.blog.br\/wp\/?p=23049"},"modified":"2018-09-18T15:28:30","modified_gmt":"2018-09-18T18:28:30","slug":"contemple-o-infinito-onipresente-como-a-sua-presenca","status":"publish","type":"post","link":"https:\/\/www.fachodeluz.blog.br\/wp\/2018\/09\/18\/contemple-o-infinito-onipresente-como-a-sua-presenca\/","title":{"rendered":"Contemple O  Infinito Onipresente Como A Sua Presen\u00e7a!"},"content":{"rendered":"<h2 style=\"text-align: center;\"><span style=\"color: #993300;\"><a style=\"color: #993300;\" href=\"https:\/\/i0.wp.com\/fachodeluz.blog.br\/wp\/wp-content\/uploads\/2018\/09\/IMG-2018.jpg\"><img data-recalc-dims=\"1\" loading=\"lazy\" decoding=\"async\" loading=\"lazy\" class=\"aligncenter size-full wp-image-23050\" src=\"https:\/\/i0.wp.com\/fachodeluz.blog.br\/wp\/wp-content\/uploads\/2018\/09\/IMG-2018.jpg?resize=455%2C546\" alt=\"\" width=\"455\" height=\"546\" srcset=\"https:\/\/i0.wp.com\/www.fachodeluz.blog.br\/wp\/wp-content\/uploads\/2018\/09\/IMG-2018.jpg?w=455&amp;ssl=1 455w, https:\/\/i0.wp.com\/www.fachodeluz.blog.br\/wp\/wp-content\/uploads\/2018\/09\/IMG-2018.jpg?resize=250%2C300&amp;ssl=1 250w\" sizes=\"auto, (max-width: 455px) 100vw, 455px\" \/><\/a><\/span><\/h2>\n<h2 style=\"text-align: center;\"><span style=\"color: #993300;\">Orando pela humanidade, Jesus salientou que devemos nos ver \u201csendo todos um\u201d, e como UNIDADE PERFEITA! Sabia ser esta a Verdade que somos, por saber que O ABSOLUTO \u00c9 TUDO!<\/span><\/h2>\n<h2 style=\"text-align: center;\"><span style=\"color: #993300;\">A Metaf\u00edsica Absoluta\u00a0 parte \u00a0diretamente desta Verdade consumada , desta \u201cVis\u00e3o do Olho Simples\u201d, ou seja, parte do <em><strong>Referencial divino e permanente de Deus!<\/strong><\/em><\/span><\/h2>\n<h2 style=\"text-align: center;\"><span style=\"color: #993300;\">Quando Jesus fala que \u201cdevemos ser perfeitos em unidade\u201d, <strong><em>\u00e9 porque ASSIM J\u00c1 SOMOS!<\/em><\/strong>\u00a0 Muitos interpretam este &#8220;DEVEMOS SER\u201d\u00a0 como \u201csitua\u00e7\u00e3o a ser realizada\u201d!\u00a0 O FATO \u00c9 REAL AGORA! E SOMENTE EXISTE O AGORA!<\/span><\/h2>\n<h2><\/h2>\n<h2 style=\"text-align: center;\"><span style=\"color: #993300;\">Deus \u00e9 o INFINITO ONIPRESENTE, e SER ONIPRESEN\u00c7A significa\u00a0 SER TODA E \u00daNICA PRESEN\u00c7A REAL!<\/span><\/h2>\n<h2 style=\"text-align: center;\"><span style=\"color: #993300;\"> Quando descartamos \u201cmundo terreno\u201d e \u201chumanos nascidos \u201c, durante a <strong><em>Pr\u00e1tica do Sil\u00eancio,<\/em> <\/strong>estamos, na verdade, \u201cglorificando a Deus\u201d em nosso Reino Espiritual, em nosso Corpo de Luz e em nosso Esp\u00edrito! Unicamente a Mente do Infinito \u00e9 reconhecida como sendo a nossa Mente! Por isso, Paulo disse claramente: <strong><em>\u201cN\u00d3S TEMOS A MENTE DE CRISTO\u201d.<\/em><\/strong><\/span><\/h2>\n<h2 style=\"text-align: center;\"><span style=\"color: #993300;\">Na <em><strong>Pr\u00e1tica do Sil\u00eancio,<\/strong> <\/em>contemple serenamente o INFINITO ONIPRESENTE sendo a PRESEN\u00c7A DO TODO ESPIRITUAL E PERFEITO, E ENT\u00c3O, VOLTE-SE \u00c0 SUA PR\u00d3PRIA PRESEN\u00c7A DEIXANDO DEUS SE REVELAR COMO SENDO ELA! N\u00c3O FORCE A MENTE! APENAS ASSIM RECONHE\u00c7A: <strong><em>\u201cEU SOU AQUILO QUE DEUS \u00c9, SOMENTE O QUE DEUS \u00c9. E TUDO O QUE DEUS \u00c9!&#8221;<\/em><\/strong><\/span><\/h2>\n<h2 style=\"text-align: center;\"><span style=\"color: #993300;\">Nas \u201cSabedorias do Caminho Infinito\u201d, Goldsmith assim disse: <em><strong>\u201cA prece \u00e9 deixar que AQUILO QUE \u00c9 se revele\u201d.\u00a0<\/strong><\/em> <\/span><\/h2>\n<h2><\/h2>\n<h2 style=\"text-align: center;\"><span style=\"color: #993300;\"><em><strong>DEUS \u00c9 AQUILO QUE \u00c9; VOC\u00ca \u00c9 AQUILO QUE \u00c9; PORTANTO, A PRECE \u00c9 DEUS SE REVELANDO COMO TUDO E COMO O CRISTO QUE VOC\u00ca \u00c9!<\/strong><\/em><\/span><\/h2>\n<h2 style=\"text-align: center;\"><span style=\"color: #993300;\">Voc\u00ea jamais nasce e jamais morre! Voc\u00ea jamais vive em mundo material Por qu\u00ea? POR EXISTIR COMO \u201cUNIDADE ESPIRITUAL \u00a0PERFEITA\u201d E SER A \u201cONIPRESEN\u00c7A DIVINA\u201d <em><strong>ONDE A SUA PRESEN\u00c7A\u00a0 AGORA SE EVIDENCIA!<\/strong><\/em><\/span><\/h2>\n<h2><\/h2>\n<h2 style=\"text-align: center;\"><span style=\"color: #993300;\">A \u201ctroca de referencial\u201d, do ilus\u00f3rio e humano para o real e divino, desfaz pela raiz o que, no budismo, \u00e9 denominado \u201cpensamento invertido\u201d, ou seja, a CREN\u00c7A EM MUNDO FENOM\u00caNICO COMO REALIDADE PRESENTE,\u00a0 E A CREN\u00c7A EM REINO DIVINO \u00a0\u00a0COMO AUSENTE!\u00a0 <\/span><\/h2>\n<h2 style=\"text-align: center;\"><span style=\"color: #993300;\">O enfoque absoluto\u00a0 ANULA a invers\u00e3o ilus\u00f3ria, <em><strong>partindo de DEUS COMO \u00daNICA PRESEN\u00c7A. \u00daNICO PODER E \u00daNICA EVID\u00caNCIA!<\/strong> <\/em><\/span><\/h2>\n<h2 style=\"text-align: center;\"><span style=\"color: #993300;\">*<br \/>\n<\/span><\/h2>\n","protected":false},"excerpt":{"rendered":"<p>Orando pela humanidade, Jesus salientou que devemos nos ver \u201csendo todos um\u201d, e como UNIDADE PERFEITA! Sabia ser esta a Verdade que somos, por saber que O ABSOLUTO \u00c9 TUDO! A Metaf\u00edsica Absoluta\u00a0 parte \u00a0diretamente desta Verdade consumada , desta \u201cVis\u00e3o do Olho Simples\u201d, ou seja, parte do Referencial divino e permanente de Deus! Quando &hellip; <\/p>\n<p class=\"link-more\"><a href=\"https:\/\/www.fachodeluz.blog.br\/wp\/2018\/09\/18\/contemple-o-infinito-onipresente-como-a-sua-presenca\/\" class=\"more-link\">Leia mais<span class=\"screen-reader-text\"> &#8220;Contemple O  Infinito Onipresente Como A Sua Presen\u00e7a!&#8221;<\/span><\/a><\/p>\n","protected":false},"author":2,"featured_media":0,"comment_status":"open","ping_status":"closed","sticky":false,"template":"","format":"standard","meta":{"nf_dc_page":"","_crdt_document":"","footnotes":""},"categories":[10],"tags":[],"class_list":["post-23049","post","type-post","status-publish","format-standard","hentry","category-darcio-dezolt"],"featured_media_urls":[],"_links":{"self":[{"href":"https:\/\/www.fachodeluz.blog.br\/wp\/wp-json\/wp\/v2\/posts\/23049","targetHints":{"allow":["GET"]}}],"collection":[{"href":"https:\/\/www.fachodeluz.blog.br\/wp\/wp-json\/wp\/v2\/posts"}],"about":[{"href":"https:\/\/www.fachodeluz.blog.br\/wp\/wp-json\/wp\/v2\/types\/post"}],"author":[{"embeddable":true,"href":"https:\/\/www.fachodeluz.blog.br\/wp\/wp-json\/wp\/v2\/users\/2"}],"replies":[{"embeddable":true,"href":"https:\/\/www.fachodeluz.blog.br\/wp\/wp-json\/wp\/v2\/comments?post=23049"}],"version-history":[{"count":0,"href":"https:\/\/www.fachodeluz.blog.br\/wp\/wp-json\/wp\/v2\/posts\/23049\/revisions"}],"wp:attachment":[{"href":"https:\/\/www.fachodeluz.blog.br\/wp\/wp-json\/wp\/v2\/media?parent=23049"}],"wp:term":[{"taxonomy":"category","embeddable":true,"href":"https:\/\/www.fachodeluz.blog.br\/wp\/wp-json\/wp\/v2\/categories?post=23049"},{"taxonomy":"post_tag","embeddable":true,"href":"https:\/\/www.fachodeluz.blog.br\/wp\/wp-json\/wp\/v2\/tags?post=23049"}],"curies":[{"name":"wp","href":"https:\/\/api.w.org\/{rel}","templated":true}]}}