{"id":23109,"date":"2018-09-28T13:03:43","date_gmt":"2018-09-28T16:03:43","guid":{"rendered":"http:\/\/fachodeluz.blog.br\/wp\/?p=23109"},"modified":"2018-09-28T13:56:17","modified_gmt":"2018-09-28T16:56:17","slug":"de-bom-grado-o-pai-vos-concedeu-o-seu-reino","status":"publish","type":"post","link":"https:\/\/www.fachodeluz.blog.br\/wp\/2018\/09\/28\/de-bom-grado-o-pai-vos-concedeu-o-seu-reino\/","title":{"rendered":"&#8220;De Bom Grado O Pai Vos Concedeu O Seu Reino!&#8221;"},"content":{"rendered":"<h2 style=\"text-align: center;\"><span style=\"color: #993300;\"><a style=\"color: #993300;\" href=\"https:\/\/i0.wp.com\/fachodeluz.blog.br\/wp\/wp-content\/uploads\/2018\/09\/Children-A.jpg\"><img data-recalc-dims=\"1\" loading=\"lazy\" decoding=\"async\" loading=\"lazy\" class=\"aligncenter size-full wp-image-23110\" src=\"https:\/\/i0.wp.com\/fachodeluz.blog.br\/wp\/wp-content\/uploads\/2018\/09\/Children-A.jpg?resize=455%2C480\" alt=\"\" width=\"455\" height=\"480\" srcset=\"https:\/\/i0.wp.com\/www.fachodeluz.blog.br\/wp\/wp-content\/uploads\/2018\/09\/Children-A.jpg?w=455&amp;ssl=1 455w, https:\/\/i0.wp.com\/www.fachodeluz.blog.br\/wp\/wp-content\/uploads\/2018\/09\/Children-A.jpg?resize=284%2C300&amp;ssl=1 284w\" sizes=\"auto, (max-width: 455px) 100vw, 455px\" \/><\/a><\/span><\/h2>\n<h2><\/h2>\n<h3 style=\"text-align: center;\"><span style=\"color: #993300;\"><em>\u201cNada temais, pequeno rebanho, pois de bom grado o Pai vos concedeu o seu Reino\u201d.<\/em> <\/span><\/h3>\n<h3 style=\"text-align: center;\"><span style=\"color: #993300;\">Lucas 12: 32<\/span><\/h3>\n<p>&nbsp;<\/p>\n<h2 style=\"text-align: center;\"><span style=\"color: #993300;\">O grande \u201ctrote\u201d passado pela \u201cmente carnal\u201d \u00e0 humanidade se chama \u201cvida em mundo material\u201d.\u00a0 Buda, antes de ter\u00a0 recebido a revela\u00e7\u00e3o da Verdade, revoltou-se ao conhecer as cren\u00e7as de nascimento, sofrimento e morte! Deixou\u00a0 sua fam\u00edlia, o castelo do pai em que vivia, e saiu em busca de uma \u201cresposta convincente\u201d que livrasse a humanidade de tais &#8220;pesadelos terrenos&#8221;, pois lhe pareciam ser reais! Tendo a revela\u00e7\u00e3o, conheceu O REINO REAL em que sempre esteve de fato vivendo, e em vista disso, ficou ciente de que o suposto \u201cmundo fenom\u00eanico\u201d jamais teve realidade!\u00a0 Era uma ILUS\u00c3O COLETIVA! Quem era o rei, visto como o \u201cpai dele\u201d? Imagem integrante da ILUS\u00c3O! Que era o castelo do pai?\u00a0 E quem era ele, como pr\u00edncipe \u00a0herdeiro do trono do pai? \u00a0Eram todos imagens integrantes da mesma ILUS\u00c3O! \u00a0ESTAVA CONHECIDA A VERDADE: <\/span><\/h2>\n<h2 style=\"text-align: center;\"><span style=\"color: #993300;\"><strong><em>TUDO J\u00c1 \u00c9 PERFEI\u00c7\u00c3O ILUMINADA ! O FEN\u00d4MENO N\u00c3O EXISTE!<\/em><\/strong><\/span><\/h2>\n<h2 style=\"text-align: center;\"><span style=\"color: #993300;\">Que fez a humanidade com a revela\u00e7\u00e3o? NADA! Apenas fundou variadas \u201cdenomina\u00e7\u00f5es budistas&#8221; no \u201cmundo fenom\u00eanico\u201d. Sem buscar \u201cREINO ILUMINADO&#8221; ALGUM\u201d!<\/span><\/h2>\n<h2 style=\"text-align: center;\"><span style=\"color: #993300;\">Tempos depois, Cristo Jesus \u00a0igualmente propagou ao mundo a mesma Verdade: \u00a0<strong><em>\u201cNada temais, pequeno rebanho, pois de bom grado o Pai vos concedeu o seu Reino\u201d.<\/em> <\/strong>A humanidade se interessou? Acreditou? N\u00e3o! S\u00f3 encheu o \u201cmundo material\u201d de igrejas, seitas e denomina\u00e7\u00f5es crist\u00e3s! Mas Jesus j\u00e1 deixava bem claro que \u201ceste mundo\u201d era para \u201cser vencido\u201d, por n\u00e3o passar de um \u201cmundo do pai da mentira&#8221;, um \u201ctrote\u201d passado \u00e0\u00a0 humanidade, mas que continua sendo visto e acreditado como realidade!<\/span><\/h2>\n<h2 style=\"text-align: center;\"><span style=\"color: #993300;\">Joel S. Goldsmith, ap\u00f3s d\u00e9cadas de &#8220;pr\u00e1tica de cura metaf\u00edsica&#8221;\u2019 e de palestras feitas sobre a Verdade, disse o seguinte:<em><strong> \u201cN\u00e3o queira salvar o mundo, porque o mundo n\u00e3o quer ser salvo\u201d.<\/strong><\/em><\/span><\/h2>\n<h2><\/h2>\n<h2 style=\"text-align: center;\"><span style=\"color: #993300;\">A Verdade n\u00e3o aceita o<em><strong> \u201cservir a dois senhores\u201d,<\/strong> <\/em>pois isto seria endossar a ILUS\u00c3O\u00a0 de que existam \u201cdois poderes\u201d, a CREN\u00c7A NOS PARES DE OPOSTOS, O BEM E O MAL! <\/span><\/h2>\n<h2 style=\"text-align: center;\"><span style=\"color: #993300;\">Desse modo, para exemplificar, em vez de algu\u00e9m \u201ccontemplar seu Corpo Real Eterno\u201d, reconhece a &#8220;ILUS\u00c3O DE CORPO F\u00cdSICO\u201d,\u00a0 e vive praticamente buscando faz\u00ea-lo durar o m\u00e1ximo de tempo poss\u00edvel\u201d!\u00a0 Por certo encontraremos,\u00a0 entre pessoas assim, v\u00e1rios \u201ccrist\u00e3os\u201d ou \u201cbudistas\u201d, que se posicionam em postura de Lotus, ou que se ajoelham em altares de igrejas, plenamente convictos de que \u201co mundo fenom\u00eanico\u201d existe, de que \u201ca mat\u00e9ria existe&#8221;, e de que s\u00e3o &#8220;carnais&#8221;!<\/span><\/h2>\n<h2 style=\"text-align: center;\"><span style=\"color: #993300;\">ENQUANTO A VERDADE ABSOLUTA N\u00c3O FOR ACREDITADA, TUDO SER\u00c1 COMO SE NENHUMA REVELA\u00c7\u00c3O TIVESSE SIDO DADA \u00c0 HUMANIDADE!\u00a0 E DESSE MODO,\u00a0\u00a0 CASO FOR PERGUNTADO SOBRE\u00a0 O <strong><em>\u201cNIRVANA&#8221;,\u00a0<\/em><\/strong> OU SOBRE O <strong><em>\u201cREINO DE DEUS\u201d,<\/em> <em>\u201cNINGU\u00c9M SABE, NINGU\u00c9M VIU\u201d!<\/em> <\/strong><\/span><\/h2>\n<h2 style=\"text-align: center;\"><span style=\"color: #993300;\">E\u00a0 SE ALGU\u00c9M DISSER \u201cT\u00ca-LO VISTO\u201d, PODER\u00c1 OUVIR: <strong><em>\u201cMAS SER\u00c1 QUE VOC\u00ca N\u00c3O ESTAVA SONHANDO?\u201d<\/em><\/strong>\u00a0 <\/span><\/h2>\n<h2><\/h2>\n<h2 style=\"text-align: center;\"><span style=\"color: #993300;\">MAS, QUEM SONHA \u00c9 A HUMANIDADE, MESMO TENDO JESUS DITO CLARAMENTE:<\/span><\/h2>\n<h2 style=\"text-align: center;\"><em><span style=\"color: #993300;\"><strong> &#8220;DE BOM GRADO O PAI VOS CONCEDEU O SEU REINO!\u201d<\/strong> <\/span><\/em><\/h2>\n<h2 style=\"text-align: center;\"><span style=\"color: #993300;\">*<\/span><\/h2>\n","protected":false},"excerpt":{"rendered":"<p>\u201cNada temais, pequeno rebanho, pois de bom grado o Pai vos concedeu o seu Reino\u201d. Lucas 12: 32 &nbsp; O grande \u201ctrote\u201d passado pela \u201cmente carnal\u201d \u00e0 humanidade se chama \u201cvida em mundo material\u201d.\u00a0 Buda, antes de ter\u00a0 recebido a revela\u00e7\u00e3o da Verdade, revoltou-se ao conhecer as cren\u00e7as de nascimento, sofrimento e morte! Deixou\u00a0 sua &hellip; <\/p>\n<p class=\"link-more\"><a href=\"https:\/\/www.fachodeluz.blog.br\/wp\/2018\/09\/28\/de-bom-grado-o-pai-vos-concedeu-o-seu-reino\/\" class=\"more-link\">Leia mais<span class=\"screen-reader-text\"> &#8220;&#8220;De Bom Grado O Pai Vos Concedeu O Seu Reino!&#8221;&#8221;<\/span><\/a><\/p>\n","protected":false},"author":2,"featured_media":0,"comment_status":"open","ping_status":"closed","sticky":false,"template":"","format":"standard","meta":{"nf_dc_page":"","_crdt_document":"","footnotes":""},"categories":[10],"tags":[],"class_list":["post-23109","post","type-post","status-publish","format-standard","hentry","category-darcio-dezolt"],"featured_media_urls":[],"_links":{"self":[{"href":"https:\/\/www.fachodeluz.blog.br\/wp\/wp-json\/wp\/v2\/posts\/23109","targetHints":{"allow":["GET"]}}],"collection":[{"href":"https:\/\/www.fachodeluz.blog.br\/wp\/wp-json\/wp\/v2\/posts"}],"about":[{"href":"https:\/\/www.fachodeluz.blog.br\/wp\/wp-json\/wp\/v2\/types\/post"}],"author":[{"embeddable":true,"href":"https:\/\/www.fachodeluz.blog.br\/wp\/wp-json\/wp\/v2\/users\/2"}],"replies":[{"embeddable":true,"href":"https:\/\/www.fachodeluz.blog.br\/wp\/wp-json\/wp\/v2\/comments?post=23109"}],"version-history":[{"count":0,"href":"https:\/\/www.fachodeluz.blog.br\/wp\/wp-json\/wp\/v2\/posts\/23109\/revisions"}],"wp:attachment":[{"href":"https:\/\/www.fachodeluz.blog.br\/wp\/wp-json\/wp\/v2\/media?parent=23109"}],"wp:term":[{"taxonomy":"category","embeddable":true,"href":"https:\/\/www.fachodeluz.blog.br\/wp\/wp-json\/wp\/v2\/categories?post=23109"},{"taxonomy":"post_tag","embeddable":true,"href":"https:\/\/www.fachodeluz.blog.br\/wp\/wp-json\/wp\/v2\/tags?post=23109"}],"curies":[{"name":"wp","href":"https:\/\/api.w.org\/{rel}","templated":true}]}}