{"id":23242,"date":"2018-10-20T12:40:46","date_gmt":"2018-10-20T15:40:46","guid":{"rendered":"http:\/\/fachodeluz.blog.br\/wp\/?p=23242"},"modified":"2018-10-20T12:57:09","modified_gmt":"2018-10-20T15:57:09","slug":"lazaro-sai-para-fora","status":"publish","type":"post","link":"https:\/\/www.fachodeluz.blog.br\/wp\/2018\/10\/20\/lazaro-sai-para-fora\/","title":{"rendered":"\u201cL\u00c1ZARO; SAI PARA FORA!\u201d"},"content":{"rendered":"<h2 style=\"text-align: center;\"><span style=\"color: #80187c;\"><a style=\"color: #80187c;\" href=\"https:\/\/i0.wp.com\/fachodeluz.blog.br\/wp\/wp-content\/uploads\/2018\/10\/LAZARUS-1A.jpg\"><img data-recalc-dims=\"1\" loading=\"lazy\" decoding=\"async\" loading=\"lazy\" class=\"aligncenter size-full wp-image-23243\" src=\"https:\/\/i0.wp.com\/fachodeluz.blog.br\/wp\/wp-content\/uploads\/2018\/10\/LAZARUS-1A.jpg?resize=510%2C287\" alt=\"\" width=\"510\" height=\"287\" srcset=\"https:\/\/i0.wp.com\/www.fachodeluz.blog.br\/wp\/wp-content\/uploads\/2018\/10\/LAZARUS-1A.jpg?w=510&amp;ssl=1 510w, https:\/\/i0.wp.com\/www.fachodeluz.blog.br\/wp\/wp-content\/uploads\/2018\/10\/LAZARUS-1A.jpg?resize=300%2C169&amp;ssl=1 300w\" sizes=\"auto, (max-width: 510px) 100vw, 510px\" \/><\/a><\/span><\/h2>\n<h2 style=\"text-align: center;\"><span style=\"color: #80187c;\">O suposto \u201cmundo material\u201d, t\u00e3o preocupante e levado a s\u00e9rio pela humanidade, \u00e9 t\u00e3o verdadeiro quanto a<em>\u201cTerra do Nunca\u201d<\/em>, em que Peter Pan\u00a0 encara e enfrenta o Capit\u00e3o Gancho e seus piratas. Que \u00e9 a TERRA DO NUNCA?\u00a0 Um \u201cdesenho animado\u201d, uma \u201cfic\u00e7\u00e3o com dois poderes&#8221;, inventada pela ilus\u00f3ria \u201cmente humana\u201d com o prop\u00f3sito de se fazer passar por \u201crealidade\u201d, quando exposta a espectadores que nela acreditem e se deixem mover emocionalmente.<\/span><\/h2>\n<h2><\/h2>\n<h2 style=\"text-align: center;\"><span style=\"color: #80187c;\">Se o desenho for exibido uma vez, produzir\u00e1 um efeito\u00a0 maior de \u201cparecer real\u201d\u00a0 \u00e0queles que o assistirem; e quanto mais for \u00a0sendo repetido ao mesmo p\u00fablico, menos\u00a0 este \u201cefeito ilus\u00f3rio\u201d se manifestar\u00e1. Por qu\u00ea? Porque a cada \u201crepeti\u00e7\u00e3o\u201d, a ILUS\u00c3O DE SER REAL vai perdendo sua influ\u00eancia hipn\u00f3tica, a ponto de uma \u201cluta de Peter Pan com o Capit\u00e3o Gancho\u201d, numa d\u00e9cima repeti\u00e7\u00e3o, n\u00e3o causar\u00e1 praticamente impacto nenhum!<\/span><\/h2>\n<h2><\/h2>\n<h2 style=\"text-align: center;\"><span style=\"color: #80187c;\">O suposto \u201cmundo material\u201d poderia ser chamado\u00a0 de \u201cTerra do Nunca 2!. ISTO POR \u201cNUNCA&#8221; TER TIDO REALIDADE\u201d! A diferen\u00e7a<\/span><\/h2>\n<h2 style=\"text-align: center;\"><span style=\"color: #80187c;\">\u00a0entre ele e o \u201cTerra do Nunca 1\u201d \u00e9 a seguinte: ILUDE COM UM \u201cDESENHO ANIMADO\u201d SEMPRE SE MOSTRANDO IN\u00c9DITO!\u00a0 Entretanto, MESMO que se alterem a cada segundo as suas \u201cimagens hipn\u00f3ticas\u201d,\u00a0 continuar\u00e1 sendo puramente ILUS\u00c3O HIPN\u00d3TICA: UMA\u00a0 &#8220;TERRA DO NUNCA, &#8221; QUE <strong><em>JAMAIS<\/em><\/strong> TEVE OU TEM\u00a0 &#8220;EXIST\u00caNCIA REAL\u201d!<\/span><\/h2>\n<h2 style=\"text-align: center;\"><span style=\"color: #80187c;\">Na suposta \u201cmorte de L\u00e1zaro&#8221;, Jesus momentaneamente se deixou envolver pelo \u201ccen\u00e1rio hipn\u00f3tico\u201d.\u00a0 A B\u00edblia assim registra: <\/span><\/h2>\n<h2><\/h2>\n<h3 style=\"text-align: center;\"><span style=\"color: #80187c;\"><em>&#8220;Tendo, pois, Maria chegado aonde Jesus estava, e vendo-o, lan\u00e7ou-se aos seus p\u00e9s, dizendo-lhe: Senhor, se tu estivesses aqui, meu<\/em> irm\u00e3o n\u00e3o teria morrido.<\/span><\/h3>\n<h3 style=\"text-align: center;\" data-aid=\"124590663\"><span style=\"color: #80187c;\">\u00a0<em>Jesus, pois, vendo-a chorar, e os judeus que com ela vinham tamb\u00e9m chorando, moveu-se muito em esp\u00edrito, e perturbou-se.<\/em><\/span><\/h3>\n<h3 style=\"text-align: center;\" data-aid=\"124590666\"><span style=\"color: #80187c;\"><em>\u00a0E disse: Onde o pusestes? Disseram-lhe: Senhor,<\/em> vem, e v\u00ea.<\/span><\/h3>\n<h3 style=\"text-align: center;\" data-aid=\"124590669\"><span style=\"color: #80187c;\">\u00a0<em><strong>Jesus chorou.<\/strong><\/em><\/span><\/h3>\n<h3 style=\"text-align: center;\" data-aid=\"124590671\"><span style=\"color: #80187c;\"><em>\u00a0Disseram, pois, os judeus: Vede como o amava!<\/em><\/span><\/h3>\n<h3 style=\"text-align: center;\" data-aid=\"124590673\"><span style=\"color: #80187c;\"><em>\u00a0E alguns deles disseram: N\u00e3o podia ele, que abriu os olhos ao cego, fazer tamb\u00e9m com que este n\u00e3o morresse?<\/em><\/span><\/h3>\n<h3 style=\"text-align: center;\" data-aid=\"124590676\"><span style=\"color: #80187c;\">\u00a0J<em>esus, pois, <strong>movendo-se outra vez muito em si mesmo,<\/strong> foi ao sepulcro; e era uma caverna, e tinha uma pedra posta sobre ela.<\/em><\/span><\/h3>\n<h3 style=\"text-align: center;\" data-aid=\"124590679\"><span style=\"color: #80187c;\"><em>Disse Jesus: Tirai a pedra. Marta, irm\u00e3 do morto,<\/em> <em>disse-lhe: Senhor, j\u00e1 cheira mal, porque j\u00e1 \u00e9 de quatro dias.<\/em><\/span><\/h3>\n<h3 style=\"text-align: center;\" data-aid=\"124590681\"><span style=\"color: #80187c;\">\u00a0<em>Disse-lhe Jesus: N\u00e3o te disse eu que, se creres, ver\u00e1s a gl\u00f3ria de Deus?<\/em><\/span><\/h3>\n<h3 style=\"text-align: center;\"><span style=\"color: #80187c;\"><em>Jesus, <strong>MOVENDO-SE OUTRA VEZ MUITO EM SI MESMO,<\/strong> ap\u00f3s ser retirada a pedra de onde o \u201cmorto jazia\u201d, clamou com grande voz: \u201c<strong>L\u00c1ZARO; SAI PARA FORA!\u201d.,<\/strong> E o que estava morto saiu, tendo as<\/em> <em>m\u00e3os e os p\u00e9s atados com faixas, e o seu rosto envolto num len\u00e7o. Disse-lhes Jesus: <strong>Desatai-o, e deixai-o ir.\u201d<\/strong><\/em><\/span><\/h3>\n<h2 style=\"text-align: center;\"><span style=\"color: #80187c;\">Jesus era o \u00daNICO,\u00a0 ali presente, a VER\u00a0 L\u00c1ZARO VERDADEIRAMENTE, n\u00e3o no \u201cdesenho animado\u201d chamado \u201cmundo do pai da mentira\u201d, mas, <em><strong>EM DEUS E SENDO DEUS!<\/strong>\u00a0 <\/em>Para isso, JESUS TROCOU DE REFERENCIAL, DEIXANDO O ILUS\u00d3RIO <strong><em>REFERENCIAL DO MUNDO<\/em><\/strong>\u00a0 PARA ADOTAR O <strong><em>REFERENCIAL REAL E DIVINO:<\/em> <\/strong><\/span><\/h2>\n<h2><\/h2>\n<h2 style=\"text-align: center;\"><span style=\"color: #80187c;\"><strong><em>&#8220;E Jesus, levantando os olhos para o c\u00e9u, disse: Pai, gra\u00e7as te dou por me haveres ouvido. Pois eu bem sei que sempre me ouves, mas eu disse isso por causa da<\/em> <\/strong><em>multid\u00e3o que est\u00e1 em redor, para que creiam que tu me enviaste\u201d.<\/em><\/span><\/h2>\n<h2><\/h2>\n<h2 style=\"text-align: center;\"><span style=\"color: #80187c;\"><strong><em>DEUS \u00c9 TUDO, VIDA\u00a0 \u00daNICA,\u00a0 A NOSSA VIDA ETERNA E ONIPRESENTE,\u00a0 EVIDENCIADA COMO O SEU REINO INFINITO!<\/em> <\/strong><\/span><\/h2>\n<h2><\/h2>\n<h2 style=\"text-align: center;\"><span style=\"color: #80187c;\">O SUPOSTO \u201cMUNDO MATERIAL\u201d \u00c9 MERO <em><strong>\u201cEMBUSTE\u00a0 HIPN\u00d3TICO SEM VIDA\u201d,<\/strong><\/em> SUGERIDO PELA \u201cMENTE CARNAL\u201d, <em><strong>QUE\u00a0 JAMAIS ESTEVE SENDO A NOSSA MENTE!<br \/>\n<\/strong><\/em><\/span><\/h2>\n<h2 style=\"text-align: center;\"><span style=\"color: #80187c;\">A chamada \u201cressurrei\u00e7\u00e3o de L\u00e1zaro&#8221; \u00e9 EXEMPLO da Vis\u00e3o Absoluta da TOTALIDADE DE DEUS ! <\/span><\/h2>\n<h2><\/h2>\n<h2 style=\"text-align: center;\"><span style=\"color: #80187c;\">Com a &#8220;MENTE DE CRISTO\u201d, CONTEMPLAMOS A VIDA PERMANENTE COMO <strong><em>\u201cUNIDADE PERFEITA\u201d,<\/em>\u00a0 <\/strong>SEM LEVAR EM CONTA AS <em><strong>\u201cAPAR\u00caNCIAS\u201d<\/strong>\u00a0 <\/em>DE NASCIMENTO E MORTE, E SEM NOS PERMITIR ILUDIR PELA \u201cCREN\u00c7A FRAUDULENTA&#8221;\u00a0 DE QUE &#8220;<strong><em>HAJA VIDA NA MAT\u00c9RIA&#8221;<\/em> <\/strong><\/span><\/h2>\n<h2 style=\"text-align: center;\"><span style=\"color: #80187c;\">*<\/span><\/h2>\n","protected":false},"excerpt":{"rendered":"<p>O suposto \u201cmundo material\u201d, t\u00e3o preocupante e levado a s\u00e9rio pela humanidade, \u00e9 t\u00e3o verdadeiro quanto a\u201cTerra do Nunca\u201d, em que Peter Pan\u00a0 encara e enfrenta o Capit\u00e3o Gancho e seus piratas. Que \u00e9 a TERRA DO NUNCA?\u00a0 Um \u201cdesenho animado\u201d, uma \u201cfic\u00e7\u00e3o com dois poderes&#8221;, inventada pela ilus\u00f3ria \u201cmente humana\u201d com o prop\u00f3sito de &hellip; <\/p>\n<p class=\"link-more\"><a href=\"https:\/\/www.fachodeluz.blog.br\/wp\/2018\/10\/20\/lazaro-sai-para-fora\/\" class=\"more-link\">Leia mais<span class=\"screen-reader-text\"> &#8220;\u201cL\u00c1ZARO; SAI PARA FORA!\u201d&#8221;<\/span><\/a><\/p>\n","protected":false},"author":2,"featured_media":0,"comment_status":"open","ping_status":"closed","sticky":false,"template":"","format":"standard","meta":{"nf_dc_page":"","_crdt_document":"","footnotes":""},"categories":[10],"tags":[],"class_list":["post-23242","post","type-post","status-publish","format-standard","hentry","category-darcio-dezolt"],"featured_media_urls":[],"_links":{"self":[{"href":"https:\/\/www.fachodeluz.blog.br\/wp\/wp-json\/wp\/v2\/posts\/23242","targetHints":{"allow":["GET"]}}],"collection":[{"href":"https:\/\/www.fachodeluz.blog.br\/wp\/wp-json\/wp\/v2\/posts"}],"about":[{"href":"https:\/\/www.fachodeluz.blog.br\/wp\/wp-json\/wp\/v2\/types\/post"}],"author":[{"embeddable":true,"href":"https:\/\/www.fachodeluz.blog.br\/wp\/wp-json\/wp\/v2\/users\/2"}],"replies":[{"embeddable":true,"href":"https:\/\/www.fachodeluz.blog.br\/wp\/wp-json\/wp\/v2\/comments?post=23242"}],"version-history":[{"count":0,"href":"https:\/\/www.fachodeluz.blog.br\/wp\/wp-json\/wp\/v2\/posts\/23242\/revisions"}],"wp:attachment":[{"href":"https:\/\/www.fachodeluz.blog.br\/wp\/wp-json\/wp\/v2\/media?parent=23242"}],"wp:term":[{"taxonomy":"category","embeddable":true,"href":"https:\/\/www.fachodeluz.blog.br\/wp\/wp-json\/wp\/v2\/categories?post=23242"},{"taxonomy":"post_tag","embeddable":true,"href":"https:\/\/www.fachodeluz.blog.br\/wp\/wp-json\/wp\/v2\/tags?post=23242"}],"curies":[{"name":"wp","href":"https:\/\/api.w.org\/{rel}","templated":true}]}}