{"id":23365,"date":"2018-11-09T11:54:33","date_gmt":"2018-11-09T13:54:33","guid":{"rendered":"http:\/\/fachodeluz.blog.br\/wp\/?p=23365"},"modified":"2018-11-09T15:10:31","modified_gmt":"2018-11-09T17:10:31","slug":"23365","status":"publish","type":"post","link":"https:\/\/www.fachodeluz.blog.br\/wp\/2018\/11\/09\/23365\/","title":{"rendered":"EU SOU A VERDADE!"},"content":{"rendered":"<h2><span style=\"color: #912323;\"><a style=\"color: #912323;\" href=\"https:\/\/i0.wp.com\/fachodeluz.blog.br\/wp\/wp-content\/uploads\/2018\/11\/HAJA-LUZ-A.jpg\"><img data-recalc-dims=\"1\" loading=\"lazy\" decoding=\"async\" loading=\"lazy\" class=\"size-full wp-image-23366 aligncenter\" src=\"https:\/\/i0.wp.com\/fachodeluz.blog.br\/wp\/wp-content\/uploads\/2018\/11\/HAJA-LUZ-A.jpg?resize=520%2C347\" alt=\"\" width=\"520\" height=\"347\" srcset=\"https:\/\/i0.wp.com\/www.fachodeluz.blog.br\/wp\/wp-content\/uploads\/2018\/11\/HAJA-LUZ-A.jpg?w=520&amp;ssl=1 520w, https:\/\/i0.wp.com\/www.fachodeluz.blog.br\/wp\/wp-content\/uploads\/2018\/11\/HAJA-LUZ-A.jpg?resize=300%2C200&amp;ssl=1 300w\" sizes=\"auto, (max-width: 520px) 100vw, 520px\" \/><\/a><\/span><\/h2>\n<h2 style=\"text-align: center;\"><span style=\"color: #912323; font-family: tahoma, arial, helvetica, sans-serif; font-size: large;\">A Verdade \u00e9 \u201cestudada\u201d pela nossa identifica\u00e7\u00e3o com seus princ\u00edpios, como Jesus fez ao afirmar: <em>\u201cEu SOU a Verdade\u201d.<\/em> Esta identifica\u00e7\u00e3o n\u00e3o \u00e9 com esfor\u00e7o mental e sim por\u00a0 serena constata\u00e7\u00e3o de que DEUS, <em>SENDO TUDO,<\/em> \u00c9 A VERDADE QUE <em>VOC\u00ca \u00c9!<\/em><\/span><\/h2>\n<h2 style=\"text-align: center;\"><span style=\"color: #912323; font-family: tahoma, arial, helvetica, sans-serif; font-size: large;\">Quando um artigo focaliza um tema, dizendo que ele deve ser <em>contemplado,<\/em> est\u00e1, de fato, lhe dizendo: ESTA VERDADE \u00c9 VOC\u00ca! <em>IDENTIFIQUE-SE COM ELA!<\/em><br \/>\n<\/span><\/h2>\n<h2 style=\"text-align: center;\"><span style=\"color: #912323; font-family: tahoma, arial, helvetica, sans-serif; font-size: large;\">Sem haver uma total identifica\u00e7\u00e3o com as revela\u00e7\u00f5es, as contempla\u00e7\u00f5es n\u00e3o poder\u00e3o ser feitas como deveriam; por isso, \u00e9 preciso pass\u00e1-las para a primeira pessoa e em tempo presente! Se \u00e9 dito: \u201cSois a Luz do mundo\u201d, contemple: <em>\u201cEu SOU a Luz do mundo\u201d;<\/em> se \u00e9 dito: \u201cCristo \u00e9 tudo em todos\u201d, contemple:<em> \u201cO Cristo \u00e9 TUDO que EU SOU\u201d;<\/em> se \u00e9 dito que \u201ctemos a gl\u00f3ria de ser um com Deus\u201d,, contemple: <em>\u201cEu SOU um com Deus\u201d;<\/em> se \u00e9 dito que \u201ctemos a Mente de Cristo\u201d, contemple:<em> \u201cA minha Mente \u00e9 a Mente de Cristo\u201d,<\/em> e assim por diante!<\/span><\/h2>\n<h2 style=\"text-align: center;\"><span style=\"color: #912323; font-family: tahoma, arial, helvetica, sans-serif; font-size: large;\">Por esse motivo,\u00a0 h\u00e1 as \u201ccontempla\u00e7\u00f5es r\u00e1pidas\u201d, que fazemos a qualquer instante, mas h\u00e1, tamb\u00e9m, aquelas que se mostrar\u00e3o mais demoradas, isto \u00e9, \u00a0as que tomar\u00e3o este tempo de real \u00a0<em>identifica\u00e7\u00e3o<\/em> com os princ\u00edpios.<\/span><\/h2>\n<h2 style=\"text-align: center;\"><span style=\"color: #912323; font-family: tahoma, arial, helvetica, sans-serif; font-size: large;\"><em>DEUS \u00c9 TUDO!<\/em> Contemple Sua Onipresen\u00e7a, Sua Onipot\u00eancia, Suas Onisci\u00eancia e Sua Oniatividade,\u00a0 e \u00a0dentro deste esquema\u00a0 radical de <em>AUTOIDENTIFICA\u00c7\u00c3O:<\/em><\/span><\/h2>\n<h2 style=\"text-align: center;\"><span style=\"color: #912323; font-family: tahoma, arial, helvetica, sans-serif; font-size: large;\"><em>\u201cEu SOU a Presen\u00e7a de Deus; <\/em><\/span><\/h2>\n<h2 style=\"text-align: center;\"><span style=\"color: #912323; font-family: tahoma, arial, helvetica, sans-serif; font-size: large;\"><em>Eu SOU a Evid\u00eancia de Deus;<br \/>\n<\/em><\/span><\/h2>\n<h2 style=\"text-align: center;\"><span style=\"color: #912323; font-family: tahoma, arial, helvetica, sans-serif; font-size: large;\"><em>Eu SOU o Poder de Deus; <\/em><\/span><\/h2>\n<h2 style=\"text-align: center;\"><span style=\"color: #912323; font-family: tahoma, arial, helvetica, sans-serif; font-size: large;\"><em>Eu SOU a Sabedoria de Deus;<\/em><\/span><\/h2>\n<h2 style=\"text-align: center;\"><span style=\"color: #912323; font-family: tahoma, arial, helvetica, sans-serif; font-size: large;\"><em>Eu SOU Deus em Onia\u00e7\u00e3o!\u201d<\/em><\/span><\/h2>\n<h2 style=\"text-align: center;\"><span style=\"color: #912323; font-family: tahoma, arial, helvetica, sans-serif; font-size: large;\">*<\/span><\/h2>\n","protected":false},"excerpt":{"rendered":"<p>A Verdade \u00e9 \u201cestudada\u201d pela nossa identifica\u00e7\u00e3o com seus princ\u00edpios, como Jesus fez ao afirmar: \u201cEu SOU a Verdade\u201d. Esta identifica\u00e7\u00e3o n\u00e3o \u00e9 com esfor\u00e7o mental e sim por\u00a0 serena constata\u00e7\u00e3o de que DEUS, SENDO TUDO, \u00c9 A VERDADE QUE VOC\u00ca \u00c9! Quando um artigo focaliza um tema, dizendo que ele deve ser contemplado, est\u00e1, &hellip; <\/p>\n<p class=\"link-more\"><a href=\"https:\/\/www.fachodeluz.blog.br\/wp\/2018\/11\/09\/23365\/\" class=\"more-link\">Leia mais<span class=\"screen-reader-text\"> &#8220;EU SOU A VERDADE!&#8221;<\/span><\/a><\/p>\n","protected":false},"author":2,"featured_media":0,"comment_status":"open","ping_status":"closed","sticky":false,"template":"","format":"standard","meta":{"nf_dc_page":"","_crdt_document":"","footnotes":""},"categories":[10],"tags":[],"class_list":["post-23365","post","type-post","status-publish","format-standard","hentry","category-darcio-dezolt"],"featured_media_urls":[],"_links":{"self":[{"href":"https:\/\/www.fachodeluz.blog.br\/wp\/wp-json\/wp\/v2\/posts\/23365","targetHints":{"allow":["GET"]}}],"collection":[{"href":"https:\/\/www.fachodeluz.blog.br\/wp\/wp-json\/wp\/v2\/posts"}],"about":[{"href":"https:\/\/www.fachodeluz.blog.br\/wp\/wp-json\/wp\/v2\/types\/post"}],"author":[{"embeddable":true,"href":"https:\/\/www.fachodeluz.blog.br\/wp\/wp-json\/wp\/v2\/users\/2"}],"replies":[{"embeddable":true,"href":"https:\/\/www.fachodeluz.blog.br\/wp\/wp-json\/wp\/v2\/comments?post=23365"}],"version-history":[{"count":0,"href":"https:\/\/www.fachodeluz.blog.br\/wp\/wp-json\/wp\/v2\/posts\/23365\/revisions"}],"wp:attachment":[{"href":"https:\/\/www.fachodeluz.blog.br\/wp\/wp-json\/wp\/v2\/media?parent=23365"}],"wp:term":[{"taxonomy":"category","embeddable":true,"href":"https:\/\/www.fachodeluz.blog.br\/wp\/wp-json\/wp\/v2\/categories?post=23365"},{"taxonomy":"post_tag","embeddable":true,"href":"https:\/\/www.fachodeluz.blog.br\/wp\/wp-json\/wp\/v2\/tags?post=23365"}],"curies":[{"name":"wp","href":"https:\/\/api.w.org\/{rel}","templated":true}]}}