{"id":23429,"date":"2018-11-20T10:28:34","date_gmt":"2018-11-20T12:28:34","guid":{"rendered":"http:\/\/fachodeluz.blog.br\/wp\/?p=23429"},"modified":"2018-11-20T13:13:00","modified_gmt":"2018-11-20T15:13:00","slug":"remendo-novo-em-veste-nova","status":"publish","type":"post","link":"https:\/\/www.fachodeluz.blog.br\/wp\/2018\/11\/20\/remendo-novo-em-veste-nova\/","title":{"rendered":"&#8220;REMENDO NOVO EM VESTE NOVA!&#8221;"},"content":{"rendered":"<h3><a href=\"https:\/\/i0.wp.com\/fachodeluz.blog.br\/wp\/wp-content\/uploads\/2018\/11\/remendo1.jpg\"><img data-recalc-dims=\"1\" loading=\"lazy\" decoding=\"async\" loading=\"lazy\" class=\"aligncenter size-full wp-image-23430\" src=\"https:\/\/i0.wp.com\/fachodeluz.blog.br\/wp\/wp-content\/uploads\/2018\/11\/remendo1.jpg?resize=520%2C272\" alt=\"\" width=\"520\" height=\"272\" srcset=\"https:\/\/i0.wp.com\/www.fachodeluz.blog.br\/wp\/wp-content\/uploads\/2018\/11\/remendo1.jpg?w=520&amp;ssl=1 520w, https:\/\/i0.wp.com\/www.fachodeluz.blog.br\/wp\/wp-content\/uploads\/2018\/11\/remendo1.jpg?resize=300%2C157&amp;ssl=1 300w\" sizes=\"auto, (max-width: 520px) 100vw, 520px\" \/><\/a><\/h3>\n<h3 style=\"text-align: center;\"><em>&#8220;Ningu\u00e9m p\u00f5e um remendo de pano novo numa veste velha, porque arrancaria uma parte da veste e o rasg\u00e3o ficaria pior&#8221;. <\/em><\/h3>\n<h3 style=\"text-align: center;\">Mateus 9: 16<\/h3>\n<h3><\/h3>\n<h2 style=\"text-align: center;\"><span style=\"color: #141721;\">Os princ\u00edpios absolutos da Verdade requerem \u201cVESTE NOVA\u201d para serem praticados, ou seja, s\u00e3o \u201cPANO NOVO&#8221; destinado a REMENDAR &#8220;VESTE NOVA&#8221;!\u00a0 Assim disse Jesus: <strong><em>\u201cNingu\u00e9m p\u00f5e um remendo de pano novo numa veste velha, porque arrancaria uma parte da veste e o rasg\u00e3o ficaria pior\u201d.<\/em> <\/strong><\/span><br \/>\n<span style=\"color: #141721;\">A Verdade Absoluta n\u00e3o se coaduna com as <strong><em>velhas cren\u00e7as religiosas<\/em><\/strong> nem com supostas<strong><em> \u201cdoutrinas v\u00e1rias e estranhas\u201d,<\/em> <\/strong>que, como Jesus e Paulo nos alertaram, s\u00e3o PRECEITOS DOS HOMENS, vinculados com AS\u00a0 NOCIVAS\u00a0 CREN\u00c7AS DUALISTAS E TEMPORAIS, <strong><em>enquanto a VERDADE PURA\u00a0 \u00e9 o AGORA ATEMPORAL, ADMITIDO, CONTEMPLADO E VIVENCIADO<\/em> <em>\u00a0\u201cPOR MIM\u201d E \u201cEM MIM\u201d, sendo que este \u201cMIM\u201d se refere a DEUS SENDO TUDO E SENDO QUEM SOMOS!<\/em><\/strong><\/span><\/h2>\n<h2 style=\"text-align: center;\"><\/h2>\n<h2 style=\"text-align: center;\"><span style=\"color: #141721;\"><strong><em>\u201c\u00c9 chegado o Reino de Deus\u201d,<\/em><\/strong> diz a B\u00edblia. Sua percep\u00e7\u00e3o se d\u00e1 com o \u201cdespojamento&#8221; do VELHO HOMEM E SEUS FEITOS, isto \u00e9, <strong><em>n\u00e3o \u00e9 REVELA\u00c7\u00c3O PARA CARNAIS OU MORTAIS!<\/em> <\/strong>O REINO \u00c9 <em><strong>PRESENTE DE DEUS PARA FILHOS ESPIRITUAIS DE DEUS!<\/strong><\/em><\/span><\/h2>\n<h2 style=\"text-align: center;\"><span style=\"color: #141721;\"><strong><em>\u201cJesus Cristo est\u00e1 em v\u00f3s\u201d,<\/em><\/strong> disse Paulo. <\/span><\/h2>\n<h2><\/h2>\n<h2 style=\"text-align: center;\"><span style=\"color: #141721;\">SER O CRISTO, ESTAR IDENTIFICADO COM O CRISTO, VIVER CIENTE DE\u00a0 QUE\u00a0 \u201cO CRISTO \u00c9 A NOSSA VIDA\u201d, EIS A |\u201dVESTE NOVA\u201d RECEBENDO \u201cREMENDO NOVO\u201d!<\/span><\/h2>\n<h2 style=\"text-align: center;\"><\/h2>\n<h2 style=\"text-align: center;\"><span style=\"color: #141721;\">Pretender\u00a0 \u201cremendar mortais\u201d com a Verdade, CREN\u00c7A ACEITA PELA MAIORIA, j\u00e1 demonstrou ser pura fal\u00e1cia geradora de MAIS &#8220;RASG\u00d5ES&#8221;, MAIS CRENDICES FALSAS! \u00a0<\/span><\/h2>\n<h2 style=\"text-align: center;\"><span style=\"color: #141721;\">O PANO NOVO \u201cREMENDA&#8221; VESTE NOVA, OU SEJA, <strong><em>A VERDADE DE QUE \u201cSOMOS A NOVA CRIATURA EM CRISTO\u201d,\u00a0 E\u00a0 NUNCA O \u201cVELHO HOMEM COM SEUS FEITOS&#8221;,<\/em> <\/strong>QUE DEVER\u00c1 SER <strong><em>DESPOJADO!<\/em><\/strong><\/span><\/h2>\n<h2 style=\"text-align: center;\"><\/h2>\n<h2 style=\"text-align: center;\"><span style=\"color: #141721;\">A \u201cilus\u00e3o\u201d \u00e9, de fato, PURA ilus\u00e3o, \u201cRASG\u00c3O EM ROUPA VELHA&#8221; QUE N\u00c3O PODER\u00c1 SER CORRIGIDO COM \u201cPANO NOVO\u201d. <\/span><\/h2>\n<h2 style=\"text-align: center;\"><span style=\"color: #141721;\">Jesus explica que JAMAIS\u00a0 algu\u00e9m poder\u00e1 SER LIBERTO PELA VERDADE atrav\u00e9s de suposta \u201cevolu\u00e7\u00e3o\u201d, \u201creformas mentais interiores\u201d, \u201celeva\u00e7\u00f5es paulatinas de consci\u00eancia\u201d, reencarna\u00e7\u00f5es\u201d, etc.. ADOTAR ESTAS MENTIRAS SERIA PRETENDER \u201cP\u00d4R REMENDO DE PANO NOVO EM VESTE VELHA&#8221;!<\/span><\/h2>\n<h2 style=\"text-align: center;\"><span style=\"color: #141721;\">J\u00c1\u00a0 SOMOS A \u201cVESTE NOVA\u2019\u201d RECEBENDO O \u201cREMENDO NOVO&#8221;, ou seja, <em><strong>n\u00e3o somos \u201cdeste mundo\u201d nem somos \u201cbuscadores&#8221; do Reino de Deus&#8221;!\u00a0<\/strong> <\/em>SOMOS O QUE DEUS \u00c9, EVIDENCIADO COMO O CRISTO OCULTO EM SEU REINO,\u00a0 E SEM MISTURARMOS \u201cPANO VELHO&#8221; COM &#8220;REMENDO NOVO&#8221;,\u00a0 POR SIMPLESMENTE <strong><em>PERCEBERMOS QUE DEUS \u00c9 A TOTALIDADE DE TUDO E \u00c9 A TOTALIDADE DO CRISTO QUE\u00a0 AGORA SOMOS!<\/em><\/strong><\/span><\/h2>\n<h2 style=\"text-align: center;\"><span style=\"color: #141721;\"> *<\/span><\/h2>\n","protected":false},"excerpt":{"rendered":"<p>&#8220;Ningu\u00e9m p\u00f5e um remendo de pano novo numa veste velha, porque arrancaria uma parte da veste e o rasg\u00e3o ficaria pior&#8221;. Mateus 9: 16 Os princ\u00edpios absolutos da Verdade requerem \u201cVESTE NOVA\u201d para serem praticados, ou seja, s\u00e3o \u201cPANO NOVO&#8221; destinado a REMENDAR &#8220;VESTE NOVA&#8221;!\u00a0 Assim disse Jesus: \u201cNingu\u00e9m p\u00f5e um remendo de pano novo &hellip; <\/p>\n<p class=\"link-more\"><a href=\"https:\/\/www.fachodeluz.blog.br\/wp\/2018\/11\/20\/remendo-novo-em-veste-nova\/\" class=\"more-link\">Leia mais<span class=\"screen-reader-text\"> &#8220;&#8220;REMENDO NOVO EM VESTE NOVA!&#8221;&#8221;<\/span><\/a><\/p>\n","protected":false},"author":2,"featured_media":0,"comment_status":"open","ping_status":"closed","sticky":false,"template":"","format":"standard","meta":{"nf_dc_page":"","_crdt_document":"","footnotes":""},"categories":[10],"tags":[],"class_list":["post-23429","post","type-post","status-publish","format-standard","hentry","category-darcio-dezolt"],"featured_media_urls":[],"_links":{"self":[{"href":"https:\/\/www.fachodeluz.blog.br\/wp\/wp-json\/wp\/v2\/posts\/23429","targetHints":{"allow":["GET"]}}],"collection":[{"href":"https:\/\/www.fachodeluz.blog.br\/wp\/wp-json\/wp\/v2\/posts"}],"about":[{"href":"https:\/\/www.fachodeluz.blog.br\/wp\/wp-json\/wp\/v2\/types\/post"}],"author":[{"embeddable":true,"href":"https:\/\/www.fachodeluz.blog.br\/wp\/wp-json\/wp\/v2\/users\/2"}],"replies":[{"embeddable":true,"href":"https:\/\/www.fachodeluz.blog.br\/wp\/wp-json\/wp\/v2\/comments?post=23429"}],"version-history":[{"count":0,"href":"https:\/\/www.fachodeluz.blog.br\/wp\/wp-json\/wp\/v2\/posts\/23429\/revisions"}],"wp:attachment":[{"href":"https:\/\/www.fachodeluz.blog.br\/wp\/wp-json\/wp\/v2\/media?parent=23429"}],"wp:term":[{"taxonomy":"category","embeddable":true,"href":"https:\/\/www.fachodeluz.blog.br\/wp\/wp-json\/wp\/v2\/categories?post=23429"},{"taxonomy":"post_tag","embeddable":true,"href":"https:\/\/www.fachodeluz.blog.br\/wp\/wp-json\/wp\/v2\/tags?post=23429"}],"curies":[{"name":"wp","href":"https:\/\/api.w.org\/{rel}","templated":true}]}}