{"id":23442,"date":"2018-11-22T12:42:36","date_gmt":"2018-11-22T14:42:36","guid":{"rendered":"http:\/\/fachodeluz.blog.br\/wp\/?p=23442"},"modified":"2018-11-22T13:59:16","modified_gmt":"2018-11-22T15:59:16","slug":"o-ilusorio-foco-dos-bens-acrescentados","status":"publish","type":"post","link":"https:\/\/www.fachodeluz.blog.br\/wp\/2018\/11\/22\/o-ilusorio-foco-dos-bens-acrescentados\/","title":{"rendered":"O ILUS\u00d3RIO FOCO DOS \u201cBENS ACRESCENTADOS&#8221;"},"content":{"rendered":"<h2 style=\"text-align: center;\"><span style=\"color: #36664e;\"><a style=\"color: #36664e;\" href=\"https:\/\/i0.wp.com\/fachodeluz.blog.br\/wp\/wp-content\/uploads\/2018\/11\/AD%C3%83O-E-A-MA%C3%87%C3%83-A.jpg\"><img data-recalc-dims=\"1\" loading=\"lazy\" decoding=\"async\" loading=\"lazy\" class=\"aligncenter size-full wp-image-23443\" src=\"https:\/\/i0.wp.com\/fachodeluz.blog.br\/wp\/wp-content\/uploads\/2018\/11\/AD%C3%83O-E-A-MA%C3%87%C3%83-A.jpg?resize=520%2C390\" alt=\"\" width=\"520\" height=\"390\" srcset=\"https:\/\/i0.wp.com\/www.fachodeluz.blog.br\/wp\/wp-content\/uploads\/2018\/11\/AD%C3%83O-E-A-MA%C3%87%C3%83-A.jpg?w=520&amp;ssl=1 520w, https:\/\/i0.wp.com\/www.fachodeluz.blog.br\/wp\/wp-content\/uploads\/2018\/11\/AD%C3%83O-E-A-MA%C3%87%C3%83-A.jpg?resize=300%2C225&amp;ssl=1 300w\" sizes=\"auto, (max-width: 520px) 100vw, 520px\" \/><\/a><\/span><\/h2>\n<h2 style=\"text-align: center;\"><span style=\"color: #36664e;\">Quando <em>Krishna<\/em> fazia men\u00e7\u00e3o ao suposto \u201cmundo de apar\u00eancias\u201d,\u00a0 ou quando Buda o fazia, dizendo ser o mundo uma &#8220;ilus\u00e3o&#8221;, ou quando Jesus o chamou de \u201cmundo do pai da mentira\u201d, estavam explicando o que DEUS \u00c9, o que O UNIVERSO \u00c9,\u00a0 e o que eternamente N\u00d3S SOMOS! Em outras palavras, estavam anulando a CREN\u00c7A EM \u201cAPAR\u00caNCIAS\u201d, A CREN\u00c7A NA &#8220;ILUS\u00c3O&#8221; OU A CREN\u00c7A EM \u201cMUNDO TERRENO&#8221; OU &#8220;MATERIAL\u201d.<\/span><\/h2>\n<h2 style=\"text-align: center;\"><span style=\"color: #36664e;\">UNICAMENTE DEUS \u00c9 REALIDADE! E ENQUANTO ESTA VERDADE APARENTAR \u201cSER DESCONHECIDA&#8221; POR ALGU\u00c9M, A QUEST\u00c3O REAL N\u00c3O SERIA\u00a0 TAL \u201cALGU\u00c9M CONHEC\u00ca-LA&#8221;,\u00a0 MAS SIM, \u201cALGU\u00c9M\u201d SE\u00a0 PERCEBER, <strong><em>A SI MESMO,\u00a0<\/em><\/strong> SENDO DEUS, SENDO A LUZ DO MUNDO,\u00a0 E SENDO A PR\u00d3PRIA VERDADE!<\/span><\/h2>\n<h2 style=\"text-align: center;\"><span style=\"color: #36664e;\">Por isso, o FOCO do ensinamento absoluto nos remete diretamente ao FATO REALMENTE EVIDENCIADO: <strong><em>DEUS \u00c9 TUDO, E SOMOS O QUE DEUS \u00c9, TUDO O QUE DEUS \u00c9, E SOMENTE O QUE DEUS \u00a0\u00c9!<\/em><\/strong><\/span><\/h2>\n<h2><\/h2>\n<h2 style=\"text-align: center;\"><span style=\"color: #36664e;\"><em><strong>\u201c\u00c9 DO AGRADO DO PAI DAR-NOS O SEU REINO\u201d,<\/strong> <\/em>disse Jesus! POR QUE ESTA TREMENDA REVELA\u00c7\u00c3O N\u00c3O\u00a0 \u00c9 ACATADA COMO SENDO UM<em><strong> \u201cTESOURO ESCONDIDO NO CAMPO\u201d?\u00a0<\/strong><\/em> PELO\u00a0 MOTIVO DE\u00a0 A HUMANIDADE S\u00d3 RECONHECER<strong><em> \u201cTREVAS\u201d, \u201cAPAR\u00caNCIAS\u201d,\u00a0 \u201cILUS\u00c3O\u201d,\u00a0<\/em><\/strong> AS<em><strong> &#8220;MENTIRAS DO PAI DA MENTIRA&#8221;!<\/strong>\u00a0 <\/em>S\u00d3 RECONHECER <em><strong>IRREALIDADES, CAR\u00caNCIAS E CREN\u00c7AS DUALISTAS,\u00a0 NO BEM E NO MAL!\u00a0 POR DESCONHECER\u00a0 QUE OS &#8220;BENS DA APAR\u00caNCIAS&#8221;\u00a0 S\u00c3O &#8220;SOMBRAS&#8221; DO &#8220;BEM REAL E PERMANENTE&#8221;!\u00a0 COMO EM SONHOS, PODEM PARECER REAIS, MAS S\u00c3O PURAMENTE\u00a0 &#8220;NADAS&#8221;!<br \/>\n<\/strong><\/em><\/span><\/h2>\n<h2 style=\"text-align: center;\"><span style=\"color: #36664e;\">O per\u00edodo eleitoral do \u201cmundo do pai da mentira&#8221; p\u00f4de comprovar\u00a0 a <strong><em>ades\u00e3o em massa<\/em><\/strong> a esta FALSA CREN\u00c7A DUALISTA DA \u201cMENTE CARNAL\u201d, movimentando o suposto \u201cmundo fenom\u00eanico\u201d em dire\u00e7\u00e3o ao \u201cbem do mundo\u201d e ao rep\u00fadio ao \u201cmal do mundo\u201d.\u00a0 Imersa nesta ILUS\u00c3O DE MASSA,\u00a0 a <\/span><\/h2>\n<h2 style=\"text-align: center;\"><span style=\"color: #36664e;\">humanidade n\u00e3o disp\u00f5e\u00a0 de \u201colhos e ouvidos\u201d para \u201cVER E OUVIR\u201d\u00a0 <em><strong>J\u00c1 TER \u201cGANHO O REINO DE DEUS\u201d,\u00a0<\/strong><\/em> para SABER QUE <strong><em>\u201cNELE VIVE, SE MOVIMENTA E TEM O SEU SER\u201d,<\/em><\/strong> COMO NOS REVELOU PAULO, E COMO TEM SIDO CONTINUAMENTE REPETIDO NAS <em>\u201cMENSAGENS DO FACHO DE LUZ\u201d!<\/em><\/span><\/h2>\n<h2 style=\"text-align: center;\"><span style=\"color: #36664e;\">Acreditando no \u201caparente\u201d\u00a0 CONHECIMENTO DO BEM E MAL , <strong><em>a exemplo de Ad\u00e3o e Eva,<\/em><\/strong> que &#8220;comeram do fruto&#8221; desse &#8220;falso conhecimento&#8221;, erra a humanidade inteira\u00a0 por n\u00e3o SABER QUE O <em><strong>&#8220;BEM COMPLETO&#8221;, ABSOLUTO E PERMANENTE, J\u00c1 \u00c9 &#8220;UM COM ELA'&#8221;. \u00a0<\/strong> <\/em>Desse modo, enquadra-se nesta ILUS\u00c3O DE DOIS PODERES\u201d, gerando \u201cimagens condizentes&#8221; com esta DUALIDADE INEXISTENTE, que a ilude na busca incessante\u00a0 de &#8220;bens acrescentados&#8221;,\u00a0 e que a impede de PERCEBER O \u201cBEM PERMANENTE\u201d, DE QUE <em><strong>J\u00c1 \u00c9<\/strong> <\/em>POSSUIDORA, NA \u201cUNIDADE PERFEITA\u201d!\u00a0 <\/span><\/h2>\n<h2 style=\"text-align: center;\"><span style=\"color: #36664e;\">Enquanto a humanidade N\u00c3O PERCEBER o que significa &#8220;ORAR PELOS\u00a0 SEUS INIMIGOS\u201d, que \u00e9\u00a0 DEIXAR A CREN\u00c7A DUALISTA PARA CONTEMPLAR A VERDADE , QUE \u00c9 DEUS SENDO TUDO, permanecer\u00e1 no FOCO DA ILUS\u00c3O, que mostra a ela \u201cbem e mal\u201d, \u201camigos e inimigos\u201d, enfim, os INEXISTENTES &#8220;pares de opostos&#8221;.<\/span><\/h2>\n<h2 style=\"text-align: center;\"><span style=\"color: #36664e;\"><strong><em>&#8220;SE F\u00d4SSEIS CEGOS N\u00c3O TER\u00cdEIS PECADO\u201d,<\/em><\/strong> disse Jesus. POR QU\u00ca?\u00a0 PORQUE ENXERGARIAM A VERDADE, E N\u00c3O AS \u201cAPAR\u00caNCIAS\u201d, E ENXERGARIAM DEUS SENDO \u201cAMIGOS E INIMIGOS\u201d.\u00a0 COMO DISSE ISA\u00cdAS, ENXERGARIAM \u201cO\u00a0 LE\u00c3O PASTANDO AO LADO DOSE CORDEIROS\u201d!<\/span><\/h2>\n<h2><\/h2>\n<h2 style=\"text-align: center;\"><span style=\"color: #36664e;\">ENXERGAR E <strong><em>DAR CR\u00c9DITO<\/em><\/strong> \u00c0S \u201cAPAR\u00caNCIAS\u201d, PARA JESUS, SIGNIFICAVA<\/span><\/h2>\n<h2 style=\"text-align: center;\"><span style=\"color: #36664e;\"> \u201cPECAR&#8221; , <em><strong>\u201cERRAR O ALVO\u201d;<\/strong>\u00a0 <\/em>E <strong><em>SER \u201cCEGO\u201d PARA ELAS, SIGNIFICAVA \u201cANDAR NA LUZ&#8221;!<br \/>\n<\/em><\/strong><\/span><\/h2>\n<h2 style=\"text-align: center;\"><span style=\"color: #36664e;\"> *<\/span><\/h2>\n","protected":false},"excerpt":{"rendered":"<p>Quando Krishna fazia men\u00e7\u00e3o ao suposto \u201cmundo de apar\u00eancias\u201d,\u00a0 ou quando Buda o fazia, dizendo ser o mundo uma &#8220;ilus\u00e3o&#8221;, ou quando Jesus o chamou de \u201cmundo do pai da mentira\u201d, estavam explicando o que DEUS \u00c9, o que O UNIVERSO \u00c9,\u00a0 e o que eternamente N\u00d3S SOMOS! Em outras palavras, estavam anulando a CREN\u00c7A &hellip; <\/p>\n<p class=\"link-more\"><a href=\"https:\/\/www.fachodeluz.blog.br\/wp\/2018\/11\/22\/o-ilusorio-foco-dos-bens-acrescentados\/\" class=\"more-link\">Leia mais<span class=\"screen-reader-text\"> &#8220;O ILUS\u00d3RIO FOCO DOS \u201cBENS ACRESCENTADOS&#8221;&#8221;<\/span><\/a><\/p>\n","protected":false},"author":2,"featured_media":0,"comment_status":"open","ping_status":"closed","sticky":false,"template":"","format":"standard","meta":{"nf_dc_page":"","_crdt_document":"","footnotes":""},"categories":[10],"tags":[],"class_list":["post-23442","post","type-post","status-publish","format-standard","hentry","category-darcio-dezolt"],"featured_media_urls":[],"_links":{"self":[{"href":"https:\/\/www.fachodeluz.blog.br\/wp\/wp-json\/wp\/v2\/posts\/23442","targetHints":{"allow":["GET"]}}],"collection":[{"href":"https:\/\/www.fachodeluz.blog.br\/wp\/wp-json\/wp\/v2\/posts"}],"about":[{"href":"https:\/\/www.fachodeluz.blog.br\/wp\/wp-json\/wp\/v2\/types\/post"}],"author":[{"embeddable":true,"href":"https:\/\/www.fachodeluz.blog.br\/wp\/wp-json\/wp\/v2\/users\/2"}],"replies":[{"embeddable":true,"href":"https:\/\/www.fachodeluz.blog.br\/wp\/wp-json\/wp\/v2\/comments?post=23442"}],"version-history":[{"count":0,"href":"https:\/\/www.fachodeluz.blog.br\/wp\/wp-json\/wp\/v2\/posts\/23442\/revisions"}],"wp:attachment":[{"href":"https:\/\/www.fachodeluz.blog.br\/wp\/wp-json\/wp\/v2\/media?parent=23442"}],"wp:term":[{"taxonomy":"category","embeddable":true,"href":"https:\/\/www.fachodeluz.blog.br\/wp\/wp-json\/wp\/v2\/categories?post=23442"},{"taxonomy":"post_tag","embeddable":true,"href":"https:\/\/www.fachodeluz.blog.br\/wp\/wp-json\/wp\/v2\/tags?post=23442"}],"curies":[{"name":"wp","href":"https:\/\/api.w.org\/{rel}","templated":true}]}}