{"id":23475,"date":"2018-11-27T13:23:29","date_gmt":"2018-11-27T15:23:29","guid":{"rendered":"http:\/\/fachodeluz.blog.br\/wp\/?p=23475"},"modified":"2018-11-27T13:53:20","modified_gmt":"2018-11-27T15:53:20","slug":"esvazie-sua-suposta-cruz","status":"publish","type":"post","link":"https:\/\/www.fachodeluz.blog.br\/wp\/2018\/11\/27\/esvazie-sua-suposta-cruz\/","title":{"rendered":"&#8220;Esvazie Sua Suposta Cruz!&#8221;"},"content":{"rendered":"<p style=\"text-align: center;\"><span style=\"color: #800000;\"><a style=\"color: #800000;\" href=\"https:\/\/i0.wp.com\/fachodeluz.blog.br\/wp\/wp-content\/uploads\/2018\/11\/corpo-de-Cristo-A.jpg\"><img data-recalc-dims=\"1\" loading=\"lazy\" decoding=\"async\" loading=\"lazy\" class=\"aligncenter size-full wp-image-23476\" src=\"https:\/\/i0.wp.com\/fachodeluz.blog.br\/wp\/wp-content\/uploads\/2018\/11\/corpo-de-Cristo-A.jpg?resize=530%2C325\" alt=\"\" width=\"530\" height=\"325\" srcset=\"https:\/\/i0.wp.com\/www.fachodeluz.blog.br\/wp\/wp-content\/uploads\/2018\/11\/corpo-de-Cristo-A.jpg?w=530&amp;ssl=1 530w, https:\/\/i0.wp.com\/www.fachodeluz.blog.br\/wp\/wp-content\/uploads\/2018\/11\/corpo-de-Cristo-A.jpg?resize=300%2C184&amp;ssl=1 300w\" sizes=\"auto, (max-width: 530px) 100vw, 530px\" \/><\/a><\/span><\/p>\n<h2 style=\"text-align: center;\"><span style=\"color: #800000;\">H\u00e1 muitos que questionam se \u201cexiste inferno\u201d, se \u201cJesus desceu ao inferno\u201d, e coisas desse tipo. Jesus disse: <strong><em>\u201cSe quer vir ap\u00f3s mim, NEGUE-SE A SI MESMO, TOME A SUA CRUZ, venha e me siga!&#8221; \u00a0\u00a0<\/em> <\/strong>Que \u00e9 o chamado &#8220;inferno&#8221;? N\u00c3O DEVERIA SER TEMA DE DISCUSS\u00c3O, D\u00daVIDA OU ABSTRACIONISMOS. . POR QU\u00ca? POR JESUS TER DEIXADO EXPL\u00cdCITADO E BEM CLARO QUE \u00a0\u201cESTE SUPOSTO MUNDO MATERIAL TEM POR PR\u00cdNCIPE\u00a0 O SATAN\u00c1S,\u00a0 PAI DA MENTIRA&#8221;!<\/span><\/h2>\n<h2 style=\"text-align: center;\"><span style=\"color: #800000;\">A humanidade aceitando ser de NATUREZA CARNAL, se viu no \u201cINFERNO\u201d, que \u00e9 a ilus\u00f3ria \u201cvida terrena\u201d, temporal e fundamentada no materialismo. Entretanto,\u00a0 DEUS E SEU REINO S\u00c3O O PARA\u00cdSO \u00a0ONIPRESENTE, EM QUE, DE FATO, ESTAMOS TODOS VIVENDO,<\/span><\/h2>\n<h2 style=\"text-align: center;\"><span style=\"color: #800000;\">\u00a0APESAR DE A MAIORIA <em><strong>ACREDITAR VIVER NO \u201cMUNDO DO PAI DA MENTIRA\u201d!<\/strong><\/em><\/span><\/h2>\n<h2 style=\"text-align: center;\"><span style=\"color: #800000;\">Somente quem aceitar e reconhecer que <strong><em>\u201cEST\u00c1 NO PARA\u00cdSO\u201d,<\/em><\/strong> E\u00a0 APENAS\u00a0 \u201cSONHANDO\u201d COM A SAT\u00c2NICA E MENTIROSA \u201cEXIST\u00caNCIA CARNAL\u201d, <strong><em>far\u00e1 de tudo<\/em><\/strong> para ERRADICAR este \u201chipnotismo coletivo\u201d, para simplesmente \u201cter olhos\u201d para<em><strong> VER A LUZ DIVINA resplandecer como PARA\u00cdSO e COMO O CRISTO que verdadeiramente \u00c9!<\/strong><\/em><\/span><\/h2>\n<h2 style=\"text-align: center;\"><span style=\"color: #800000;\"><em><strong>\u201cNEGAR-SE A SI MESMO\u201d<\/strong><\/em> significa AFIRMAR E RECONHECER QUE <strong><em>JAMAIS EXISTIU FILHO DE DEUS NO ILUS\u00d3RIO INFERNO CHAMADO \u201cESTE MUNDO\u201d!<\/em>\u00a0 <\/strong>POR ISSO, JESUS FOI CLARO: <strong><em>\u201cO MEU REINO N\u00c3O \u00c9 DESTE MUNDO\u201d,<\/em><\/strong> E, IGUALMENTE, <strong><em>\u201cV\u00d3S, DESTE MUNDO, N\u00c3O SOIS\u201d!\u00a0<\/em><\/strong> Portanto, &#8220;JESUS DESCER AO INFERNO\u201d \u00c9 MERAMENTE\u00a0 TER ELE SE PERMITIDO <em><strong>\u201cPARTICIPAR DA ILUS\u00c3O DE MASSA<\/strong> <\/em>PARA PODER <strong><em>\u201cDESPERTAR A HUMANIDADE&#8221;<\/em><\/strong> DE SEU \u201cSONO DIAB\u00d3LICO\u201d!<\/span><\/h2>\n<h2 style=\"text-align: center;\"><span style=\"color: #800000;\"><strong><em>\u201cAquele que perder a sua vida, por amor de mim, ir\u00e1 encontr\u00e1-la\u201d,<\/em><\/strong> disse Jesus, explicando o que \u00e9 <em><strong>\u201cnegar-se a si mesmo\u201d.<\/strong><\/em><\/span><\/h2>\n<h2 style=\"text-align: center;\"><span style=\"color: #800000;\"><strong><em>\u201cTOMAR A PR\u00d3PRIA CRUZ\u201d<\/em>\u00a0 <\/strong>NADA TEM A VER COM <em><strong>\u201cSUPORTAR SUPOSTAS AGRURAS TERRENAS\u201d,<\/strong><\/em> COMO\u00a0 PREGAM DIVERSAS RELIGI\u00d5ES DO MUNDO!\u00a0 SE \u00c9 \u201cMUNDO DO PAI DA MENTIRA\u201d, COMO PODERIA CONTER AGRURAS VERDADEIRAS? \u00a0<strong><em>\u201cTOMAR A CRUZ\u201d<\/em> <\/strong>\u00c9 CADA FILHO DE DEUS<em><strong> \u201cSE ADMITIR CRUCIFICADO\u201d,\u00a0<\/strong> <\/em>COMO DECLAROU PAULO, AO DESPERTAR PARA <em><strong>O CRISTO<\/strong><\/em> QUE SEMPRE ESTIVERA SENDO:<em><strong> \u201cESTOU CRUCIFICADO, E VIVO N\u00c3O MAIS EU; O CRISTO VIVE EM MIM\u201d<\/strong> <\/em>(G\u00e1latas, 2: 20).<\/span><\/h2>\n<h2 style=\"text-align: center;\"><span style=\"color: #800000;\">Todo aquele que PERCEBE SER O CRISTO, SABE QUE <strong><em>\u201cO CRISTO \u00c9 TUDO EM TODOS\u201d!<\/em> <\/strong>A EXPERI\u00caNCIA REVELA DEUS COMO <strong><em>\u201cOCEANO DE LUZ VIVA ONIPRESENTE&#8221;,<\/em> <\/strong>FORMADO PELAS <strong><em>\u201cGOTAS DE LUZ\u201d<\/em><\/strong> QUE SOMOS! <\/span><\/h2>\n<h2 style=\"text-align: center;\"><span style=\"color: #800000;\">EM OUTRAS PALAVRAS, JAMAIS \u201cEXISTIU CARNAL CRUCIFICADO&#8221;!<\/span><\/h2>\n<h2 style=\"text-align: center;\"><span style=\"color: #800000;\"><strong><em>\u201cVENHA E ME SIGA\u201d,<\/em> <\/strong>DISSE JESUS!\u00a0 N\u00c3O DISSE QUE O CAMINHO SERIA \u201cPOR ETAPAS\u201d! DISSE QUE<strong><em> \u201cEU SOU\u201d<\/em><\/strong>\u00a0 \u00c9 O CAMINHO, A VERDADE E A VIDA!\u00a0 PREGAVA A VERDADE DO<strong><em> \u201cEU SOU \u00daNICO\u201d<\/em> <\/strong>SENDO DEUS, <strong><em>EVIDENCIADO COMO &#8220;UNIDADE PERFEITA&#8221;, E COMO O CRISTO QUE NELA SOMOS!\u00a0<\/em><\/strong><\/span><\/h2>\n<h2 style=\"text-align: center;\"><span style=\"color: #800000;\">Nunca parta da \u201cmentira\u201d, endossando \u201cconhecer a Verdade\u201d por etapas!\u00a0 <strong><em>&#8220;O QUE \u00c9 NASCIDO DA CARNE \u00c9 CARNE, E O QUE \u00c9 NASCIDO DO ESP\u00cdRITO \u00c9 ESP\u00cdRITO&#8221;!\u00a0<\/em><\/strong> <\/span><\/h2>\n<h2 style=\"text-align: center;\"><span style=\"color: #800000;\">ISTO QUER DIZER O SEGUINTE: <em><strong>N\u00c3O SE DESMENTE MENTIRAS POR ETAPAS!<\/strong>\u00a0 <\/em>BASTA-NOS\u00a0 SABER A <strong><em>VERDADE<\/em><\/strong>\u00a0 DOS FATOS: <em><strong>DEUS \u00c9 TUDO, AQUI E AGORA!<\/strong> <strong>AGORA!<\/strong> <\/em><\/span><\/h2>\n<h2><\/h2>\n<h2 style=\"text-align: center;\"><span style=\"color: #800000;\">MEDITE A PARTIR DA VERDADE,<strong><em> DO ESP\u00cdRITO, DE DEUS SENDO O CRISTO COMO O FILHO QUE VOC\u00ca \u00c9!<\/em>\u00a0 <\/strong><\/span><\/h2>\n<h2><\/h2>\n<h2 style=\"text-align: center;\"><span style=\"color: #800000;\">\u00c9 DESSE MODO QUE <strong><em>O INFERNO SE ESVAI COMO \u201cTREVAS EXPOSTAS \u00c0 LUZ\u201d!<\/em> <\/strong><\/span><\/h2>\n<h2 style=\"text-align: center;\"><span style=\"color: #800000;\">*<\/span><\/h2>\n","protected":false},"excerpt":{"rendered":"<p>H\u00e1 muitos que questionam se \u201cexiste inferno\u201d, se \u201cJesus desceu ao inferno\u201d, e coisas desse tipo. Jesus disse: \u201cSe quer vir ap\u00f3s mim, NEGUE-SE A SI MESMO, TOME A SUA CRUZ, venha e me siga!&#8221; \u00a0\u00a0 Que \u00e9 o chamado &#8220;inferno&#8221;? N\u00c3O DEVERIA SER TEMA DE DISCUSS\u00c3O, D\u00daVIDA OU ABSTRACIONISMOS. . POR QU\u00ca? POR JESUS &hellip; <\/p>\n<p class=\"link-more\"><a href=\"https:\/\/www.fachodeluz.blog.br\/wp\/2018\/11\/27\/esvazie-sua-suposta-cruz\/\" class=\"more-link\">Leia mais<span class=\"screen-reader-text\"> &#8220;&#8220;Esvazie Sua Suposta Cruz!&#8221;&#8221;<\/span><\/a><\/p>\n","protected":false},"author":2,"featured_media":0,"comment_status":"open","ping_status":"closed","sticky":false,"template":"","format":"standard","meta":{"nf_dc_page":"","_crdt_document":"","footnotes":""},"categories":[10],"tags":[],"class_list":["post-23475","post","type-post","status-publish","format-standard","hentry","category-darcio-dezolt"],"featured_media_urls":[],"_links":{"self":[{"href":"https:\/\/www.fachodeluz.blog.br\/wp\/wp-json\/wp\/v2\/posts\/23475","targetHints":{"allow":["GET"]}}],"collection":[{"href":"https:\/\/www.fachodeluz.blog.br\/wp\/wp-json\/wp\/v2\/posts"}],"about":[{"href":"https:\/\/www.fachodeluz.blog.br\/wp\/wp-json\/wp\/v2\/types\/post"}],"author":[{"embeddable":true,"href":"https:\/\/www.fachodeluz.blog.br\/wp\/wp-json\/wp\/v2\/users\/2"}],"replies":[{"embeddable":true,"href":"https:\/\/www.fachodeluz.blog.br\/wp\/wp-json\/wp\/v2\/comments?post=23475"}],"version-history":[{"count":0,"href":"https:\/\/www.fachodeluz.blog.br\/wp\/wp-json\/wp\/v2\/posts\/23475\/revisions"}],"wp:attachment":[{"href":"https:\/\/www.fachodeluz.blog.br\/wp\/wp-json\/wp\/v2\/media?parent=23475"}],"wp:term":[{"taxonomy":"category","embeddable":true,"href":"https:\/\/www.fachodeluz.blog.br\/wp\/wp-json\/wp\/v2\/categories?post=23475"},{"taxonomy":"post_tag","embeddable":true,"href":"https:\/\/www.fachodeluz.blog.br\/wp\/wp-json\/wp\/v2\/tags?post=23475"}],"curies":[{"name":"wp","href":"https:\/\/api.w.org\/{rel}","templated":true}]}}