{"id":23510,"date":"2018-12-04T11:56:37","date_gmt":"2018-12-04T13:56:37","guid":{"rendered":"http:\/\/fachodeluz.blog.br\/wp\/?p=23510"},"modified":"2018-12-04T13:01:44","modified_gmt":"2018-12-04T15:01:44","slug":"o-cristo-feito-e-o-irreal-mortal-nascido","status":"publish","type":"post","link":"https:\/\/www.fachodeluz.blog.br\/wp\/2018\/12\/04\/o-cristo-feito-e-o-irreal-mortal-nascido\/","title":{"rendered":"O &#8220;CRISTO FEITO&#8221; E O IRREAL &#8220;MORTAL NASCIDO&#8221;!"},"content":{"rendered":"<h2 style=\"text-align: center;\"><span style=\"color: #666699;\"><a style=\"color: #666699;\" href=\"https:\/\/i0.wp.com\/fachodeluz.blog.br\/wp\/wp-content\/uploads\/2018\/12\/eu-espiritual1.jpg\"><img data-recalc-dims=\"1\" loading=\"lazy\" decoding=\"async\" loading=\"lazy\" class=\"aligncenter size-full wp-image-23511\" src=\"https:\/\/i0.wp.com\/fachodeluz.blog.br\/wp\/wp-content\/uploads\/2018\/12\/eu-espiritual1.jpg?resize=520%2C426\" alt=\"\" width=\"520\" height=\"426\" srcset=\"https:\/\/i0.wp.com\/www.fachodeluz.blog.br\/wp\/wp-content\/uploads\/2018\/12\/eu-espiritual1.jpg?w=520&amp;ssl=1 520w, https:\/\/i0.wp.com\/www.fachodeluz.blog.br\/wp\/wp-content\/uploads\/2018\/12\/eu-espiritual1.jpg?resize=300%2C246&amp;ssl=1 300w\" sizes=\"auto, (max-width: 520px) 100vw, 520px\" \/><\/a><\/span><\/h2>\n<h2 style=\"text-align: center;\"><span style=\"color: #666699;\">A B\u00edblia declara a famosa cita\u00e7\u00e3o de que <strong><em>HOMEM E MULHER FORAM CRIADOS \u00c0 IMAGEM E SEMELHAN\u00c7A DE DEUS.<\/em>\u00a0 <\/strong>Em seu Evangelho, Jo\u00e3o repetiu esta mesma Verdade, dizendo que <strong><em>O VERBO ERA DEUS, E SEM ELE, NADA DO QUE FOI FEITO SE FEZ\u201d.\u00a0<\/em><\/strong> Como DEUS \u00c9 ESP\u00cdRITO, tanto o <em><strong>Antigo<\/strong><\/em> como o <em><strong>Novo Testamento<\/strong><\/em>\u00a0 atestam que SOMOS \u201cESP\u00cdRITO DIVINO\u201d, e n\u00e3o \u201cCARNAIS\u201d!<\/span><\/h2>\n<h2 style=\"text-align: center;\"><span style=\"color: #666699;\">A ess\u00eancia do \u201cconhecimento da Verdade\u201d est\u00e1 neste entendimento: <strong><em>SOMOS SERES DE NATUREZA ID\u00caNTICA \u00c0 DE DEUS\u201d,<\/em><\/strong> raz\u00e3o pela qual Jesus confirmou que <strong><em>\u201cSOMOS DEUSES\u201d,<\/em>\u00a0 <\/strong>REVELA\u00c7\u00c3O CONTIDA NO <strong><em>SALMO 82.<\/em><\/strong><\/span><\/h2>\n<h2 style=\"text-align: center;\"><span style=\"color: #666699;\">O mais impressionante, \u00e9 encontrarmos ensinamentos e mais ensinamentos,\u00a0 ditos \u201cespirituais\u201d, considerando o homem como \u201ccarnal\u201d! E, na melhor das hip\u00f3teses, dizendo que \u201cum dia ser\u00e1 divino\u201d!\u00a0 O ilus\u00f3rio amontoado de DESVIOS DA VERDADE se deve \u00e0 aceita\u00e7\u00e3o de que NOSSA MENTE\u00a0 N\u00c3O \u00c9 DIVINA!\u00a0 Jesus n\u00e3o nos julgava \u201cpela carne\u201d, pois, conhecia a Verdade e veio ao mundo unicamente para dar testemunho desta Verdade. Ao dizer que<strong><em> \u201cdeu-nos a gl\u00f3ria para sermos um com Deus, iguais a ele&#8221;,<\/em><\/strong> apenas confirmava o que <em><strong>\u201cDESDE O PRINC\u00cdPIO SOMOS\u201d,<\/strong><\/em> OU SEJA, <strong><em>O CRISTO!<\/em>\u00a0 <\/strong><\/span><\/h2>\n<h2 style=\"text-align: center;\"><span style=\"color: #666699;\">Em vista disso, Jesus ensinava a todos para que agissem como \u201cdeuses\u201d, se vendo no REINO DE DEUS, e n\u00e3o na terra, e chamando de Pai unicamente a DEUS, sem que endoss\u00e1ssemos a mentirosa &#8220;filia\u00e7\u00e3o mortal terrena&#8221;.<\/span><\/h2>\n<h2 style=\"text-align: center;\"><span style=\"color: #666699;\">Filipe, com o Pai nele mesmo, MAS ACREDITANDO SER \u201cFILIPE\u201d, E N\u00c3O \u201cO CRISTO\u201d,\u00a0 assim pediu a Jesus: <strong><em>\u201cMOSTRA-NOS O PAI!\u201d.<\/em> <\/strong>Jesus lhe respondeu: <em><strong>\u201cTenho estado TODO O TEMPO CONVOSCO, E VOC\u00ca ainda n\u00e3o me tendes conhecido, Filipe? Quem me v\u00ea a MIM, v\u00ea o Pai\u201d!<\/strong> <\/em><\/span><\/h2>\n<h2 style=\"text-align: center;\"><span style=\"color: #666699;\">J\u00e1 ouvi crist\u00e3o ortodoxo\u00a0 dizendo que JESUS EXPLICAVA A FILIPE QUE ERA O PAI PERTO DELE!\u00a0 Esse tipo de\u00a0 cegueira religiosa \u00e9 o que mais fomenta a MENTIRA, em vez de revelar a VERDADE!\u00a0 Jesus estava dizendo a Filipe que O PAI ESTAVA COM ELE \u2013 EM \u201cMIM\u201d &#8211; &#8211; NA <strong><em>\u201cUNIDADE PERFEITA\u201d<\/em><\/strong> EM QUE JESUS SE VIA E IGUALMENTE VIA FILIPE, BEM COMO VIA TODOS N\u00d3S&#8221;!<\/span><\/h2>\n<h2 style=\"text-align: center;\"><span style=\"color: #666699;\">O desconhecimento de que DEUS \u00c9 TUDO, E QUE \u00c9 O <strong><em>&#8220;CRISTO PRONTO&#8221;<\/em>\u00a0 <\/strong>QUE SOMOS, \u00e9 a ILUS\u00c3O de que \u201csomos carnais\u201d, destinados a evoluir, reencarnar ou ressuscitar!\u00a0 TODAS ESTAS CREN\u00c7AS FALSAS SE EVAPORAM, DIANTE DA PR\u00c1TICA CORRETA A VERDADE!\u00a0 Ela nos ensina a <strong><em>&#8220;nos despojarmos do velho homem e seus feitos&#8221;,<\/em><\/strong> para nos percebermos sendo o que verdadeiramente somos: O CRISTO CONSUMADO!<\/span><\/h2>\n<h2 style=\"text-align: center;\"><span style=\"color: #666699;\">O enfoque absoluto da Verdade exp\u00f5e a Verdade que TODOS J\u00c1 SOMOS, que \u00e9 a VERDADE ABSOLUTA de que <em><strong>DEUS \u00c9 \u00daNICO, \u00c9 TUDO, e que\u00a0 NADA H\u00c1, SEN\u00c3O DEUS!<\/strong><\/em><\/span><\/h2>\n<h2 style=\"text-align: center;\"><span style=\"color: #666699;\"><em><strong> *<\/strong><\/em><\/span><\/h2>\n","protected":false},"excerpt":{"rendered":"<p>A B\u00edblia declara a famosa cita\u00e7\u00e3o de que HOMEM E MULHER FORAM CRIADOS \u00c0 IMAGEM E SEMELHAN\u00c7A DE DEUS.\u00a0 Em seu Evangelho, Jo\u00e3o repetiu esta mesma Verdade, dizendo que O VERBO ERA DEUS, E SEM ELE, NADA DO QUE FOI FEITO SE FEZ\u201d.\u00a0 Como DEUS \u00c9 ESP\u00cdRITO, tanto o Antigo como o Novo Testamento\u00a0 atestam &hellip; <\/p>\n<p class=\"link-more\"><a href=\"https:\/\/www.fachodeluz.blog.br\/wp\/2018\/12\/04\/o-cristo-feito-e-o-irreal-mortal-nascido\/\" class=\"more-link\">Leia mais<span class=\"screen-reader-text\"> &#8220;O &#8220;CRISTO FEITO&#8221; E O IRREAL &#8220;MORTAL NASCIDO&#8221;!&#8221;<\/span><\/a><\/p>\n","protected":false},"author":2,"featured_media":0,"comment_status":"open","ping_status":"closed","sticky":false,"template":"","format":"standard","meta":{"nf_dc_page":"","_crdt_document":"","footnotes":""},"categories":[10],"tags":[],"class_list":["post-23510","post","type-post","status-publish","format-standard","hentry","category-darcio-dezolt"],"featured_media_urls":[],"_links":{"self":[{"href":"https:\/\/www.fachodeluz.blog.br\/wp\/wp-json\/wp\/v2\/posts\/23510","targetHints":{"allow":["GET"]}}],"collection":[{"href":"https:\/\/www.fachodeluz.blog.br\/wp\/wp-json\/wp\/v2\/posts"}],"about":[{"href":"https:\/\/www.fachodeluz.blog.br\/wp\/wp-json\/wp\/v2\/types\/post"}],"author":[{"embeddable":true,"href":"https:\/\/www.fachodeluz.blog.br\/wp\/wp-json\/wp\/v2\/users\/2"}],"replies":[{"embeddable":true,"href":"https:\/\/www.fachodeluz.blog.br\/wp\/wp-json\/wp\/v2\/comments?post=23510"}],"version-history":[{"count":0,"href":"https:\/\/www.fachodeluz.blog.br\/wp\/wp-json\/wp\/v2\/posts\/23510\/revisions"}],"wp:attachment":[{"href":"https:\/\/www.fachodeluz.blog.br\/wp\/wp-json\/wp\/v2\/media?parent=23510"}],"wp:term":[{"taxonomy":"category","embeddable":true,"href":"https:\/\/www.fachodeluz.blog.br\/wp\/wp-json\/wp\/v2\/categories?post=23510"},{"taxonomy":"post_tag","embeddable":true,"href":"https:\/\/www.fachodeluz.blog.br\/wp\/wp-json\/wp\/v2\/tags?post=23510"}],"curies":[{"name":"wp","href":"https:\/\/api.w.org\/{rel}","templated":true}]}}