{"id":23563,"date":"2018-12-13T13:34:18","date_gmt":"2018-12-13T15:34:18","guid":{"rendered":"http:\/\/fachodeluz.blog.br\/wp\/?p=23563"},"modified":"2018-12-13T14:25:39","modified_gmt":"2018-12-13T16:25:39","slug":"teu-deus-te-ensina-e-instrui-acerca-do-que-tens-de-fazer","status":"publish","type":"post","link":"https:\/\/www.fachodeluz.blog.br\/wp\/2018\/12\/13\/teu-deus-te-ensina-e-instrui-acerca-do-que-tens-de-fazer\/","title":{"rendered":"\u201cTEU DEUS TE ENSINA E INSTRUI ACERCA DO QUE TENS DE FAZER!\u201d"},"content":{"rendered":"<p style=\"text-align: center;\"><span style=\"color: #993300;\"><a style=\"color: #993300;\" href=\"https:\/\/i0.wp.com\/fachodeluz.blog.br\/wp\/wp-content\/uploads\/2018\/12\/ISA%C3%8DAS-B.jpg\"><img data-recalc-dims=\"1\" loading=\"lazy\" decoding=\"async\" loading=\"lazy\" class=\"aligncenter size-full wp-image-23564\" src=\"https:\/\/i0.wp.com\/fachodeluz.blog.br\/wp\/wp-content\/uploads\/2018\/12\/ISA%C3%8DAS-B.jpg?resize=530%2C343\" alt=\"\" width=\"530\" height=\"343\" srcset=\"https:\/\/i0.wp.com\/www.fachodeluz.blog.br\/wp\/wp-content\/uploads\/2018\/12\/ISA%C3%8DAS-B.jpg?w=530&amp;ssl=1 530w, https:\/\/i0.wp.com\/www.fachodeluz.blog.br\/wp\/wp-content\/uploads\/2018\/12\/ISA%C3%8DAS-B.jpg?resize=300%2C194&amp;ssl=1 300w\" sizes=\"auto, (max-width: 530px) 100vw, 530px\" \/><\/a><\/span><\/p>\n<h2 style=\"text-align: center;\"><span style=\"color: #993300;\">Quando algu\u00e9m se depara com inesperadas situa\u00e7\u00f5es do \u201cmundo de apar\u00eancias\u201d,\u00a0 a primeira rea\u00e7\u00e3o costuma ser de apreens\u00e3o , por acreditar que as \u201capar\u00eancias\u201d, boas ou m\u00e1s, sejam realidades. Quanto mais r\u00e1pida e imediata for a percep\u00e7\u00e3o de que O UNIVERSO REAL \u00c9 INVIS\u00cdVEL E DE HARMONIA ONIPRESENTE, mais rapidamente o \u201cfluxo da ilus\u00e3o\u201d se mostrar\u00e1 travado e interrompido!<\/span><\/h2>\n<h2 style=\"text-align: center;\"><span style=\"color: #993300;\">H\u00e1, por\u00e9m, situa\u00e7\u00f5es que deixam as pessoas inseguras e n\u00e3o sabendo como agir; nesses casos, muitas costumam endossar a <em>ilus\u00e3o,<\/em> por acharem necessitar da opini\u00e3o de parentes, de amigos, ou mesmo de psic\u00f3logos. Para tais casos, o\u00a0 mais adequado e correto \u00e9 seguirem o que disse Isa\u00edas: ! <strong><em>\u201dInclina teus ouvidos e ouve\u00a0 Minha Voz. Atende a Meu discurso. Teu Deus te ensina e instrui\u00a0 acerca do que tens a fazer\u201d<\/em> <\/strong>(Isa\u00edas, 28: 23,26).<\/span><\/h2>\n<h2 style=\"text-align: center;\"><span style=\"color: #993300;\">O \u201cdiscurso de Deus\u201d poder\u00e1 ser pressentido na hora da medita\u00e7\u00e3o contemplativa, como tamb\u00e9m, em momentos posteriores. Cada um dever\u00e1 permanecer na tranquilidade m\u00e1xima,\u00a0 na certeza de que a Voz de Deus aparecer\u00e1 como caminho a ser seguido. Para tanto, \u00e9 necess\u00e1rio estar alerta\u00a0 \u00e0 percep\u00e7\u00e3o da \u201cMinha Voz\u201d, que \u00e9 a suave Voz do Deus\u00a0 que Se manifesta <strong><em>como<\/em><\/strong> o Cristo que <em><strong>voc\u00ea \u00e9!<\/strong><\/em><\/span><\/h2>\n<h2 style=\"text-align: center;\"><span style=\"color: #993300;\">Isa\u00edas disse tamb\u00e9m: <strong><em>\u201cTens os ouvidos abertos, mas nada ouves. Pede, pois: \u201cSenhor, desperta os ouvidos para que eu ou\u00e7a!\u201d.<\/em>\u00a0 <\/strong>Esta ora\u00e7\u00e3o atua como\u00a0 TROCA DE REFERENCIAL, quando nos identificamos com o Sentido espiritual por calarmos a suposta \u201cmente humana\u201d.<\/span><\/h2>\n<h2 style=\"text-align: center;\"><span style=\"color: #993300;\">A &#8220;<strong><em>Unidade Perfeita&#8221;<\/em><\/strong> , que formamos, \u00e9 INVIS\u00cdVEL aos supostos sentidos humanos. Al\u00e9m de INVIS\u00cdVEL, \u00e9 ONIPRESENTE, PERFEITA E PERMA1NENTE! <\/span><\/h2>\n<h2 style=\"text-align: center;\"><span style=\"color: #993300;\">\u00c9 ela o pr\u00f3prio\u00a0 REINO DE DEUS, revelado por Jesus como<em><strong> \u201cpresente no mundo inteiro\u201d,<\/strong> <\/em>mas sem poder ser visto pela mente humana. <\/span><\/h2>\n<h2 style=\"text-align: center;\"><span style=\"color: #993300;\"><em><strong>Que v\u00ea a suposta \u201cmente humana\u201d?<\/strong><\/em> A <em><strong>ILUS\u00c3O!<\/strong>\u00a0 <\/em>O CHAMADO <em><strong>\u201cMUNDO DO PAI DA MENTIRA&#8221;,<\/strong> <\/em>MERAS <em><strong>APAR\u00caNCIAS FRAUDULENTAS<\/strong><\/em>\u00a0 COM AS QUAIS\u00a0 N\u00c3O PODEMOS NOS IDENTIFICAR!<\/span><\/h2>\n<h2 style=\"text-align: center;\"><span style=\"color: #993300;\">S\u00e3o estes os princ\u00edpios contidos nas falas libertadoras de Isa\u00edas aqui citadas, e que devem ser praticados \u201csem pressa alguma&#8221; de ver resultados!\u00a0<\/span><\/h2>\n<h2 style=\"text-align: center;\"><span style=\"color: #993300;\"> A ATEN\u00c7\u00c3O DEVER\u00c1 ESTAR <em><strong>TODA VOLTADA<\/strong><\/em> \u00c0 <em><strong>PERMAN\u00caNCIA NOS PRINC\u00cdPIOS,<\/strong><\/em> PARA QUE ELES POSSAM PREDOMINAR E COMPROVAR QUE A <em><strong>HARMONIA DIVINA \u00c9 O QUE REALMENTE \u00c9,<\/strong><\/em> ENQUANTO AS\u00a0 <em><strong>&#8220;APAR\u00caNCIAS&#8221;,<\/strong><\/em>\u00a0 DESARM\u00d4NICAS\u00a0 OU N\u00c3O, S\u00c3O PURAS <em><strong>&#8220;SOMBRAS&#8221;\u00a0<\/strong><\/em> OU <em><strong>\u201cMIRAGENS\u201d,<\/strong><\/em>\u00a0 SEM REALIDADE, E SEM SUBST\u00c2NCIA DIVINA!<\/span><\/h2>\n<h2><\/h2>\n<h2 style=\"text-align: center;\"><span style=\"color: #993300;\">*<\/span><\/h2>\n<h2 style=\"text-align: center;\"><\/h2>\n<h2 style=\"text-align: center;\"><\/h2>\n<h2 style=\"text-align: center;\"><\/h2>\n","protected":false},"excerpt":{"rendered":"<p>Quando algu\u00e9m se depara com inesperadas situa\u00e7\u00f5es do \u201cmundo de apar\u00eancias\u201d,\u00a0 a primeira rea\u00e7\u00e3o costuma ser de apreens\u00e3o , por acreditar que as \u201capar\u00eancias\u201d, boas ou m\u00e1s, sejam realidades. Quanto mais r\u00e1pida e imediata for a percep\u00e7\u00e3o de que O UNIVERSO REAL \u00c9 INVIS\u00cdVEL E DE HARMONIA ONIPRESENTE, mais rapidamente o \u201cfluxo da ilus\u00e3o\u201d se &hellip; <\/p>\n<p class=\"link-more\"><a href=\"https:\/\/www.fachodeluz.blog.br\/wp\/2018\/12\/13\/teu-deus-te-ensina-e-instrui-acerca-do-que-tens-de-fazer\/\" class=\"more-link\">Leia mais<span class=\"screen-reader-text\"> &#8220;\u201cTEU DEUS TE ENSINA E INSTRUI ACERCA DO QUE TENS DE FAZER!\u201d&#8221;<\/span><\/a><\/p>\n","protected":false},"author":2,"featured_media":0,"comment_status":"open","ping_status":"closed","sticky":false,"template":"","format":"standard","meta":{"nf_dc_page":"","_crdt_document":"","footnotes":""},"categories":[10],"tags":[],"class_list":["post-23563","post","type-post","status-publish","format-standard","hentry","category-darcio-dezolt"],"featured_media_urls":[],"_links":{"self":[{"href":"https:\/\/www.fachodeluz.blog.br\/wp\/wp-json\/wp\/v2\/posts\/23563","targetHints":{"allow":["GET"]}}],"collection":[{"href":"https:\/\/www.fachodeluz.blog.br\/wp\/wp-json\/wp\/v2\/posts"}],"about":[{"href":"https:\/\/www.fachodeluz.blog.br\/wp\/wp-json\/wp\/v2\/types\/post"}],"author":[{"embeddable":true,"href":"https:\/\/www.fachodeluz.blog.br\/wp\/wp-json\/wp\/v2\/users\/2"}],"replies":[{"embeddable":true,"href":"https:\/\/www.fachodeluz.blog.br\/wp\/wp-json\/wp\/v2\/comments?post=23563"}],"version-history":[{"count":0,"href":"https:\/\/www.fachodeluz.blog.br\/wp\/wp-json\/wp\/v2\/posts\/23563\/revisions"}],"wp:attachment":[{"href":"https:\/\/www.fachodeluz.blog.br\/wp\/wp-json\/wp\/v2\/media?parent=23563"}],"wp:term":[{"taxonomy":"category","embeddable":true,"href":"https:\/\/www.fachodeluz.blog.br\/wp\/wp-json\/wp\/v2\/categories?post=23563"},{"taxonomy":"post_tag","embeddable":true,"href":"https:\/\/www.fachodeluz.blog.br\/wp\/wp-json\/wp\/v2\/tags?post=23563"}],"curies":[{"name":"wp","href":"https:\/\/api.w.org\/{rel}","templated":true}]}}