{"id":23591,"date":"2018-12-18T12:53:27","date_gmt":"2018-12-18T14:53:27","guid":{"rendered":"http:\/\/fachodeluz.blog.br\/wp\/?p=23591"},"modified":"2018-12-18T13:23:54","modified_gmt":"2018-12-18T15:23:54","slug":"o-veu-de-veronica","status":"publish","type":"post","link":"https:\/\/www.fachodeluz.blog.br\/wp\/2018\/12\/18\/o-veu-de-veronica\/","title":{"rendered":"O &#8220;V\u00c9U DE VER\u00d4NICA&#8221;"},"content":{"rendered":"<h2 style=\"text-align: center;\"><span style=\"color: #752727;\"><a style=\"color: #752727;\" href=\"https:\/\/i0.wp.com\/fachodeluz.blog.br\/wp\/wp-content\/uploads\/2018\/12\/verinica2A.jpg\"><img data-recalc-dims=\"1\" loading=\"lazy\" decoding=\"async\" loading=\"lazy\" class=\"aligncenter size-full wp-image-23593\" src=\"https:\/\/i0.wp.com\/fachodeluz.blog.br\/wp\/wp-content\/uploads\/2018\/12\/verinica2A.jpg?resize=520%2C660\" alt=\"\" width=\"520\" height=\"660\" srcset=\"https:\/\/i0.wp.com\/www.fachodeluz.blog.br\/wp\/wp-content\/uploads\/2018\/12\/verinica2A.jpg?w=520&amp;ssl=1 520w, https:\/\/i0.wp.com\/www.fachodeluz.blog.br\/wp\/wp-content\/uploads\/2018\/12\/verinica2A.jpg?resize=236%2C300&amp;ssl=1 236w\" sizes=\"auto, (max-width: 520px) 100vw, 520px\" \/><\/a><\/span><\/h2>\n<h2 style=\"text-align: center;\"><span style=\"color: #752727;\">Por mais que o \u201dMUNDO FENOM\u00caNICO\u201d pare\u00e7a existir , n\u00e3o passa ele de uma \u201cforma\u00e7\u00e3o mental ilus\u00f3ria\u201d que, assim \u00a0como ocorre com os sonhos, jamais sai do \u00e2mbito mental para ser \u201cexteriorizado\u201d como fatos verdadeiros. Em vista disso, Jesus o chamou de<strong><em> \u201cmundo do pai da mentira\u201d.<\/em><\/strong><\/span><\/h2>\n<h2 style=\"text-align: center;\"><span style=\"color: #752727;\">Esta \u201cforma\u00e7\u00e3o mental\u201d \u00a0nos pode dar a impress\u00e3o de ser \u201cmundo verdadeiro\u201d,\u00a0 por ser \u201ccoletiva\u2019\u201d, isto \u00e9, \u00e9 ILUS\u00c3O entendida como REALIDADE pela humanidade toda, raz\u00e3o pela qual \u00e9 denominada <em><strong>\u201cILUS\u00c3O DE MASSA\u201d.<\/strong><\/em><\/span><\/h2>\n<h2 style=\"text-align: center;\"><span style=\"color: #752727;\">Quando a pessoa \u201cv\u00ea l\u00e1 fora\u201d este mundo, est\u00e1 vendo esta ILUS\u00c3O DE MASSA,\u00a0 que atua como \u201cv\u00e9u\u201d a encobrir os <strong><em>FATOS REAIS, &#8220;AS OBRAS PERMANENTES DE DEUS&#8221;, PERFEITAS E INTOC\u00c1VEIS!<\/em><\/strong><\/span><\/h2>\n<h2 style=\"text-align: center;\"><span style=\"color: #752727;\">Consta, no livro ap\u00f3crifo \u00a0<strong><em>\u201cAtos de Pilatos\u201d,<\/em><\/strong> a passagem em que uma mulher de Jerusal\u00e9m, chamada Ver\u00f4nica, sentiu- condo\u00edda, ao presenciar o sofrimento de Jesus enquanto ele carregava sua cruz; \u00a0conseguindo se aproximar dele, \u00a0utilizou \u00a0o seu v\u00e9u como toalha, \u00a0a fim de limpar-lhe o rosto ensanguentado. E ent\u00e3o, olhando para o v\u00e9u, logo depois, constatou que nele havia ficado gravada a imagem do rosto de Jesus.<\/span><\/h2>\n<h2 style=\"text-align: center;\"><span style=\"color: #752727;\">Que sentido tem esta passagem? Ela explica que TODAS AS IMAGENS DE SOFRIMENTO S\u00c3O \u201cIMAGENS IMPRESSAS NO V\u00c9U\u201d CHAMADO <em><strong>\u201cILUS\u00c3O DE MASSA&#8221;<\/strong><\/em>!\u00a0 EXPLICA QUE N\u00c3O H\u00c1 DORES NEM SOFRIMENTOS REAIS PARA JESUS NEM\u00a0 PARA <strong><em>QUALQUER OUTRO<\/em><\/strong>\u00a0 FILHO DE DEUS! REVELA QUE <em>JESUS ESTAVA ALI PRESENTE COMO O \u201cEU SOU&#8221; QUE EXISTE \u201cDESDE ANTES QUE ABRA\u00c3O EXISTISSE\u201d,<\/em> N\u00c3O SENDO, POR MOMENTO ALGUM, A <em><strong>IMAGEM FALSA<\/strong> <\/em>REGISTRADA NO \u201cV\u00c9U DE VER\u00d4NICA\u201d.<\/span><\/h2>\n<h2 style=\"text-align: center;\"><span style=\"color: #752727;\">Mais dia, menos dia, sempre ser\u00e1 O AGORA em que este \u201cV\u00e9u coletivo\u201d ser\u00e1 descartado como \u201cNADA HIPN\u00d3TICO&#8221;, levando cada Filho de Deus a se PERCEBER EM SUA IMAGEM VERDADEIRA, ETERNA E PERFEITA!<\/span><\/h2>\n<h2 style=\"text-align: center;\"><span style=\"color: #752727;\">Para isto, assim disse Paulo:<\/span><\/h2>\n<h2 style=\"text-align: center;\"><strong><em><span style=\"color: #752727;\">&#8220;Daqui por diante, a ningu\u00e9m conhecemos segundo a carne, e, ainda que tamb\u00e9m tenhamos conhecido Cristo segundo a carne, contudo, agora, j\u00e1 o n\u00e3o conhecemos deste modo.&#8221;<\/span><\/em><\/strong><\/h2>\n<h4 style=\"text-align: center;\"><span style=\"color: #752727;\">2 Cor. 5:16<\/span><\/h4>\n<h4 style=\"text-align: center;\"><span style=\"color: #752727;\"> *<br \/>\n<\/span><\/h4>\n","protected":false},"excerpt":{"rendered":"<p>Por mais que o \u201dMUNDO FENOM\u00caNICO\u201d pare\u00e7a existir , n\u00e3o passa ele de uma \u201cforma\u00e7\u00e3o mental ilus\u00f3ria\u201d que, assim \u00a0como ocorre com os sonhos, jamais sai do \u00e2mbito mental para ser \u201cexteriorizado\u201d como fatos verdadeiros. Em vista disso, Jesus o chamou de \u201cmundo do pai da mentira\u201d. Esta \u201cforma\u00e7\u00e3o mental\u201d \u00a0nos pode dar a impress\u00e3o &hellip; <\/p>\n<p class=\"link-more\"><a href=\"https:\/\/www.fachodeluz.blog.br\/wp\/2018\/12\/18\/o-veu-de-veronica\/\" class=\"more-link\">Leia mais<span class=\"screen-reader-text\"> &#8220;O &#8220;V\u00c9U DE VER\u00d4NICA&#8221;&#8221;<\/span><\/a><\/p>\n","protected":false},"author":2,"featured_media":0,"comment_status":"open","ping_status":"closed","sticky":false,"template":"","format":"standard","meta":{"nf_dc_page":"","_crdt_document":"","footnotes":""},"categories":[10],"tags":[],"class_list":["post-23591","post","type-post","status-publish","format-standard","hentry","category-darcio-dezolt"],"featured_media_urls":[],"_links":{"self":[{"href":"https:\/\/www.fachodeluz.blog.br\/wp\/wp-json\/wp\/v2\/posts\/23591","targetHints":{"allow":["GET"]}}],"collection":[{"href":"https:\/\/www.fachodeluz.blog.br\/wp\/wp-json\/wp\/v2\/posts"}],"about":[{"href":"https:\/\/www.fachodeluz.blog.br\/wp\/wp-json\/wp\/v2\/types\/post"}],"author":[{"embeddable":true,"href":"https:\/\/www.fachodeluz.blog.br\/wp\/wp-json\/wp\/v2\/users\/2"}],"replies":[{"embeddable":true,"href":"https:\/\/www.fachodeluz.blog.br\/wp\/wp-json\/wp\/v2\/comments?post=23591"}],"version-history":[{"count":0,"href":"https:\/\/www.fachodeluz.blog.br\/wp\/wp-json\/wp\/v2\/posts\/23591\/revisions"}],"wp:attachment":[{"href":"https:\/\/www.fachodeluz.blog.br\/wp\/wp-json\/wp\/v2\/media?parent=23591"}],"wp:term":[{"taxonomy":"category","embeddable":true,"href":"https:\/\/www.fachodeluz.blog.br\/wp\/wp-json\/wp\/v2\/categories?post=23591"},{"taxonomy":"post_tag","embeddable":true,"href":"https:\/\/www.fachodeluz.blog.br\/wp\/wp-json\/wp\/v2\/tags?post=23591"}],"curies":[{"name":"wp","href":"https:\/\/api.w.org\/{rel}","templated":true}]}}