{"id":23643,"date":"2018-12-27T12:39:47","date_gmt":"2018-12-27T14:39:47","guid":{"rendered":"http:\/\/fachodeluz.blog.br\/wp\/?p=23643"},"modified":"2018-12-28T01:01:22","modified_gmt":"2018-12-28T03:01:22","slug":"voce-em-cristo-e-seu-mestre","status":"publish","type":"post","link":"https:\/\/www.fachodeluz.blog.br\/wp\/2018\/12\/27\/voce-em-cristo-e-seu-mestre\/","title":{"rendered":"VOC\u00ca , EM CRISTO, \u00c9 SEU MESTRE!"},"content":{"rendered":"<h2 style=\"text-align: center;\"><span style=\"color: #800000;\"><a style=\"color: #800000;\" href=\"https:\/\/i0.wp.com\/fachodeluz.blog.br\/wp\/wp-content\/uploads\/2018\/12\/mestres-1a.jpg\"><img data-recalc-dims=\"1\" loading=\"lazy\" decoding=\"async\" loading=\"lazy\" class=\"aligncenter size-full wp-image-23644\" src=\"https:\/\/i0.wp.com\/fachodeluz.blog.br\/wp\/wp-content\/uploads\/2018\/12\/mestres-1a.jpg?resize=520%2C346\" alt=\"\" width=\"520\" height=\"346\" srcset=\"https:\/\/i0.wp.com\/www.fachodeluz.blog.br\/wp\/wp-content\/uploads\/2018\/12\/mestres-1a.jpg?w=520&amp;ssl=1 520w, https:\/\/i0.wp.com\/www.fachodeluz.blog.br\/wp\/wp-content\/uploads\/2018\/12\/mestres-1a.jpg?resize=300%2C200&amp;ssl=1 300w\" sizes=\"auto, (max-width: 520px) 100vw, 520px\" \/><\/a><\/span><\/h2>\n<h3 style=\"text-align: center;\"><span style=\"color: #800000;\"><em>\u201cNem vos chameis mestres, porque um s\u00f3 \u00e9 o vosso Mestre, que \u00e9 o Cristo\u201d.<\/em><\/span><\/h3>\n<h3 style=\"text-align: center;\"><span style=\"color: #800000;\">Mateus, 23: 10<\/span><\/h3>\n<h2 style=\"text-align: center;\"><span style=\"color: #800000;\">A err\u00f4nea identifica\u00e7\u00e3o com \u201ccarnal mortal\u201d \u00e9 a aparente causa de \u201cbusca externa\u201d por Deus, gurus ou mestres, e por \u201cilumina\u00e7\u00e3o espiritual\u201d. Jesus marcou em destaque esta fal\u00e1cia toda, oriunda da enganadora, acusadora e ilus\u00f3ria \u201cmente carnal\u201d.<\/span><\/h2>\n<h2><\/h2>\n<h2 style=\"text-align: center;\"><span style=\"color: #800000;\">A aceita\u00e7\u00e3o incondicional da Verdade Absoluta, DEUS \u00c9 TUDO <em><strong>COMO<\/strong><\/em> TUDO, deixa-nos identificados com o CRISTO, nossa eterna e real identidade!\u00a0 Se o mundo procurasse viver este \u201crenascimento\u201d, que \u00e9 a identifica\u00e7\u00e3o plena com a Verdade, n\u00e3o ter\u00edamos tantas aberra\u00e7\u00f5es faladas em nome de Deus\u00a0 nem tampouco a volumosa quantidade de <strong><em>\u201cdoutrinas v\u00e1rias e estranhas\u201d<\/em> <\/strong>a que a humanidade se mostra atra\u00edda, com cada um sempre procurando <strong><em>FORA<\/em><\/strong> o que, <strong><em>desde o princ\u00edpio,<\/em><\/strong> est\u00e1 <strong><em>DENTRO<\/em><\/strong>\u00a0 DE SI MESMO!<\/span><\/h2>\n<h2><\/h2>\n<h2 style=\"text-align: center;\"><span style=\"color: #800000;\">O \u00a0fanatismo religioso, que domina grande n\u00famero de pessoas, desvia todas elas de seu pr\u00f3prio \u00edntimo, atraindo a aten\u00e7\u00e3o para supostos \u201cdeuses\u201d ou \u201cmestres\u201d externos!\u00a0 Enquanto isso ocorre, o DEUS REAL EM CADA UMA acaba passando por &#8220;despercebido&#8221; e sendo\u00a0 o grande \u201cesquecido\u201d!<\/span><\/h2>\n<h2><\/h2>\n<h2 style=\"text-align: center;\"><span style=\"color: #800000;\">Jesus revelou o <strong><em>\u201cPai em Mim\u201d<\/em> <\/strong>como feitor de suas obras. Conhecia-se internamente UM COM O PAI numa Unidade Perfeita! \u00a0Exclu\u00eda TODA POSSIBILIDADE de haver \u201cmestres espirituais\u201d sem que fossem este \u201cPai em MIM\u201d, que \u00e9 O PAI EM CADA FILHO DE DEUS!.\u00a0 Para isso, a suposta \u201cmente carnal\u201d ter\u00e1 de<\/span><\/h2>\n<h2 style=\"text-align: center;\"><span style=\"color: #800000;\">sair de cena, deixando DEUS EM N\u00d3S totalmente livre para Se revelar e Se mostrar sendo o pr\u00f3prio SER<em><strong> \u201cEU SOU\u201d<\/strong><\/em> QUE SOMOS!<\/span><\/h2>\n<h2 style=\"text-align: center;\"><span style=\"color: #800000;\"><strong><em>&#8220;FORA DE MIM, N\u00c3O H\u00c1 DEUS&#8221;<\/em> <\/strong>&#8211; disse Isa\u00edas!<\/span><\/h2>\n<h2 style=\"text-align: center;\"><span style=\"color: #800000;\">O papel do ensinamento absoluto \u00e9 endossar o FOCO de cada um em <strong><em>SI MESMO,<\/em> <\/strong>como ensinaram todos os mensageiros da Verdade; contudo, os mensageiros foram tornados \u201cFOCOS&#8221;, fazendo com que\u00a0 a CREN\u00c7A EM MORTAIS se perpetuasse!<\/span><\/h2>\n<h2><\/h2>\n<h2 style=\"text-align: center;\"><span style=\"color: #800000;\"><strong><em> \u201cSe EU N\u00c3O FOR, o Consolador n\u00e3o vir\u00e1 a v\u00f3s\u201d,<\/em> <\/strong>disse Jesus! <strong><em>\u201cGlorificai a Deus no VOSSO CORPO e no VOSSO ESP\u00cdRITO\u201d,<\/em> <\/strong>disse Paulo; <strong><em>\u201cQuem CR\u00ca NO FILHO tem EM SI MESMO o testemunho\u201d,<\/em> <\/strong>disse Jo\u00e3o!<\/span><\/h2>\n<h2 style=\"text-align: center;\"><span style=\"color: #800000;\">Enquanto O DEUS EM CADA FILHO for ignorado e deixado de lado, pelos DESVIOS enganadores apresentados pela suposta\u2019 \u201cmente carnal\u201d, a VERDADE <strong><em>\u201cDEUS \u00c9 TUDO\u201d<\/em> <\/strong>deixar\u00e1 de ser reconhecida, contemplada e vivida!<\/span><\/h2>\n<h2><\/h2>\n<h2 style=\"text-align: center;\"><span style=\"color: #800000;\">DEUS \u00c9 TUDO, A MENTE \u00daNICA,\u00a0 E A NOSSA MENTE! <strong><em>\u201cTEMOS A MENTE DE CRISTO\u201d<\/em>\u00a0 (<\/strong>1 Cor. 2: 16).\u00a0 <\/span><\/h2>\n<h2 style=\"text-align: center;\"><span style=\"color: #800000;\">DEDIQUE-SE ASSIDUAMENTE \u00c0 CONTEMPLA\u00c7\u00c3O DESTAS VERDADES, AO PONTO DE UNICAMENTE<strong><em> \u201cADORAR O SENHOR TEU DEUS\u201d<\/em> , A FIM DE\u00a0 P<\/strong>ERCEBER \u201cSER ELE&#8221;\u00a0 <strong><em>O SEU CRISTO E\u00a0 SEU &#8220;MESTRE\u201d! <\/em><\/strong><\/span><\/h2>\n<h2 style=\"text-align: center;\"><span style=\"color: #800000;\"><strong><em>*<br \/>\n<\/em><\/strong><\/span><\/h2>\n<p>&nbsp;<\/p>\n","protected":false},"excerpt":{"rendered":"<p>\u201cNem vos chameis mestres, porque um s\u00f3 \u00e9 o vosso Mestre, que \u00e9 o Cristo\u201d. Mateus, 23: 10 A err\u00f4nea identifica\u00e7\u00e3o com \u201ccarnal mortal\u201d \u00e9 a aparente causa de \u201cbusca externa\u201d por Deus, gurus ou mestres, e por \u201cilumina\u00e7\u00e3o espiritual\u201d. Jesus marcou em destaque esta fal\u00e1cia toda, oriunda da enganadora, acusadora e ilus\u00f3ria \u201cmente carnal\u201d. &hellip; <\/p>\n<p class=\"link-more\"><a href=\"https:\/\/www.fachodeluz.blog.br\/wp\/2018\/12\/27\/voce-em-cristo-e-seu-mestre\/\" class=\"more-link\">Leia mais<span class=\"screen-reader-text\"> &#8220;VOC\u00ca , EM CRISTO, \u00c9 SEU MESTRE!&#8221;<\/span><\/a><\/p>\n","protected":false},"author":2,"featured_media":0,"comment_status":"open","ping_status":"closed","sticky":false,"template":"","format":"standard","meta":{"nf_dc_page":"","_crdt_document":"","footnotes":""},"categories":[10],"tags":[],"class_list":["post-23643","post","type-post","status-publish","format-standard","hentry","category-darcio-dezolt"],"featured_media_urls":[],"_links":{"self":[{"href":"https:\/\/www.fachodeluz.blog.br\/wp\/wp-json\/wp\/v2\/posts\/23643","targetHints":{"allow":["GET"]}}],"collection":[{"href":"https:\/\/www.fachodeluz.blog.br\/wp\/wp-json\/wp\/v2\/posts"}],"about":[{"href":"https:\/\/www.fachodeluz.blog.br\/wp\/wp-json\/wp\/v2\/types\/post"}],"author":[{"embeddable":true,"href":"https:\/\/www.fachodeluz.blog.br\/wp\/wp-json\/wp\/v2\/users\/2"}],"replies":[{"embeddable":true,"href":"https:\/\/www.fachodeluz.blog.br\/wp\/wp-json\/wp\/v2\/comments?post=23643"}],"version-history":[{"count":0,"href":"https:\/\/www.fachodeluz.blog.br\/wp\/wp-json\/wp\/v2\/posts\/23643\/revisions"}],"wp:attachment":[{"href":"https:\/\/www.fachodeluz.blog.br\/wp\/wp-json\/wp\/v2\/media?parent=23643"}],"wp:term":[{"taxonomy":"category","embeddable":true,"href":"https:\/\/www.fachodeluz.blog.br\/wp\/wp-json\/wp\/v2\/categories?post=23643"},{"taxonomy":"post_tag","embeddable":true,"href":"https:\/\/www.fachodeluz.blog.br\/wp\/wp-json\/wp\/v2\/tags?post=23643"}],"curies":[{"name":"wp","href":"https:\/\/api.w.org\/{rel}","templated":true}]}}