{"id":23730,"date":"2019-01-08T12:24:18","date_gmt":"2019-01-08T14:24:18","guid":{"rendered":"http:\/\/fachodeluz.blog.br\/wp\/?p=23730"},"modified":"2019-01-08T12:24:18","modified_gmt":"2019-01-08T14:24:18","slug":"primeiramente-reconheca-ser-o-cristo","status":"publish","type":"post","link":"https:\/\/www.fachodeluz.blog.br\/wp\/2019\/01\/08\/primeiramente-reconheca-ser-o-cristo\/","title":{"rendered":"PRIMEIRAMENTE,  RECONHE\u00c7A SER O CRISTO!"},"content":{"rendered":"<h2 style=\"text-align: center;\"><\/h2>\n<h2 style=\"text-align: center;\"><span style=\"color: #197485;\"><a style=\"color: #197485;\" href=\"https:\/\/i0.wp.com\/fachodeluz.blog.br\/wp\/wp-content\/uploads\/2019\/01\/cris-e.jpg\"><img data-recalc-dims=\"1\" loading=\"lazy\" decoding=\"async\" loading=\"lazy\" class=\"aligncenter size-full wp-image-23731\" src=\"https:\/\/i0.wp.com\/fachodeluz.blog.br\/wp\/wp-content\/uploads\/2019\/01\/cris-e.jpg?resize=520%2C387\" alt=\"\" width=\"520\" height=\"387\" srcset=\"https:\/\/i0.wp.com\/www.fachodeluz.blog.br\/wp\/wp-content\/uploads\/2019\/01\/cris-e.jpg?w=520&amp;ssl=1 520w, https:\/\/i0.wp.com\/www.fachodeluz.blog.br\/wp\/wp-content\/uploads\/2019\/01\/cris-e.jpg?resize=300%2C223&amp;ssl=1 300w\" sizes=\"auto, (max-width: 520px) 100vw, 520px\" \/><\/a><\/span><\/h2>\n<h2 style=\"text-align: center;\"><span style=\"color: #197485;\">Quando Paulo se inteirou do fato real e permanente, ou seja,\u00a0 de que ERA O CRISTO ETERNO, e n\u00e3o o PAULO CARNAL que vinha se fazendo passar por ele, propagou o mesmo fato como v\u00e1lido para todos n\u00f3s: <em><strong>\u201cCRISTO \u00c9 TUDO EM TODOS\u201d<\/strong><\/em>, disse ele (Col. 3: 11),<\/span><\/h2>\n<h2 style=\"text-align: center;\"><span style=\"color: #197485;\">O enfoque absoluto da Verdade, como n\u00e3o poderia deixar de ser, \u00e9 ABSOLUTO, DIRETO E IMEDIATO! N\u00e3o ensina \u201cconscientiza\u00e7\u00e3o temporal da Verdade\u201d, uma vez que a Mente \u00fanica que temos \u00e9 DIVINA, e conhece a Verdade toda\u2019! Por isso, <strong><em>PRIMEIRAMENTE, RECONHE\u00c7A SER O CRISTO, SER A VERDADE, SER &#8220;O PAI EVIDENCIADO COMO FILHO&#8221;,<\/em>\u00a0 e isto <\/strong>logo no in\u00edcio de suas contempla\u00e7\u00f5es absolutas! Elas n\u00e3o s\u00e3o feitas para outro fim, sen\u00e3o para o de ENDOSSARMOS E GLORIFICARMOS O SER DIVINO QUE SOMOS!<\/span><\/h2>\n<h2 style=\"text-align: center;\"><span style=\"color: #197485;\">\u201cGlorificar a Deus&#8221; significa \u201cglorificar o Pai\u201d em nosso Corpo de Luz e em nosso Esp\u00edrito!\u00a0 \u00c9 preciso recha\u00e7ar as cren\u00e7as supostamente &#8220;religiosas&#8221; para PERMANECERMOS <strong><em>&#8220;EM MIM&#8221;,<\/em><\/strong>\u00a0 no <em><strong>&#8220;EU SOU&#8221;<\/strong> <\/em>ABSOLUTO, manifesto <em>como<\/em> O CRISTO QUE SOMOS!<\/span><\/h2>\n<h2 style=\"text-align: center;\"><span style=\"color: #197485;\">A Verdade n\u00e3o \u00e9 captada pela \u201cmente em ilus\u00e3o\u201d, raz\u00e3o pela qual esta \u201cmente falsa\u201d\u00a0\u00a0 s\u00f3 reconhece\u00a0 \u201cmat\u00e9ria\u201d e \u201ccorpos carnais\u201d!\u00a0 Por isso \u00e9 chamada de <strong><em>\u201ca inimizade contra Deus\u201d!<\/em><\/strong>\u00a0 TRANSMITE A MENTIRA, POIS S\u00d3 CONSEGUE CAPTAR O <strong><em>\u201cMUNDO DO PAI DA MENTIRA\u201d!<\/em><\/strong><\/span><\/h2>\n<h2 style=\"text-align: center;\"><span style=\"color: #197485;\">N\u00e3o temos v\u00ednculo algum com este mundo ilus\u00f3rio! Jesus deu este testemunho em toda a sua prega\u00e7\u00e3o, para que suas revela\u00e7\u00f5es fossem imediatamente vividas!<\/span><\/h2>\n<h2 style=\"text-align: center;\"><span style=\"color: #197485;\"><strong><em>\u201cEu vim para que TODOS tenham vida, e vida com abund\u00e2ncia\u201d,<\/em> <\/strong>disse Jesus. Revelava o\u00a0 <em><strong>\u201cEU VINDO\u00a0 igualmente EM TODOS N\u00d3S\u201d,<\/strong> <\/em>ou seja, REVELAVA NOSSA NATUREZA REAL, PLENA E DIVINA!<\/span><\/h2>\n<h2 style=\"text-align: center;\"><span style=\"color: #197485;\">Enfatize sempre, e para SI MESMO, que\u00a0 O CRISTO \u00c9 QUEM VOC\u00ca \u00c9!\u00a0 Fa\u00e7a\u00a0 \u201cpausas de sil\u00eancio\u201d, destinadas \u00e0 PERCEP\u00c7\u00c3O CONTINUADA\u00a0 desta Verdade afian\u00e7ada por\u00a0 Deus! <\/span><\/h2>\n<h2 style=\"text-align: center;\"><span style=\"color: #197485;\">A VERDADE \u00c9 PERMANENTE : <strong><em>\u201cDEUS \u00c9 O FILHO QUE VOC\u00ca \u00c9!&#8221; &#8211;<\/em><\/strong>\u00a0 SEM COME\u00c7O, SEM MUDAN\u00c7A E SEM FIM!<\/span><\/h2>\n<h2 style=\"text-align: center;\"><span style=\"color: #197485;\">Aceitar SER O CRISTO significa SER LUZ DO MUNDO, rejeitando a ILUS\u00c3O de ser \u201cpecador\u201d ou\u00a0 ser \u201caspirante \u00e0 ilumina\u00e7\u00e3o&#8221; ! Estes conceitos apenas traduzem a &#8220;CREN\u00c7A NO BEM E NO MAL\u201d, QUE \u00c9 MENTIROSA!<\/span><\/h2>\n<h2 style=\"text-align: center;\"><span style=\"color: #197485;\">Sem ver a NINGU\u00c9M sem ser o CRISTO,\u00a0 do alto do monte, Jesus bradava a todos os seus ouvintes:<\/span><\/h2>\n<h2 style=\"text-align: center;\"><span style=\"color: #197485;\"><strong><em> \u201cV\u00d3S SOIS\u00a0 A LUZ DO MUNDO\u201d!\u00a0 &#8220;V\u00d3S SOIS O SAL DA TERRA&#8221;!<\/em><\/strong><\/span><\/h2>\n<h2 style=\"text-align: center;\"><span style=\"color: #197485;\">REJEITE AS MENTIRAS VEICULADAS POR RELIGI\u00d5ES, DENOMINA\u00c7\u00d5ES E DOUTRINAS DO MUNDO! Acredite em Deus, no Filho que VOC\u00ca \u00e9, e no testemunho dado por\u00a0 Deus sobre cada Filho, que, como disse Jo\u00e3o, \u00e9 afian\u00e7ado por Deus:<\/span><\/h2>\n<h2><\/h2>\n<h3 style=\"text-align: center;\"><span style=\"color: #197485;\"><em><strong>&#8220;Ora, quem cr\u00ea no Filho de Deus tem em si mesmo esse testemunho. Todavia, todo aquele que n\u00e3o deposita f\u00e9 em Deus o faz mentiroso, porquanto n\u00e3o cr\u00ea no testemunho que Deus proclama acerca do seu Filho.\u00a0 E o testemunho \u00e9 este: que Deus nos concedeu a vida eterna, e essa vida est\u00e1 em seu Filho!<\/strong> &#8221;\u00a0 <\/em><\/span><\/h3>\n<h3 style=\"text-align: center;\"><span style=\"color: #197485;\">1 Jo\u00e3o, 5: 10 <\/span><\/h3>\n<h3 style=\"text-align: center;\"><span style=\"color: #197485;\">*<\/span><\/h3>\n<p>&nbsp;<\/p>\n","protected":false},"excerpt":{"rendered":"<p>Quando Paulo se inteirou do fato real e permanente, ou seja,\u00a0 de que ERA O CRISTO ETERNO, e n\u00e3o o PAULO CARNAL que vinha se fazendo passar por ele, propagou o mesmo fato como v\u00e1lido para todos n\u00f3s: \u201cCRISTO \u00c9 TUDO EM TODOS\u201d, disse ele (Col. 3: 11), O enfoque absoluto da Verdade, como n\u00e3o &hellip; <\/p>\n<p class=\"link-more\"><a href=\"https:\/\/www.fachodeluz.blog.br\/wp\/2019\/01\/08\/primeiramente-reconheca-ser-o-cristo\/\" class=\"more-link\">Leia mais<span class=\"screen-reader-text\"> &#8220;PRIMEIRAMENTE,  RECONHE\u00c7A SER O CRISTO!&#8221;<\/span><\/a><\/p>\n","protected":false},"author":2,"featured_media":0,"comment_status":"open","ping_status":"closed","sticky":false,"template":"","format":"standard","meta":{"nf_dc_page":"","_crdt_document":"","footnotes":""},"categories":[10],"tags":[],"class_list":["post-23730","post","type-post","status-publish","format-standard","hentry","category-darcio-dezolt"],"featured_media_urls":[],"_links":{"self":[{"href":"https:\/\/www.fachodeluz.blog.br\/wp\/wp-json\/wp\/v2\/posts\/23730","targetHints":{"allow":["GET"]}}],"collection":[{"href":"https:\/\/www.fachodeluz.blog.br\/wp\/wp-json\/wp\/v2\/posts"}],"about":[{"href":"https:\/\/www.fachodeluz.blog.br\/wp\/wp-json\/wp\/v2\/types\/post"}],"author":[{"embeddable":true,"href":"https:\/\/www.fachodeluz.blog.br\/wp\/wp-json\/wp\/v2\/users\/2"}],"replies":[{"embeddable":true,"href":"https:\/\/www.fachodeluz.blog.br\/wp\/wp-json\/wp\/v2\/comments?post=23730"}],"version-history":[{"count":0,"href":"https:\/\/www.fachodeluz.blog.br\/wp\/wp-json\/wp\/v2\/posts\/23730\/revisions"}],"wp:attachment":[{"href":"https:\/\/www.fachodeluz.blog.br\/wp\/wp-json\/wp\/v2\/media?parent=23730"}],"wp:term":[{"taxonomy":"category","embeddable":true,"href":"https:\/\/www.fachodeluz.blog.br\/wp\/wp-json\/wp\/v2\/categories?post=23730"},{"taxonomy":"post_tag","embeddable":true,"href":"https:\/\/www.fachodeluz.blog.br\/wp\/wp-json\/wp\/v2\/tags?post=23730"}],"curies":[{"name":"wp","href":"https:\/\/api.w.org\/{rel}","templated":true}]}}