{"id":23804,"date":"2019-01-22T13:28:40","date_gmt":"2019-01-22T15:28:40","guid":{"rendered":"http:\/\/fachodeluz.blog.br\/wp\/?p=23804"},"modified":"2019-01-22T13:37:16","modified_gmt":"2019-01-22T15:37:16","slug":"o-cristo-pronto-a-verdade-e-o-eu-nascido-a-mentira","status":"publish","type":"post","link":"https:\/\/www.fachodeluz.blog.br\/wp\/2019\/01\/22\/o-cristo-pronto-a-verdade-e-o-eu-nascido-a-mentira\/","title":{"rendered":"O &#8220;CRISTO PRONTO&#8221;, A VERDADE, E O &#8220;EU NASCIDO&#8221;, A MENTIRA!"},"content":{"rendered":"<p style=\"text-align: center;\"><span style=\"color: #7a3131;\"><a style=\"color: #7a3131;\" href=\"https:\/\/i0.wp.com\/fachodeluz.blog.br\/wp\/wp-content\/uploads\/2019\/01\/pentecostes-A1.jpg\"><img data-recalc-dims=\"1\" loading=\"lazy\" decoding=\"async\" loading=\"lazy\" class=\"aligncenter size-full wp-image-23805\" src=\"https:\/\/i0.wp.com\/fachodeluz.blog.br\/wp\/wp-content\/uploads\/2019\/01\/pentecostes-A1.jpg?resize=530%2C331\" alt=\"\" width=\"530\" height=\"331\" srcset=\"https:\/\/i0.wp.com\/www.fachodeluz.blog.br\/wp\/wp-content\/uploads\/2019\/01\/pentecostes-A1.jpg?w=530&amp;ssl=1 530w, https:\/\/i0.wp.com\/www.fachodeluz.blog.br\/wp\/wp-content\/uploads\/2019\/01\/pentecostes-A1.jpg?resize=300%2C187&amp;ssl=1 300w\" sizes=\"auto, (max-width: 530px) 100vw, 530px\" \/><\/a><\/span><\/p>\n<h2 style=\"text-align: center;\"><span style=\"color: #7a3131;\">A ass\u00eddua <em><strong>Pr\u00e1tica do Sil\u00eancio<\/strong><\/em>\u00a0 \u00e9 essencial para que a Verdade, \u201cDEUS \u00c9 TUDO\u201d, possa ser reconhecida a ponto de percebermos que unicamente DEUS constitui o Ser Absoluto que somos! <\/span><\/h2>\n<h2 style=\"text-align: center;\"><span style=\"color: #7a3131;\"><strong><em>\u201cNa quietude e no sil\u00eancio residem a nossa fortaleza\u201d,<\/em> <\/strong>declarou Isa\u00edas.<\/span><\/h2>\n<h2 style=\"text-align: center;\"><span style=\"color: #7a3131;\">O suposto \u201cmundo material\u201d \u00e9 um ilus\u00f3rio \u201cdrama mental\u201d sugerido pela suposta \u201cmente carnal\u201d, que criou, hipnoticamente. um \u201cser nascido na carne\u201d,\u00a0\u00a0 <strong><em>imposs\u00edvel de existir verdadeiramente! \u00a0<\/em> <\/strong>ISTO <strong><em>PORQUE DEUS \u00c9 ESP\u00cdRITO, TUDO \u00c9 ESP\u00cdRITO, <\/em><em>TUDO \u00c9 DEUS,<\/em>E INEXISTE, PORTANTO,\u00a0 <em>\u201cCARNAL NASCIDO EM DEUS\u201d,<\/em> <\/strong>apesar de a humanidade, sob uma CREN\u00c7A HIPN\u00d3TICA COLETIVA, insistir em acreditar em <em><strong>\u201cmundo material\u201d.<\/strong><\/em><\/span><\/h2>\n<h2 style=\"text-align: center;\"><span style=\"color: #7a3131;\"><strong><em>\u201cO MEU REINO N\u00c3O \u00c9 DESTE MUNDO\u201d<\/em><\/strong> \u2013 disse Jesus, o que deveria nos bastar para desacreditar desta CREN\u00c7A MATERIAL completamente falsa! <em>\u201cV\u00d3S, DESTE MUNDO, N\u00c3O SOIS\u201d<\/em> \u2013 disse tamb\u00e9m ele, pois pretendia <strong><em>ISOLAR-NOS DESTE\u00a0 MUNDO\u00a0 FANTASIOSO E HIPN\u00d3TICO,<\/em> <\/strong>que n\u00e3o passa de um \u201cMUNDO DO PAI DA MENTIRA\u201d, COMO ELE PR\u00d3PRIO O CONSIDEROU, para que <strong><em>CADA UM SE CONHECESSE EM DEUS, PERFEITO COMO DEUS, EXPRESSANDO A TOTALIDADE DE DEUS EM SEU PR\u00d3PRIO SER INDIVIDUAL!<\/em> <\/strong><\/span><\/h2>\n<h2 style=\"text-align: center;\"><span style=\"color: #7a3131;\">ESTA \u00c9 A \u201cBOA NOVA&#8221;!\u00a0 ESTE \u00c9 O \u201cEVANGELHO\u201d!<\/span><\/h2>\n<h2 style=\"text-align: center;\"><span style=\"color: #7a3131;\">Se N\u00c3O SOMOS desta CREN\u00c7A HIPN\u00d3TICA, n\u00e3o s\u00e3o \u201cnossos\u201d os feitos de qualquer desses \u201cpersonagens hipn\u00f3ticos\u201d, raz\u00e3o pela qual Paulo ordenou que \u201cnos despoj\u00e1ssemos desse ser ilus\u00f3rio juntamente com TODOS OS SEUS HIPN\u00d3TICOS FEITOS! POR ISSO JESUS DESCONSIDERAVA &#8220;PECADOS&#8221;!<br \/>\n<\/span><\/h2>\n<h2 style=\"text-align: center;\"><span style=\"color: #7a3131;\">Aquele que se identifica com o mundo, estar\u00e1 tamb\u00e9m identificado<\/span><\/h2>\n<h2 style=\"text-align: center;\"><span style=\"color: #7a3131;\">\u00a0com a \u201cjusti\u00e7a do mundo\u201d, sujeitando-se \u00e0s \u201cacusa\u00e7\u00f5es pessoais\u201d de toda esp\u00e9cie, enquanto, de fato, CADA SER \u00c9 <strong><em>FILHO LEG\u00cdTIMO DE DEUS,<\/em> <\/strong>VIVENDO <strong><em>NO REINO<\/em><\/strong> E SOB A JUSTI\u00c7A DE DEUS, <em><strong>EM SUA GL\u00d3RIA INTOC\u00c1VEL E PERMANENTE!<\/strong><\/em><\/span><\/h2>\n<h2 style=\"text-align: center;\"><span style=\"color: #7a3131;\">\u201cBuscai, em <strong><em>PRIMEIRO LUGAR,<\/em><\/strong> o REINO DE DEUS\u00a0 e a\u00a0 SUA JUSTI\u00c7A\u201d \u2013 disse Jesus. Nosso ENCONTRO COM ESTA VERDADE \u00e9 o que de mais direto e simples pode\u00a0 existir!\u00a0 N\u00e3o apresenta nenhuma das \u201cdificuldades\u201d\u00a0 enumeradas pelas FALSAS CREN\u00c7AS DO MUNDO!\u00a0 Simplesmente ACATAMOS a Verdade com &#8220;cora\u00e7\u00e3o de menino&#8221;, cientes de que\u00a0<em><strong> DEUS \u00c9 TUDO COMO O CRISTO QUE SOMOS!<\/strong> <\/em><\/span><\/h2>\n<h2 style=\"text-align: center;\"><span style=\"color: #7a3131;\">\u201cDespojarmo-nos do velho homem hipn\u00f3tico e de seus feitos, tamb\u00e9m hipn\u00f3ticos, significa diretamente meditarmos para contemplar DEUS, EM ONIA\u00c7\u00c3O,\u00a0 <em><strong>SENDO DEUS MESMO<\/strong><\/em>\u00a0 COMO O FILHO QUE NELE &#8220;OCULTO&#8221; TODOS\u00a0 SOMOS, OU SEJA, O CRISTO! <\/span><\/h2>\n<h2 style=\"text-align: center;\"><span style=\"color: #7a3131;\">N\u00e3o teremos de \u201canular&#8221; o suposto carnal das CREN\u00c7AS FALSAS!\u00a0\u00a0 J\u00c1\u00a0 \u00c9 SEMPRE &#8220;PRESEN\u00c7A NULA&#8221;! <em><strong>CABE-NOS RECONHECER DIRETAMENTE QUEM VERDADEIRA E ETERNAMENTE SOMOS: <\/strong><\/em><\/span><\/h2>\n<h2 style=\"text-align: center;\"><em><strong><span style=\"color: #7a3131;\">O CRISTO CONSUMADO!<\/span><\/strong><\/em><\/h2>\n<h2 style=\"text-align: center;\"><span style=\"color: #7a3131;\">Um ser sob\u00a0 o hipnotismo da &#8220;mente carnal&#8221; pode se ver, e de imediato, liberto das\u00a0 suas\u00a0 \u201csugest\u00f5es hipn\u00f3ticas\u201d,\u00a0 simplesmente por &#8220;estalar os dedos&#8221; e delas se desviar,\u00a0 <em><strong>confirmando &#8220;ter a Mente de Cristo&#8221;, a Mente reveladora da realidade dos fatos!<\/strong> <\/em><\/span><\/h2>\n<h2><\/h2>\n<h2 style=\"text-align: center;\"><span style=\"color: #7a3131;\">ASSIM \u00c9 O CONHECIMENTO DA VERDADE: SOMOS A LUZ DO MUNDO, O SAL DA TERRA, \u201cUM COM DEUS\u201d E, PORTANTO,\u00a0 SOMOS DEUSES!\u00a0 TODO SUPOSTO \u201cCARNAL\u201d \u00c9 \u201cIMAGEM HIPN\u00d3TICA\u201d, E MAIS NADA\u2019!\u00a0 A B\u00cdBLIA OS CHAMA DE \u201cMORTOS\u201d, UMA VEZ QUE <em><strong>UNICAMENTE DEUS \u00c9 VIDA,<\/strong>\u00a0 <\/em>ENQUANTO\u00a0 \u201cO QUE \u00c9 NASCIDO DA CARNE \u00c9 CARNE&#8221;, IRREALIDADE, ENQUANTO<strong><em> \u201cSOMOS TODOS NASCIDOS DO ESP\u00cdRITO&#8221;!<\/em><\/strong><\/span><\/h2>\n<h2><\/h2>\n<h2 style=\"text-align: center;\"><span style=\"color: #7a3131;\">RECONHE\u00c7A O FILHO DO DEUS VIVO SENDO VOC\u00ca, E O \u201cCARNAL\u201d, QUE SE FAZIA PASSAR POR VOC\u00ca, COMO &#8220;AUS\u00caNCIA&#8221;,\u00a0 SUMIDO\u00a0 EM SUA ORIGIN\u00c1RIA NULIDADE!\u00a0 ERA \u201cFIGURA\u201d DO MUNDO DO PAI DA MENTIRA, HIPN\u00d3TICA, SEM REALIDADE E SEM VIDA, MERO EMBUSTE DA MENTE CARNAL,\u00a0 DO <em><strong>&#8220;SATAN\u00c1S&#8221;,<\/strong>\u00a0 <\/em>O PAI DA MENTIRA: <em><strong>MENTIROSO DESDE O PRINC\u00cdPIO!<\/strong><\/em><\/span><\/h2>\n<h2 style=\"text-align: center;\"><span style=\"color: #7a3131;\">COMPREENDENDO SER <em><strong>VOC\u00ca<\/strong><\/em>\u00a0 O \u201cCRISTO PRONTO EM DEUS&#8221; , E\u00a0 O SUPOSTO \u201cCARNAL\u201d SER\u00a0 PURA MENTIRA, PURO NADA, <em><strong>VOC\u00ca<\/strong> <\/em>COMPREENDER\u00c1 <em><strong>ESTAR \u201cRESSUSCITADO DENTRE OS MORTOS&#8221;,\u00a0 PARA SE VER NA UNIDADE PERFEITA, EM SUA PERFEI\u00c7\u00c3O E GL\u00d3RIA ETERNAS!<\/strong><\/em><\/span><\/h2>\n<h2 style=\"text-align: center;\"><span style=\"color: #7a3131;\"><em><strong> *<\/strong><\/em><\/span><\/h2>\n","protected":false},"excerpt":{"rendered":"<p>A ass\u00eddua Pr\u00e1tica do Sil\u00eancio\u00a0 \u00e9 essencial para que a Verdade, \u201cDEUS \u00c9 TUDO\u201d, possa ser reconhecida a ponto de percebermos que unicamente DEUS constitui o Ser Absoluto que somos! \u201cNa quietude e no sil\u00eancio residem a nossa fortaleza\u201d, declarou Isa\u00edas. O suposto \u201cmundo material\u201d \u00e9 um ilus\u00f3rio \u201cdrama mental\u201d sugerido pela suposta \u201cmente carnal\u201d, &hellip; <\/p>\n<p class=\"link-more\"><a href=\"https:\/\/www.fachodeluz.blog.br\/wp\/2019\/01\/22\/o-cristo-pronto-a-verdade-e-o-eu-nascido-a-mentira\/\" class=\"more-link\">Leia mais<span class=\"screen-reader-text\"> &#8220;O &#8220;CRISTO PRONTO&#8221;, A VERDADE, E O &#8220;EU NASCIDO&#8221;, A MENTIRA!&#8221;<\/span><\/a><\/p>\n","protected":false},"author":2,"featured_media":0,"comment_status":"open","ping_status":"closed","sticky":false,"template":"","format":"standard","meta":{"nf_dc_page":"","_crdt_document":"","footnotes":""},"categories":[10],"tags":[],"class_list":["post-23804","post","type-post","status-publish","format-standard","hentry","category-darcio-dezolt"],"featured_media_urls":[],"_links":{"self":[{"href":"https:\/\/www.fachodeluz.blog.br\/wp\/wp-json\/wp\/v2\/posts\/23804","targetHints":{"allow":["GET"]}}],"collection":[{"href":"https:\/\/www.fachodeluz.blog.br\/wp\/wp-json\/wp\/v2\/posts"}],"about":[{"href":"https:\/\/www.fachodeluz.blog.br\/wp\/wp-json\/wp\/v2\/types\/post"}],"author":[{"embeddable":true,"href":"https:\/\/www.fachodeluz.blog.br\/wp\/wp-json\/wp\/v2\/users\/2"}],"replies":[{"embeddable":true,"href":"https:\/\/www.fachodeluz.blog.br\/wp\/wp-json\/wp\/v2\/comments?post=23804"}],"version-history":[{"count":0,"href":"https:\/\/www.fachodeluz.blog.br\/wp\/wp-json\/wp\/v2\/posts\/23804\/revisions"}],"wp:attachment":[{"href":"https:\/\/www.fachodeluz.blog.br\/wp\/wp-json\/wp\/v2\/media?parent=23804"}],"wp:term":[{"taxonomy":"category","embeddable":true,"href":"https:\/\/www.fachodeluz.blog.br\/wp\/wp-json\/wp\/v2\/categories?post=23804"},{"taxonomy":"post_tag","embeddable":true,"href":"https:\/\/www.fachodeluz.blog.br\/wp\/wp-json\/wp\/v2\/tags?post=23804"}],"curies":[{"name":"wp","href":"https:\/\/api.w.org\/{rel}","templated":true}]}}